{"id":15321,"date":"2021-05-12T11:18:44","date_gmt":"2021-05-12T09:18:44","guid":{"rendered":"http:\/\/reteitalianaism.it\/reteism\/?p=15321"},"modified":"2021-05-12T11:22:35","modified_gmt":"2021-05-12T09:22:35","slug":"sulla-violenza-e-gli-scontri-tra-palestinesi-e-israele-stato-apartheid","status":"publish","type":"post","link":"https:\/\/reteitalianaism.it\/reteism\/index.php\/2021\/05\/12\/sulla-violenza-e-gli-scontri-tra-palestinesi-e-israele-stato-apartheid\/","title":{"rendered":"Sulla \u201cviolenza\u201d e gli \u201cscontri\u201d tra palestinesi e Israele stato apartheid"},"content":{"rendered":"<p>11 maggio 2021 | Palestinian BDS National Committee (BNC)<\/p>\n<p><a href=\"https:\/\/bdsmovement.net\/news\/on-violence-clashes-between-palestinians-and-apartheid-israel\">https:\/\/bdsmovement.net\/news\/on-violence-clashes-between-palestinians-and-apartheid-israel\u00a0<\/a><\/p>\n<p><a href=\"http:\/\/reteitalianaism.it\/reteism\/wp-content\/uploads\/2021\/05\/184056317_4284138364964324_2376660684449124109_n_0.jpg\"><img loading=\"lazy\" decoding=\"async\" class=\" wp-image-15322 aligncenter\" src=\"http:\/\/reteitalianaism.it\/reteism\/wp-content\/uploads\/2021\/05\/184056317_4284138364964324_2376660684449124109_n_0-300x200.jpg\" alt=\"\" width=\"491\" height=\"327\" srcset=\"https:\/\/reteitalianaism.it\/reteism\/wp-content\/uploads\/2021\/05\/184056317_4284138364964324_2376660684449124109_n_0-300x200.jpg 300w, https:\/\/reteitalianaism.it\/reteism\/wp-content\/uploads\/2021\/05\/184056317_4284138364964324_2376660684449124109_n_0-768x512.jpg 768w, https:\/\/reteitalianaism.it\/reteism\/wp-content\/uploads\/2021\/05\/184056317_4284138364964324_2376660684449124109_n_0.jpg 1024w\" sizes=\"auto, (max-width: 491px) 100vw, 491px\" \/><\/a><\/p>\n<p>La maggior parte dei media tradizionali stanno ripetendo a pappagallo la propaganda di Israele, stato di apartheid, che equipara moralmente la violenza dell&#8217;oppressore\u00a0&#8211; una potenza nucleare &#8211; \u00a0alla resistenza degli oppressi.<br \/>\nIn un capovolgimento della verit\u00e0 tipicamente coloniale, si maschera la violenza dell&#8217;apartheid israeliano parlando di &#8220;scontri violenti&#8221; tra le &#8220;due parti&#8221;.<\/p>\n<p>Ecco 3 punti chiave da ricordare e segnalare o quando confuti questo mito:<!--more--><\/p>\n<p>Come dice l&#8217;educatore e filosofo brasiliano Paulo Freire,<\/p>\n<ol>\n<li><strong>\u201cCon l&#8217;instaurazione di un rapporto di oppressione, la violenza \u00e8 gi\u00e0 iniziata. Mai nella storia la violenza \u00e8 stata iniziata dagli oppressi. Come potrebbero essere gli iniziatori, se essi stessi sono il risultato della violenza? &#8230; Non ci sarebbero stati oppressi se non ci fossero state precedenti situazioni di violenza a stabilire la loro sottomissione. La violenza \u00e8 iniziata da coloro che opprimono, che sfruttano, che non riconoscono gli altri come persone, non da coloro che sono oppressi, sfruttati e non riconosciuti&#8221;.<\/strong><\/li>\n<li>Poich\u00e9 l&#8217;oppressione \u00e8 la causa principale della violenza, per porre fine a tutta la violenza &#8211; quella dell&#8217;oppressore e quella degli oppressi &#8211; dobbiamo agire per porre fine all&#8217;oppressione. Smascherare e porre fine alla complicit\u00e0 nel regime israeliano di apartheid, colonialismo e occupazione militare sono le forme di intervento pi\u00f9 etiche e strategiche per porre fine all&#8217;oppressione e alla violenza.<\/li>\n<li>Coloro che, come l&#8217;amministrazione degli Stati Uniti e l&#8217;UE, non solo tacciono di fronte all&#8217;oppressione israeliana dell&#8217;apartheid, ma sono profondamente coinvolti nel renderla possibile attraverso il commercio, la cooperazione in materia di sicurezza militare e la protezione dal prendersi le proprie responsabilit\u00e0, non hanno alcuna posizione morale per insegnare ai palestinesi oppressi come resistere all&#8217;oppressione. Sono complici nel commettere il crimine, in maniera pura e semplice.<\/li>\n<\/ol>\n<p>&nbsp;<\/p>\n<p>&nbsp;<\/p>\n","protected":false},"excerpt":{"rendered":"<p>11 maggio 2021 | Palestinian BDS National Committee (BNC) https:\/\/bdsmovement.net\/news\/on-violence-clashes-between-palestinians-and-apartheid-israel\u00a0 La maggior parte dei media tradizionali stanno ripetendo a pappagallo la propaganda di Israele, stato di apartheid, che equipara moralmente la violenza dell&#8217;oppressore\u00a0&#8211; una potenza nucleare &#8211; \u00a0alla resistenza degli &hellip; <a href=\"https:\/\/reteitalianaism.it\/reteism\/index.php\/2021\/05\/12\/sulla-violenza-e-gli-scontri-tra-palestinesi-e-israele-stato-apartheid\/\">Continue reading <span class=\"meta-nav\">&rarr;<\/span><\/a><\/p>\n","protected":false},"author":6,"featured_media":0,"comment_status":"open","ping_status":"open","sticky":false,"template":"","format":"standard","meta":{"footnotes":""},"categories":[3],"tags":[9,76,16],"class_list":["post-15321","post","type-post","status-publish","format-standard","hentry","category-info","tag-apartheid","tag-bds","tag-campagna-bds"],"_links":{"self":[{"href":"https:\/\/reteitalianaism.it\/reteism\/index.php\/wp-json\/wp\/v2\/posts\/15321","targetHints":{"allow":["GET"]}}],"collection":[{"href":"https:\/\/reteitalianaism.it\/reteism\/index.php\/wp-json\/wp\/v2\/posts"}],"about":[{"href":"https:\/\/reteitalianaism.it\/reteism\/index.php\/wp-json\/wp\/v2\/types\/post"}],"author":[{"embeddable":true,"href":"https:\/\/reteitalianaism.it\/reteism\/index.php\/wp-json\/wp\/v2\/users\/6"}],"replies":[{"embeddable":true,"href":"https:\/\/reteitalianaism.it\/reteism\/index.php\/wp-json\/wp\/v2\/comments?post=15321"}],"version-history":[{"count":1,"href":"https:\/\/reteitalianaism.it\/reteism\/index.php\/wp-json\/wp\/v2\/posts\/15321\/revisions"}],"predecessor-version":[{"id":15323,"href":"https:\/\/reteitalianaism.it\/reteism\/index.php\/wp-json\/wp\/v2\/posts\/15321\/revisions\/15323"}],"wp:attachment":[{"href":"https:\/\/reteitalianaism.it\/reteism\/index.php\/wp-json\/wp\/v2\/media?parent=15321"}],"wp:term":[{"taxonomy":"category","embeddable":true,"href":"https:\/\/reteitalianaism.it\/reteism\/index.php\/wp-json\/wp\/v2\/categories?post=15321"},{"taxonomy":"post_tag","embeddable":true,"href":"https:\/\/reteitalianaism.it\/reteism\/index.php\/wp-json\/wp\/v2\/tags?post=15321"}],"curies":[{"name":"wp","href":"https:\/\/api.w.org\/{rel}","templated":true}]}}