{"id":15606,"date":"2021-07-06T22:23:13","date_gmt":"2021-07-06T20:23:13","guid":{"rendered":"http:\/\/reteitalianaism.it\/reteism\/?p=15606"},"modified":"2021-07-06T22:23:36","modified_gmt":"2021-07-06T20:23:36","slug":"le-forze-israeliane-radono-al-suolo-un-edificio-scolastico-a-gerusalemme","status":"publish","type":"post","link":"https:\/\/reteitalianaism.it\/reteism\/index.php\/2021\/07\/06\/le-forze-israeliane-radono-al-suolo-un-edificio-scolastico-a-gerusalemme\/","title":{"rendered":"Le forze israeliane radono al suolo un edificio scolastico a Gerusalemme"},"content":{"rendered":"<p><a href=\"https:\/\/daysofpalestine.ps\/post\/16847\/Israeli-forces-raze-school-building-in-Jerusalem\">https:\/\/daysofpalestine.ps\/<\/a><br \/>\n<strong>06 luglio 2021<\/strong> \u00a0 \u00a0 \u00a0 \u00a0 \u00a0\u00a0<em>Gerusalemme<\/em><\/p>\n<p style=\"text-align: justify;\">L&#8217;autorit\u00e0 di occupazione israeliana marted\u00ec mattina ha demolito un edificio scolastico palestinese in costruzione nel sobborgo di as-Salam nella citt\u00e0 di Anata, a nord-est di Gerusalemme.<a href=\"http:\/\/reteitalianaism.it\/reteism\/index.php\/2021\/07\/06\/le-forze-israeliane-radono-al-suolo-un-edificio-scolastico-a-gerusalemme\/ctxq7\/\" rel=\"attachment wp-att-15607\"><img loading=\"lazy\" decoding=\"async\" class=\"aligncenter wp-image-15607\" src=\"http:\/\/reteitalianaism.it\/reteism\/wp-content\/uploads\/2021\/07\/CtxQ7-300x150.jpeg\" alt=\"\" width=\"492\" height=\"246\" srcset=\"https:\/\/reteitalianaism.it\/reteism\/wp-content\/uploads\/2021\/07\/CtxQ7-300x150.jpeg 300w, https:\/\/reteitalianaism.it\/reteism\/wp-content\/uploads\/2021\/07\/CtxQ7.jpeg 700w\" sizes=\"auto, (max-width: 492px) 100vw, 492px\" \/><\/a><\/p>\n<p style=\"text-align: justify;\">Secondo fonti locali, bulldozer scortati da un gran numero di forze dell&#8217;ordine hanno fatto irruzione nel sobborgo e si sono lanciati nell&#8217;abbattimento dell&#8217;edificio scolastico.<\/p>\n<p style=\"text-align: justify;\">Le autorit\u00e0 di occupazione israeliane hanno giustificato la misura sostenendo che la scuola era stata costruita senza permessi. \u00c8 lo stesso pretesto usato sistematicamente da Israele per effettuare demolizioni e sfollare famiglie palestinesi a Gerusalemme.<!--more--><\/p>\n<p style=\"text-align: justify;\">Nel frattempo, le forze di polizia si sono scontrate con i giovani locali arrabbiati mentre i bulldozer hanno iniziato a radere al suolo la scuola e hanno impedito ai giornalisti e ai residenti locali di entrare nell&#8217;area di demolizione.<\/p>\n<p style=\"text-align: justify;\">Anche un giovane locale \u00e8 stato interrogato e trattenuto dalle forze dell&#8217;ordine nello stesso sobborgo.<\/p>\n","protected":false},"excerpt":{"rendered":"<p>https:\/\/daysofpalestine.ps\/ 06 luglio 2021 \u00a0 \u00a0 \u00a0 \u00a0 \u00a0\u00a0Gerusalemme L&#8217;autorit\u00e0 di occupazione israeliana marted\u00ec mattina ha demolito un edificio scolastico palestinese in costruzione nel sobborgo di as-Salam nella citt\u00e0 di Anata, a nord-est di Gerusalemme. Secondo fonti locali, bulldozer scortati &hellip; <a href=\"https:\/\/reteitalianaism.it\/reteism\/index.php\/2021\/07\/06\/le-forze-israeliane-radono-al-suolo-un-edificio-scolastico-a-gerusalemme\/\">Continue reading <span class=\"meta-nav\">&rarr;<\/span><\/a><\/p>\n","protected":false},"author":2,"featured_media":0,"comment_status":"open","ping_status":"open","sticky":false,"template":"","format":"standard","meta":{"footnotes":""},"categories":[3],"tags":[21,23,82],"class_list":["post-15606","post","type-post","status-publish","format-standard","hentry","category-info","tag-demolizioni","tag-diritti-umani","tag-gerusalemme-est"],"_links":{"self":[{"href":"https:\/\/reteitalianaism.it\/reteism\/index.php\/wp-json\/wp\/v2\/posts\/15606","targetHints":{"allow":["GET"]}}],"collection":[{"href":"https:\/\/reteitalianaism.it\/reteism\/index.php\/wp-json\/wp\/v2\/posts"}],"about":[{"href":"https:\/\/reteitalianaism.it\/reteism\/index.php\/wp-json\/wp\/v2\/types\/post"}],"author":[{"embeddable":true,"href":"https:\/\/reteitalianaism.it\/reteism\/index.php\/wp-json\/wp\/v2\/users\/2"}],"replies":[{"embeddable":true,"href":"https:\/\/reteitalianaism.it\/reteism\/index.php\/wp-json\/wp\/v2\/comments?post=15606"}],"version-history":[{"count":2,"href":"https:\/\/reteitalianaism.it\/reteism\/index.php\/wp-json\/wp\/v2\/posts\/15606\/revisions"}],"predecessor-version":[{"id":15609,"href":"https:\/\/reteitalianaism.it\/reteism\/index.php\/wp-json\/wp\/v2\/posts\/15606\/revisions\/15609"}],"wp:attachment":[{"href":"https:\/\/reteitalianaism.it\/reteism\/index.php\/wp-json\/wp\/v2\/media?parent=15606"}],"wp:term":[{"taxonomy":"category","embeddable":true,"href":"https:\/\/reteitalianaism.it\/reteism\/index.php\/wp-json\/wp\/v2\/categories?post=15606"},{"taxonomy":"post_tag","embeddable":true,"href":"https:\/\/reteitalianaism.it\/reteism\/index.php\/wp-json\/wp\/v2\/tags?post=15606"}],"curies":[{"name":"wp","href":"https:\/\/api.w.org\/{rel}","templated":true}]}}