{"id":15613,"date":"2021-07-08T22:53:52","date_gmt":"2021-07-08T20:53:52","guid":{"rendered":"http:\/\/reteitalianaism.it\/reteism\/?p=15613"},"modified":"2021-07-08T22:54:46","modified_gmt":"2021-07-08T20:54:46","slug":"palestinese-rilasciato-dopo-65-giorni-di-sciopero-della-fame","status":"publish","type":"post","link":"https:\/\/reteitalianaism.it\/reteism\/index.php\/2021\/07\/08\/palestinese-rilasciato-dopo-65-giorni-di-sciopero-della-fame\/","title":{"rendered":"Palestinese rilasciato dopo 65 giorni di sciopero della fame"},"content":{"rendered":"<p>8 luglio 2021<\/p>\n<p><a href=\"https:\/\/www.middleeastmonitor.com\/20210708-hunger-striking-palestinian-prisoner-al-ghadanfar-abu-atwan-is-being-released-today-after-abstaining-from-food-for-65-days\/\">https:\/\/www.middleeastmonitor.com\/20210708-hunger-striking-palestinian-prisoner-al-ghadanfar-abu-atwan-is-being-released-today-after-abstaining-from-food-for-65-days\/<\/a><\/p>\n<div id=\"attachment_15614\" style=\"width: 471px\" class=\"wp-caption aligncenter\"><a href=\"http:\/\/reteitalianaism.it\/reteism\/wp-content\/uploads\/2021\/07\/website_thumbnail.00_00_30_12.Still001-1.jpg\"><img loading=\"lazy\" decoding=\"async\" aria-describedby=\"caption-attachment-15614\" class=\" wp-image-15614\" src=\"http:\/\/reteitalianaism.it\/reteism\/wp-content\/uploads\/2021\/07\/website_thumbnail.00_00_30_12.Still001-1-300x200.jpg\" alt=\"\" width=\"461\" height=\"307\" srcset=\"https:\/\/reteitalianaism.it\/reteism\/wp-content\/uploads\/2021\/07\/website_thumbnail.00_00_30_12.Still001-1-300x200.jpg 300w, https:\/\/reteitalianaism.it\/reteism\/wp-content\/uploads\/2021\/07\/website_thumbnail.00_00_30_12.Still001-1-1024x683.jpg 1024w, https:\/\/reteitalianaism.it\/reteism\/wp-content\/uploads\/2021\/07\/website_thumbnail.00_00_30_12.Still001-1-768x512.jpg 768w, https:\/\/reteitalianaism.it\/reteism\/wp-content\/uploads\/2021\/07\/website_thumbnail.00_00_30_12.Still001-1.jpg 1200w\" sizes=\"auto, (max-width: 461px) 100vw, 461px\" \/><\/a><p id=\"caption-attachment-15614\" class=\"wp-caption-text\">Il prigioniero palestinese in sciopero della fame Al-Ghadanfar Abu Atwan<\/p><\/div>\n<p>Il prigioniero palestinese in sciopero della fame Al-Ghadanfar Abu Atwan viene rilasciato oggi dopo 65 giorni di astinenza dal cibo.<\/p>\n<p>Il 28enne stava protestando contro il fatto di essere trattenuto in detenzione amministrativa &#8211; carcere senza accuse o processo &#8211; dalle forze di occupazione israeliane.<\/p>\n<p>La sorella di Al-Ghadanfar, Benazeer, e il suo avvocato, Jawad Boulos, hanno confermato che sar\u00e0 rilasciato pi\u00f9 tardi nella giornata di oggi e che l&#8217;ordine di detenzione amministrativa nei suoi confronti \u00e8 stato annullato.<!--more--><\/p>\n<p>La sua famiglia ha confermato che non porr\u00e0 fine al suo sciopero finch\u00e9 non sar\u00e0 con la sua famiglia e fuori dalla prigione israeliana.<\/p>\n<p>Al-Ghadanfar era stato detenuto nell&#8217;ottobre 2020 e tenuto in detenzione amministrativa per sei mesi, poi rinnovata, misura che lo ha spinto a lanciare uno sciopero della fame il 5 maggio, e da allora ha rifiutato ogni forma di cibo, comprese vitamine e integratori.<\/p>\n<p>Gli effetti dello sciopero hanno messo a dura prova la sua salute.<\/p>\n<p>&#8220;Ora sembra un fantasma di se stesso&#8221;, ha detto sua madre Majdoleen dopo avergli fatto visita la scorsa settimana. &#8220;Le sue guance sono vuote, il suo corpo \u00e8 cos\u00ec fragile, riesce a malapena a parlare, non pu\u00f2 camminare o addirittura muoversi&#8221;, ha detto.<\/p>\n<p>Al-Ghadanfar aveva trascorso quasi sette anni della sua vita dall&#8217;et\u00e0 di 19 anni in detenzione israeliana, essendo stato arrestato e imprigionato da Israele quattro volte. Tre delle sue quattro detenzioni, compresa l&#8217;ultima, sono state condanne alla detenzione amministrativa e ammontano a quasi cinque anni di carcere<\/p>\n","protected":false},"excerpt":{"rendered":"<p>8 luglio 2021 https:\/\/www.middleeastmonitor.com\/20210708-hunger-striking-palestinian-prisoner-al-ghadanfar-abu-atwan-is-being-released-today-after-abstaining-from-food-for-65-days\/ Il prigioniero palestinese in sciopero della fame Al-Ghadanfar Abu Atwan viene rilasciato oggi dopo 65 giorni di astinenza dal cibo. Il 28enne stava protestando contro il fatto di essere trattenuto in detenzione amministrativa &#8211; carcere senza &hellip; <a href=\"https:\/\/reteitalianaism.it\/reteism\/index.php\/2021\/07\/08\/palestinese-rilasciato-dopo-65-giorni-di-sciopero-della-fame\/\">Continue reading <span class=\"meta-nav\">&rarr;<\/span><\/a><\/p>\n","protected":false},"author":6,"featured_media":0,"comment_status":"open","ping_status":"open","sticky":false,"template":"","format":"standard","meta":{"footnotes":""},"categories":[3,67],"tags":[70,92],"class_list":["post-15613","post","type-post","status-publish","format-standard","hentry","category-info","category-prigionieri","tag-detenzione-amministrativa","tag-diritti-dei-prigionieri"],"_links":{"self":[{"href":"https:\/\/reteitalianaism.it\/reteism\/index.php\/wp-json\/wp\/v2\/posts\/15613","targetHints":{"allow":["GET"]}}],"collection":[{"href":"https:\/\/reteitalianaism.it\/reteism\/index.php\/wp-json\/wp\/v2\/posts"}],"about":[{"href":"https:\/\/reteitalianaism.it\/reteism\/index.php\/wp-json\/wp\/v2\/types\/post"}],"author":[{"embeddable":true,"href":"https:\/\/reteitalianaism.it\/reteism\/index.php\/wp-json\/wp\/v2\/users\/6"}],"replies":[{"embeddable":true,"href":"https:\/\/reteitalianaism.it\/reteism\/index.php\/wp-json\/wp\/v2\/comments?post=15613"}],"version-history":[{"count":1,"href":"https:\/\/reteitalianaism.it\/reteism\/index.php\/wp-json\/wp\/v2\/posts\/15613\/revisions"}],"predecessor-version":[{"id":15615,"href":"https:\/\/reteitalianaism.it\/reteism\/index.php\/wp-json\/wp\/v2\/posts\/15613\/revisions\/15615"}],"wp:attachment":[{"href":"https:\/\/reteitalianaism.it\/reteism\/index.php\/wp-json\/wp\/v2\/media?parent=15613"}],"wp:term":[{"taxonomy":"category","embeddable":true,"href":"https:\/\/reteitalianaism.it\/reteism\/index.php\/wp-json\/wp\/v2\/categories?post=15613"},{"taxonomy":"post_tag","embeddable":true,"href":"https:\/\/reteitalianaism.it\/reteism\/index.php\/wp-json\/wp\/v2\/tags?post=15613"}],"curies":[{"name":"wp","href":"https:\/\/api.w.org\/{rel}","templated":true}]}}