{"id":15676,"date":"2021-07-19T18:56:59","date_gmt":"2021-07-19T16:56:59","guid":{"rendered":"http:\/\/reteitalianaism.it\/reteism\/?p=15676"},"modified":"2021-07-19T19:01:32","modified_gmt":"2021-07-19T17:01:32","slug":"ben-e-jerrys-congela-le-vendite-di-gelati-negli-insediamenti-in-cisgiordania","status":"publish","type":"post","link":"https:\/\/reteitalianaism.it\/reteism\/index.php\/2021\/07\/19\/ben-e-jerrys-congela-le-vendite-di-gelati-negli-insediamenti-in-cisgiordania\/","title":{"rendered":"Ben &#038; Jerry&#8217;s congela le vendite di gelati negli insediamenti in Cisgiordania"},"content":{"rendered":"<p>19 luglio 2021<\/p>\n<p><a href=\"https:\/\/www.middleeastmonitor.com\/20210719-ben-and-jerrys-to-freeze-ice-cream-sales-in-west-bank-settlements\/\">https:\/\/www.middleeastmonitor.com\/20210719-ben-and-jerrys-to-freeze-ice-cream-sales-in-west-bank-settlements\/<\/a><\/p>\n<p><a href=\"http:\/\/reteitalianaism.it\/reteism\/wp-content\/uploads\/2021\/07\/GettyImages-1228107313-scaled-e1626710113821.jpeg\"><img loading=\"lazy\" decoding=\"async\" class=\" wp-image-15677 aligncenter\" src=\"http:\/\/reteitalianaism.it\/reteism\/wp-content\/uploads\/2021\/07\/GettyImages-1228107313-scaled-e1626710113821-300x200.jpeg\" alt=\"\" width=\"516\" height=\"344\" srcset=\"https:\/\/reteitalianaism.it\/reteism\/wp-content\/uploads\/2021\/07\/GettyImages-1228107313-scaled-e1626710113821-300x200.jpeg 300w, https:\/\/reteitalianaism.it\/reteism\/wp-content\/uploads\/2021\/07\/GettyImages-1228107313-scaled-e1626710113821-1024x683.jpeg 1024w, https:\/\/reteitalianaism.it\/reteism\/wp-content\/uploads\/2021\/07\/GettyImages-1228107313-scaled-e1626710113821-768x512.jpeg 768w, https:\/\/reteitalianaism.it\/reteism\/wp-content\/uploads\/2021\/07\/GettyImages-1228107313-scaled-e1626710113821.jpeg 1200w\" sizes=\"auto, (max-width: 516px) 100vw, 516px\" \/><\/a><\/p>\n<p>Ben &amp; Jerry&#8217;s ha annunciato oggi che &#8220;terminer\u00e0 le vendite del suo gelato nei territori palestinesi occupati&#8221;, con un&#8217;altra importante vittoria per il movimento di boicottaggio, disinvestimento e sanzioni (BDS).<\/p>\n<p>In una dichiarazione pubblicata sul suo sito Web, la societ\u00e0 ha dichiarato: &#8220;Riteniamo che sia incoerente con i nostri valori che il gelato di Ben &amp; Jerry venga venduto nei Territori palestinesi occupati (OPT). Ascoltiamo e riconosciamo anche le preoccupazioni condivise con noi da i nostri fan e partner di fiducia&#8221;.<!--more--><\/p>\n<p>La decisione non avr\u00e0 effetto immediato, ha affermato la societ\u00e0, in quanto dovr\u00e0 onorare i contratti esistenti, tuttavia &#8220;non rinnoveremo il contratto di licenza alla scadenza alla fine del prossimo anno&#8221;.<\/p>\n<p>Ben &amp; Jerry&#8217;s continuer\u00e0 a vendere in Israele.<\/p>\n<p>La societ\u00e0 \u00e8 stata oggetto della campagna di boicottaggio per anni, dopo che nel 2011, Vermonters for a Just Peace in Palestine\/Israel (VTJP) ha iniziato una discussione con Ben &amp; Jerry&#8217;s a South Burlington, Vermont, riguardo al loro rapporto contrattuale di lunga data con un franchising israeliano che produce gelato proprio in Israele e lo vende negli insediamenti israeliani nella Cisgiordania occupata ed a Gerusalemme est.<\/p>\n<p>Dal 2013, migliaia di individui e 239 organizzazioni in 20 paesi, tra cui Israele, e dal Distretto di Columbia e dai territori palestinesi occupati hanno invitato Ben &amp; Jerry&#8217;s a onorare la sua missione sociale interrompendo gli affari del suo franchising con gli insediamenti israeliani.<\/p>\n<p>L&#8217;azienda afferma chiaramente sul suo sito web che crede nell&#8217; &#8220;usare la propria attivit\u00e0 per rendere il mondo un posto migliore&#8221;, anche attraverso l&#8217;impegno &#8220;ad onorare i diritti di tutte le persone a vivere in libert\u00e0, sicurezza, autostima e libert\u00e0 di espressione e protesta&#8221; e &#8220;raggiungere equit\u00e0, pari opportunit\u00e0 e giustizia per le comunit\u00e0 di tutto il mondo che sono state storicamente emarginate&#8221;.<\/p>\n<p>Quando Jeff Farman &#8211; presidente del consiglio di amministrazione di Ben &amp; Jerry &#8211; si \u00e8 recato nella Palestina occupata nel 2012 con un gruppo di leader dei diritti civili americani, ha descritto quello che ha visto l\u00ec come &#8220;apartheid&#8221;, tuttavia nulla \u00e8 cambiato nella politica dell&#8217;azienda.<\/p>\n","protected":false},"excerpt":{"rendered":"<p>19 luglio 2021 https:\/\/www.middleeastmonitor.com\/20210719-ben-and-jerrys-to-freeze-ice-cream-sales-in-west-bank-settlements\/ Ben &amp; Jerry&#8217;s ha annunciato oggi che &#8220;terminer\u00e0 le vendite del suo gelato nei territori palestinesi occupati&#8221;, con un&#8217;altra importante vittoria per il movimento di boicottaggio, disinvestimento e sanzioni (BDS). In una dichiarazione pubblicata sul suo &hellip; <a href=\"https:\/\/reteitalianaism.it\/reteism\/index.php\/2021\/07\/19\/ben-e-jerrys-congela-le-vendite-di-gelati-negli-insediamenti-in-cisgiordania\/\">Continue reading <span class=\"meta-nav\">&rarr;<\/span><\/a><\/p>\n","protected":false},"author":6,"featured_media":0,"comment_status":"open","ping_status":"open","sticky":false,"template":"","format":"standard","meta":{"footnotes":""},"categories":[3],"tags":[76,84,53,155],"class_list":["post-15676","post","type-post","status-publish","format-standard","hentry","category-info","tag-bds","tag-colonie-illegali","tag-west-bank","tag-west-bank-occupata"],"_links":{"self":[{"href":"https:\/\/reteitalianaism.it\/reteism\/index.php\/wp-json\/wp\/v2\/posts\/15676","targetHints":{"allow":["GET"]}}],"collection":[{"href":"https:\/\/reteitalianaism.it\/reteism\/index.php\/wp-json\/wp\/v2\/posts"}],"about":[{"href":"https:\/\/reteitalianaism.it\/reteism\/index.php\/wp-json\/wp\/v2\/types\/post"}],"author":[{"embeddable":true,"href":"https:\/\/reteitalianaism.it\/reteism\/index.php\/wp-json\/wp\/v2\/users\/6"}],"replies":[{"embeddable":true,"href":"https:\/\/reteitalianaism.it\/reteism\/index.php\/wp-json\/wp\/v2\/comments?post=15676"}],"version-history":[{"count":2,"href":"https:\/\/reteitalianaism.it\/reteism\/index.php\/wp-json\/wp\/v2\/posts\/15676\/revisions"}],"predecessor-version":[{"id":15679,"href":"https:\/\/reteitalianaism.it\/reteism\/index.php\/wp-json\/wp\/v2\/posts\/15676\/revisions\/15679"}],"wp:attachment":[{"href":"https:\/\/reteitalianaism.it\/reteism\/index.php\/wp-json\/wp\/v2\/media?parent=15676"}],"wp:term":[{"taxonomy":"category","embeddable":true,"href":"https:\/\/reteitalianaism.it\/reteism\/index.php\/wp-json\/wp\/v2\/categories?post=15676"},{"taxonomy":"post_tag","embeddable":true,"href":"https:\/\/reteitalianaism.it\/reteism\/index.php\/wp-json\/wp\/v2\/tags?post=15676"}],"curies":[{"name":"wp","href":"https:\/\/api.w.org\/{rel}","templated":true}]}}