{"id":15688,"date":"2021-07-22T19:12:48","date_gmt":"2021-07-22T17:12:48","guid":{"rendered":"http:\/\/reteitalianaism.it\/reteism\/?p=15688"},"modified":"2021-07-22T19:12:48","modified_gmt":"2021-07-22T17:12:48","slug":"il-servizio-carcerario-israeliano-e-accusato-di-aver-picchiato-un-palestinese-morto-in-detenzione","status":"publish","type":"post","link":"https:\/\/reteitalianaism.it\/reteism\/index.php\/2021\/07\/22\/il-servizio-carcerario-israeliano-e-accusato-di-aver-picchiato-un-palestinese-morto-in-detenzione\/","title":{"rendered":"Il Servizio carcerario israeliano \u00e8 accusato di aver picchiato un palestinese morto in detenzione"},"content":{"rendered":"<p><a href=\"https:\/\/www.middleeasteye.net\/news\/palestine-israel-prison-service-accused-beating-palestinian-died-detention\">https:\/\/www.middleeasteye.net\/<\/a><\/p>\n<p><strong>22 luglio 2021\u00a0<\/strong><\/p>\n<p style=\"text-align: justify;\">I compagni di prigionia dicono di aver sentito Abdo Yousef al-Khatib urlare nella sua cella<\/p>\n<div id=\"attachment_15689\" style=\"width: 504px\" class=\"wp-caption aligncenter\"><a href=\"http:\/\/reteitalianaism.it\/reteism\/index.php\/2021\/07\/22\/il-servizio-carcerario-israeliano-e-accusato-di-aver-picchiato-un-palestinese-morto-in-detenzione\/abdo-youef-al-khatib-43-screengrab\/\" rel=\"attachment wp-att-15689\"><img loading=\"lazy\" decoding=\"async\" aria-describedby=\"caption-attachment-15689\" class=\" wp-image-15689\" src=\"http:\/\/reteitalianaism.it\/reteism\/wp-content\/uploads\/2021\/07\/Abdo-Youef-al-Khatib-43-screengrab-300x200.jpg\" alt=\"\" width=\"494\" height=\"329\" srcset=\"https:\/\/reteitalianaism.it\/reteism\/wp-content\/uploads\/2021\/07\/Abdo-Youef-al-Khatib-43-screengrab-300x200.jpg 300w, https:\/\/reteitalianaism.it\/reteism\/wp-content\/uploads\/2021\/07\/Abdo-Youef-al-Khatib-43-screengrab-1024x684.jpg 1024w, https:\/\/reteitalianaism.it\/reteism\/wp-content\/uploads\/2021\/07\/Abdo-Youef-al-Khatib-43-screengrab-768x513.jpg 768w, https:\/\/reteitalianaism.it\/reteism\/wp-content\/uploads\/2021\/07\/Abdo-Youef-al-Khatib-43-screengrab.jpg 1400w\" sizes=\"auto, (max-width: 494px) 100vw, 494px\" \/><\/a><p id=\"caption-attachment-15689\" class=\"wp-caption-text\">Abdo Yousef al-Khatib, 43 anni, era residente nel campo profughi di Shuafat a Gerusalemme est e padre di quattro figli (Social media)<\/p><\/div>\n<p style=\"text-align: justify;\">La famiglia di un palestinese morto mercoled\u00ec sera in un centro di detenzione israeliano ha accusato le autorit\u00e0 di averlo folgorato e picchiato mentre era in prigione.<\/p>\n<p style=\"text-align: justify;\">Abdo Yousef al-Khatib, 43 anni, residente nel campo profughi di Shuafat a Gerusalemme est, \u00e8 stato arrestato domenica per violazione del codice stradale, secondo la sua famiglia, e detenuto nel centro di detenzione israeliano di Moscovia, noto anche come al-Maskobia.<!--more--><\/p>\n<p style=\"text-align: justify;\">La famiglia ha accusato gli interrogatori israeliani a Maskobia di aver picchiato e fulminato Khatib, affermando che non soffriva di alcun problema di salute prima di essere arrestato.<\/p>\n<p style=\"text-align: justify;\">L&#8217;Israel Prison Service (IPS), un organismo responsabile della gestione delle carceri e dei centri di detenzione, ha affermato che Khatib \u00e8 stato &#8220;trovato privo di sensi&#8221; mercoled\u00ec sera a Maskobia. L&#8217;IPS ha affermato che il personale della prigione &#8220;ha tentato di rianimarlo, ma \u00e8 stato costretto a dichiararne la morte&#8221;.<\/p>\n<p style=\"text-align: justify;\">I detenuti palestinesi a Maskobia hanno detto alla famiglia che lo avevano sentito urlare.<\/p>\n<p style=\"text-align: justify;\">La famiglia, che effettuer\u00e0 l&#8217;autopsia sul suo corpo, ha detto all&#8217;agenzia di stampa palestinese Wafa che la polizia israeliana li ha informati che Khatib \u00e8 morto per un attacco di cuore.<\/p>\n<p style=\"text-align: justify;\">Fadi al-Khatib, un parente, ha detto ai media locali che quando mercoled\u00ec un gruppo \u00e8 arrivato a Maskobia per controllare Abdo al-Khatib, le forze di sicurezza israeliane &#8220;ci hanno aggredito violentemente, sette dei miei cugini sono stati arrestati e stiamo aspettando domani per capire la causa della morte&#8221;.<\/p>\n<p style=\"text-align: justify;\">Il Governatorato di Gerusalemme dell&#8217;Autorit\u00e0 Palestinese ha dichiarato &#8220;il governo di occupazione israeliano e la sua amministrazione carceraria&#8230; pienamente responsabili del martirio di al-Khatib&#8221;.<\/p>\n<p style=\"text-align: justify;\">Ha invitato le organizzazioni internazionali a reagire alle violazioni dei diritti umani palestinesi a Gerusalemme est e nella Cisgiordania occupata.<\/p>\n<p style=\"text-align: justify;\">&#8220;\u00c8 irragionevole per la comunit\u00e0 internazionale rimanere spettatrice di queste pratiche immorali e disumane, che hanno trasceso tutte le norme e le convenzioni internazionali.<\/p>\n<p style=\"text-align: justify;\">&#8220;Le percosse e la tortura, che spesso equivalgono a uccidere, sono diventate una cosa normale per il sistema di occupazione e le sue agenzie, e questa \u00e8 una vergogna registrata nella storia della comunit\u00e0 internazionale in tutte le sue forme&#8221;, ha affermato il Governatorato di Gerusalemme dell&#8217;AP in un dichiarazione.<\/p>\n<p style=\"text-align: justify;\">Addameer, un gruppo per i diritti dei prigionieri palestinesi, ha affermato che la morte di Khatib \u00e8 stata una tragedia e che &#8220;chiunque lo abbia arrestato e torturato, dai soldati, dalla polizia e dal servizio carcerario, appartengono tutti al governo di occupazione e ai suoi militari&#8221;.<\/p>\n<p style=\"text-align: justify;\">Secondo Addameer, 4850 prigionieri palestinesi sono attualmente detenuti nelle carceri israeliane, 350 dei quali da Gerusalemme est.<\/p>\n<p style=\"text-align: justify;\">Khatib lascia moglie e quattro figli.<\/p>\n","protected":false},"excerpt":{"rendered":"<p>https:\/\/www.middleeasteye.net\/ 22 luglio 2021\u00a0 I compagni di prigionia dicono di aver sentito Abdo Yousef al-Khatib urlare nella sua cella La famiglia di un palestinese morto mercoled\u00ec sera in un centro di detenzione israeliano ha accusato le autorit\u00e0 di averlo folgorato &hellip; <a href=\"https:\/\/reteitalianaism.it\/reteism\/index.php\/2021\/07\/22\/il-servizio-carcerario-israeliano-e-accusato-di-aver-picchiato-un-palestinese-morto-in-detenzione\/\">Continue reading <span class=\"meta-nav\">&rarr;<\/span><\/a><\/p>\n","protected":false},"author":2,"featured_media":0,"comment_status":"open","ping_status":"open","sticky":false,"template":"","format":"standard","meta":{"footnotes":""},"categories":[3],"tags":[22,23,82,138],"class_list":["post-15688","post","type-post","status-publish","format-standard","hentry","category-info","tag-diritti-prigionieri","tag-diritti-umani","tag-gerusalemme-est","tag-violazioni-del-diritto-internazionale"],"_links":{"self":[{"href":"https:\/\/reteitalianaism.it\/reteism\/index.php\/wp-json\/wp\/v2\/posts\/15688","targetHints":{"allow":["GET"]}}],"collection":[{"href":"https:\/\/reteitalianaism.it\/reteism\/index.php\/wp-json\/wp\/v2\/posts"}],"about":[{"href":"https:\/\/reteitalianaism.it\/reteism\/index.php\/wp-json\/wp\/v2\/types\/post"}],"author":[{"embeddable":true,"href":"https:\/\/reteitalianaism.it\/reteism\/index.php\/wp-json\/wp\/v2\/users\/2"}],"replies":[{"embeddable":true,"href":"https:\/\/reteitalianaism.it\/reteism\/index.php\/wp-json\/wp\/v2\/comments?post=15688"}],"version-history":[{"count":2,"href":"https:\/\/reteitalianaism.it\/reteism\/index.php\/wp-json\/wp\/v2\/posts\/15688\/revisions"}],"predecessor-version":[{"id":15691,"href":"https:\/\/reteitalianaism.it\/reteism\/index.php\/wp-json\/wp\/v2\/posts\/15688\/revisions\/15691"}],"wp:attachment":[{"href":"https:\/\/reteitalianaism.it\/reteism\/index.php\/wp-json\/wp\/v2\/media?parent=15688"}],"wp:term":[{"taxonomy":"category","embeddable":true,"href":"https:\/\/reteitalianaism.it\/reteism\/index.php\/wp-json\/wp\/v2\/categories?post=15688"},{"taxonomy":"post_tag","embeddable":true,"href":"https:\/\/reteitalianaism.it\/reteism\/index.php\/wp-json\/wp\/v2\/tags?post=15688"}],"curies":[{"name":"wp","href":"https:\/\/api.w.org\/{rel}","templated":true}]}}