{"id":15692,"date":"2021-07-23T17:23:49","date_gmt":"2021-07-23T15:23:49","guid":{"rendered":"http:\/\/reteitalianaism.it\/reteism\/?p=15692"},"modified":"2021-07-23T17:24:43","modified_gmt":"2021-07-23T15:24:43","slug":"israele-crolla-a-causa-di-ben-jerry","status":"publish","type":"post","link":"https:\/\/reteitalianaism.it\/reteism\/index.php\/2021\/07\/23\/israele-crolla-a-causa-di-ben-jerry\/","title":{"rendered":"Israele crolla a causa di Ben &#038; Jerry"},"content":{"rendered":"<p>21 luglio 2021 | <a href=\"https:\/\/electronicintifada.net\/people\/ali-abunimah\">Ali Abunimah<\/a><\/p>\n<p><a href=\"https:\/\/electronicintifada.net\/blogs\/ali-abunimah\/israel-melts-down-over-ben-jerrys?fbclid=IwAR3avV2KTV5MzqOjiJo-KpH541In58AqK-J3HHvhN0pgg4Paj3BDePOX1uk\">https:\/\/electronicintifada.net\/blogs\/ali-abunimah\/israel-melts-down-over-ben-jerrys<\/a><\/p>\n<p><a href=\"http:\/\/reteitalianaism.it\/reteism\/wp-content\/uploads\/2021\/07\/Screen-Shot-2021-07-23-at-17.01.18.png\"><img loading=\"lazy\" decoding=\"async\" class=\" wp-image-15693 aligncenter\" src=\"http:\/\/reteitalianaism.it\/reteism\/wp-content\/uploads\/2021\/07\/Screen-Shot-2021-07-23-at-17.01.18-300x168.png\" alt=\"\" width=\"493\" height=\"276\" srcset=\"https:\/\/reteitalianaism.it\/reteism\/wp-content\/uploads\/2021\/07\/Screen-Shot-2021-07-23-at-17.01.18-300x168.png 300w, https:\/\/reteitalianaism.it\/reteism\/wp-content\/uploads\/2021\/07\/Screen-Shot-2021-07-23-at-17.01.18-768x431.png 768w, https:\/\/reteitalianaism.it\/reteism\/wp-content\/uploads\/2021\/07\/Screen-Shot-2021-07-23-at-17.01.18.png 797w\" sizes=\"auto, (max-width: 493px) 100vw, 493px\" \/><\/a><a href=\"https:\/\/www.youtube.com\/watch?v=xdRvxl7p7Bk&amp;feature=emb_imp_woyt\">Video su Youtube<\/a><\/p>\n<p>Ho parlato con il programma Money Talks di TRT World della decisione di Ben &amp; Jerry di smettere di vendere i suoi gelati negli insediamenti israeliani nella Cisgiordania occupata.<br \/>\nIsraele \u00e8 infuriato e minaccia di punire il produttore di dolci surgelati \u2013 una reazione che, ho detto a TRT World \u00e8 totalmente squilibrataa.<\/p>\n<p>Al link sopra, \u00e8 possibile guardare il video.<\/p>\n<p>Il movimento palestinese BDS \u2013 boicottaggio, disinvestimento e sanzioni \u2013 ha celebrato una vittoria che \u00e8 arrivata dopo anni di campagne provenienti dal campo.<\/p>\n<p>&#8220;Accogliamo calorosamente la loro decisione, ma chiediamo a Ben &amp; Jerry di porre fine a tutte le operazioni in Israele stato di apartheid&#8221;, ha aggiunto il Comitato nazionale BDS.<\/p>\n<p><a href=\"http:\/\/reteitalianaism.it\/reteism\/wp-content\/uploads\/2021\/07\/Screen-Shot-2021-07-23-at-17.03.21.png\"><img loading=\"lazy\" decoding=\"async\" class=\" wp-image-15694 aligncenter\" src=\"http:\/\/reteitalianaism.it\/reteism\/wp-content\/uploads\/2021\/07\/Screen-Shot-2021-07-23-at-17.03.21-254x300.png\" alt=\"\" width=\"393\" height=\"464\" srcset=\"https:\/\/reteitalianaism.it\/reteism\/wp-content\/uploads\/2021\/07\/Screen-Shot-2021-07-23-at-17.03.21-254x300.png 254w, https:\/\/reteitalianaism.it\/reteism\/wp-content\/uploads\/2021\/07\/Screen-Shot-2021-07-23-at-17.03.21.png 545w\" sizes=\"auto, (max-width: 393px) 100vw, 393px\" \/><\/a><\/p>\n<p>Il ministro degli Esteri israeliano Yair Lapid ha denunciato la mossa di Ben &amp; Jerry come &#8220;una vergognosa capitolazione all&#8217;antisemitismo, al BDS e a tutto ci\u00f2 che \u00e8 malvagio nel discorso anti-israeliano e anti-ebraico&#8221;.<br \/>\nIsraele non ha buoni argomenti per difendere la sua colonizzazione illegale della terra palestinese occupata, quindi diffama pigramente chiunque critichi o agisca per documentare o contrastare i suoi crimini e abusi come bigotti antiebraici.<\/p>\n<p>Lapid ha anche promesso di fare pressione su pi\u00f9 di due dozzine di stati degli Stati Uniti che hanno approvato leggi contro il movimento BDS &#8220;per far rispettare queste leggi contro Ben &amp; Jerry&#8221;.<\/p>\n<p>&#8220;Non tratteranno lo Stato di Israele in questo modo senza una risposta&#8221;, ha aggiunto Lapid.<\/p>\n<p><a href=\"http:\/\/reteitalianaism.it\/reteism\/wp-content\/uploads\/2021\/07\/Screen-Shot-2021-07-23-at-17.04.38.png\"><img loading=\"lazy\" decoding=\"async\" class=\" wp-image-15695 aligncenter\" src=\"http:\/\/reteitalianaism.it\/reteism\/wp-content\/uploads\/2021\/07\/Screen-Shot-2021-07-23-at-17.04.38-300x212.png\" alt=\"\" width=\"429\" height=\"303\" srcset=\"https:\/\/reteitalianaism.it\/reteism\/wp-content\/uploads\/2021\/07\/Screen-Shot-2021-07-23-at-17.04.38-300x212.png 300w, https:\/\/reteitalianaism.it\/reteism\/wp-content\/uploads\/2021\/07\/Screen-Shot-2021-07-23-at-17.04.38.png 550w\" sizes=\"auto, (max-width: 429px) 100vw, 429px\" \/><\/a><strong>Gelato anti-israeliano<\/strong><br \/>\nIl primo ministro israeliano Naftali Bennett ha parlato con Alan Jope, CEO di Unilever, la multinazionale proprietaria di Ben &amp; Jerry, avvertendolo di &#8220;gravi conseguenze&#8221;.<\/p>\n<p>&#8220;Ci sono molte marche di gelati, ma solo uno stato ebraico&#8221;, ha aggiunto Bennett.<\/p>\n<p>&#8220;Ben &amp; Jerry&#8217;s ha deciso di marchiarsi come il gelato anti-israeliano&#8221;.<\/p>\n<p><a href=\"http:\/\/reteitalianaism.it\/reteism\/wp-content\/uploads\/2021\/07\/Screen-Shot-2021-07-23-at-17.06.04.png\"><img loading=\"lazy\" decoding=\"async\" class=\" wp-image-15696 aligncenter\" src=\"http:\/\/reteitalianaism.it\/reteism\/wp-content\/uploads\/2021\/07\/Screen-Shot-2021-07-23-at-17.06.04-300x162.png\" alt=\"\" width=\"480\" height=\"259\" srcset=\"https:\/\/reteitalianaism.it\/reteism\/wp-content\/uploads\/2021\/07\/Screen-Shot-2021-07-23-at-17.06.04-300x162.png 300w, https:\/\/reteitalianaism.it\/reteism\/wp-content\/uploads\/2021\/07\/Screen-Shot-2021-07-23-at-17.06.04.png 545w\" sizes=\"auto, (max-width: 480px) 100vw, 480px\" \/><\/a>Marted\u00ec, Gilad Erdan, ambasciatore di Israele negli Stati Uniti, ha pubblicato una lettera che ha inviato ai governatori di 35 stati statunitensi denunciando l&#8217;azione &#8220;antisemita&#8221; di Ben e Jerry.<br \/>\nErdan ha esortato i funzionari a &#8220;considerare la possibilit\u00e0 di parlare&#8221; e ad adottare misure punitive &#8220;anche in relazione alle leggi del vostro stato e ai rapporti commerciali tra Ben &amp; Jerry&#8217;s e il vostro stato&#8221;.<\/p>\n<p><a href=\"http:\/\/reteitalianaism.it\/reteism\/wp-content\/uploads\/2021\/07\/Screen-Shot-2021-07-23-at-17.07.34.png\"><img loading=\"lazy\" decoding=\"async\" class=\" wp-image-15697 aligncenter\" src=\"http:\/\/reteitalianaism.it\/reteism\/wp-content\/uploads\/2021\/07\/Screen-Shot-2021-07-23-at-17.07.34-298x300.png\" alt=\"\" width=\"465\" height=\"468\" srcset=\"https:\/\/reteitalianaism.it\/reteism\/wp-content\/uploads\/2021\/07\/Screen-Shot-2021-07-23-at-17.07.34-298x300.png 298w, https:\/\/reteitalianaism.it\/reteism\/wp-content\/uploads\/2021\/07\/Screen-Shot-2021-07-23-at-17.07.34-150x150.png 150w, https:\/\/reteitalianaism.it\/reteism\/wp-content\/uploads\/2021\/07\/Screen-Shot-2021-07-23-at-17.07.34.png 548w\" sizes=\"auto, (max-width: 465px) 100vw, 465px\" \/><\/a>Le leggi anti-BDS sono ampiamente viste come tentativi incostituzionali di imporre opinioni politiche pro-Israele su cittadini ed entit\u00e0 statunitensi.<br \/>\nI tribunali federali del Kansas, dell&#8217;Arkansas, del Texas, dell&#8217;Arizona e della Georgia hanno gi\u00e0 eliminato le principali disposizioni anti-BDS che violano le protezioni del Primo Emendamento per la libert\u00e0 di parola e di opinione politica.<\/p>\n<p>Israele si \u00e8 precedentemente preso il merito di aver contribuito a far approvare molte di queste leggi incostituzionali.<\/p>\n<p>Ben &amp; Jerry aveva precedentemente fatto arrabbiare Israele e la sua lobby alla fine degli anni &#8217;90, quando sotto la pressione degli attivisti ha posto fine all&#8217;uso dell&#8217;acqua di sorgente saccheggiata dalle alture del Golan occupate da Israele, parte della Siria.<\/p>\n<p><strong>Terra bruciata<\/strong><br \/>\nAlcuni attivisti pro-Israele chiedono anche agli enti religiosi ebraici di tutto il mondo di ritirare la certificazione kosher dai prodotti Ben &amp; Jerry.<\/p>\n<p>Secondo quanto riferito, un&#8217;organizzazione rabbinica in Australia lo ha gi\u00e0 fatto.<\/p>\n<p>Simile alla certificazione halal per i musulmani, una certificazione kosher rilasciata da un&#8217;agenzia rabbinica qualificata attesta che un alimento \u00e8 stato prodotto secondo gli standard religiosi ebraici.<\/p>\n<p>Politicizzare tali certificazioni al servizio di Israele \u00e8 un altro riprovevole tentativo di confondere azioni appropriate per contrastare le violazioni del diritto internazionale da parte di Israele con il bigottismo antiebraico.<\/p>\n<p>Questa tattica della terra bruciata degli attivisti pro-Israele \u00e8 particolarmente avventata, dato che bigotti anti-ebraici e anti-musulmani in diversi paesi gi\u00e0 diffondono bugie e teorie cospirative sulle certificazioni kosher e halal per far avanzare programmi razzisti e di estrema destra.<\/p>\n<p><a href=\"http:\/\/reteitalianaism.it\/reteism\/wp-content\/uploads\/2021\/07\/Screen-Shot-2021-07-23-at-17.08.56.png\"><img loading=\"lazy\" decoding=\"async\" class=\" wp-image-15698 aligncenter\" src=\"http:\/\/reteitalianaism.it\/reteism\/wp-content\/uploads\/2021\/07\/Screen-Shot-2021-07-23-at-17.08.56-258x300.png\" alt=\"\" width=\"407\" height=\"473\" srcset=\"https:\/\/reteitalianaism.it\/reteism\/wp-content\/uploads\/2021\/07\/Screen-Shot-2021-07-23-at-17.08.56-258x300.png 258w, https:\/\/reteitalianaism.it\/reteism\/wp-content\/uploads\/2021\/07\/Screen-Shot-2021-07-23-at-17.08.56.png 550w\" sizes=\"auto, (max-width: 407px) 100vw, 407px\" \/><\/a><\/p>\n<p><strong>Inganno<\/strong><br \/>\nFondata in una stazione di servizio nel Vermont nel 1978 da Ben Cohen e Jerry Greenfield, Ben &amp; Jerry\u00a0ha promosso la reputazione di azienda socialmente consapevole.<\/p>\n<p>\u00c8 stata completamente acquisita da Unilever nel 2000, ma mantiene un consiglio di amministrazione indipendente che, secondo il produttore di gelati, \u00e8 &#8220;autorizzato a proteggere e difendere l&#8217;equit\u00e0 e l&#8217;integrit\u00e0 del marchio Ben &amp; Jerry&#8221;.<\/p>\n<p>La decisione di porre fine alle vendite negli insediamenti israeliani ha scatenato una battaglia pubblica tra Unilever e il management di Ben &amp; Jerry da un lato, e il consiglio indipendente dall&#8217;altro.<\/p>\n<p>Luned\u00ec, Ben &amp; Jerry\u00a0ha rilasciato una dichiarazione in cui annunciava: &#8220;Riteniamo che sia incoerente con i nostri valori che il gelato di Ben &amp; Jerry venga venduto nel territorio palestinese occupato&#8221;.<\/p>\n<p>&#8220;Abbiamo una partnership di lunga data con il nostro licenziatario, che produce il gelato Ben &amp; Jerry in Israele e lo distribuisce nella regione&#8221;, ha aggiunto la societ\u00e0.<\/p>\n<p>&#8220;Abbiamo lavorato per cambiare questo, e quindi abbiamo informato il nostro licenziatario che non rinnoveremo il contratto di licenza alla scadenza alla fine del prossimo anno&#8221;.<\/p>\n<p>La frase finale della dichiarazione afferma che sebbene i gelati Ben &amp; Jerry non saranno pi\u00f9 venduti nei territori palestinesi occupati, &#8220;rimarremo in Israele attraverso un accordo diverso&#8221; &#8211; i cui dettagli saranno annunciati in seguito.<\/p>\n<p>Unilever ha rilasciato una dichiarazione separata affermando: &#8220;Rimaniamo pienamente impegnati nella nostra presenza in Israele&#8221;.<\/p>\n<p>Per quanto riguarda la sua societ\u00e0, Unilever ha aggiunto di &#8220;riconoscere il diritto del marchio e del suo consiglio indipendente di prendere decisioni in linea con la loro missione sociale&#8221;.<\/p>\n<p>&#8220;Accogliamo con favore anche il fatto che Ben &amp; Jerry&#8217;s rimarr\u00e0 in Israele&#8221;, ha affermato Unilever.<\/p>\n<p>Il consiglio indipendente lo respinge.<\/p>\n<p>La dichiarazione rilasciata dal management di Ben &amp; Jerry &#8220;non riflette la posizione del consiglio indipendente, n\u00e9 \u00e8 stata approvata dal consiglio indipendente&#8221;, secondo una dichiarazione separata del consiglio.<\/p>\n<p>Il consiglio afferma che la dichiarazione approvata differisce da quella effettivamente rilasciata da Ben &amp; Jerry. Non include alcun impegno a &#8220;rimanere in Israele&#8221;.<\/p>\n<p>Unilever e il CEO di Ben &amp; Jerry hanno preso posizione e hanno pubblicato una dichiarazione su una questione direttamente correlata alla &#8220;missione sociale e all&#8217;integrit\u00e0 del marchio&#8221; della ditta produttrice di gelati senza la sua approvazione, ha affermato il consiglio di amministrazione.<\/p>\n<p>Ci\u00f2 ha messo le societ\u00e0 &#8220;in violazione dello spirito e della lettera&#8221; dell&#8217;accordo stipulato quando Unilever ha acquisito Ben &amp; Jerry, ha aggiunto il consiglio.<\/p>\n<p>Il presidente del consiglio di amministrazione Anuradha Mittal non ha risposto alle richieste di The Electronic Intifada, ma ha detto a NBC News: &#8220;Sono rattristato dall&#8217;inganno&#8221;.<\/p>\n<p>&#8220;Non riesco a smettere di pensare che questo \u00e8 ci\u00f2 che accade quando hai un consiglio con tutte le donne e le persone di colore che hanno spinto per fare la cosa giusta&#8221;, ha aggiunto Mittal.<\/p>\n<p><strong>Effetto valanga<\/strong><br \/>\nNonostante queste differenze, Israele considera il ritiro di Ben &amp; Jerry anche dai suoi insediamenti in Cisgiordania come un duro colpo e un pericoloso precedente.<\/p>\n<p>Nasce dal crescente consenso internazionale che le aziende hanno l&#8217;obbligo di non trarre profitto o di non essere altrimenti complici della colonizzazione israeliana dei territori occupati e di altri abusi dei diritti dei palestinesi.<\/p>\n<p><a href=\"http:\/\/reteitalianaism.it\/reteism\/wp-content\/uploads\/2021\/07\/Screen-Shot-2021-07-23-at-17.10.19.png\"><img loading=\"lazy\" decoding=\"async\" class=\" wp-image-15699 aligncenter\" src=\"http:\/\/reteitalianaism.it\/reteism\/wp-content\/uploads\/2021\/07\/Screen-Shot-2021-07-23-at-17.10.19-300x150.png\" alt=\"\" width=\"452\" height=\"226\" srcset=\"https:\/\/reteitalianaism.it\/reteism\/wp-content\/uploads\/2021\/07\/Screen-Shot-2021-07-23-at-17.10.19-300x150.png 300w, https:\/\/reteitalianaism.it\/reteism\/wp-content\/uploads\/2021\/07\/Screen-Shot-2021-07-23-at-17.10.19.png 546w\" sizes=\"auto, (max-width: 452px) 100vw, 452px\" \/><\/a><\/p>\n<p>Di recente, uno dei pi\u00f9 grandi fondi pensione norvegesi ha ceduto 16 aziende israeliane e internazionali che traggono profitto dagli insediamenti.<br \/>\nCi\u00f2 avviene anche in mezzo al crescente riconoscimento che le politiche di Israele nei confronti dei palestinesi, ovunque vivano, costituiscono il crimine dell&#8217;apartheid.<\/p>\n<p>Israele teme senza dubbio che il gelatiere del Vermont abbia innescato un effetto valanga che incoragger\u00e0 anche gli altri a congelare i propri affari in Israele.<\/p>\n<p>&nbsp;<\/p>\n","protected":false},"excerpt":{"rendered":"<p>21 luglio 2021 | Ali Abunimah https:\/\/electronicintifada.net\/blogs\/ali-abunimah\/israel-melts-down-over-ben-jerrys Video su Youtube Ho parlato con il programma Money Talks di TRT World della decisione di Ben &amp; Jerry di smettere di vendere i suoi gelati negli insediamenti israeliani nella Cisgiordania occupata. Israele &hellip; <a href=\"https:\/\/reteitalianaism.it\/reteism\/index.php\/2021\/07\/23\/israele-crolla-a-causa-di-ben-jerry\/\">Continue reading <span class=\"meta-nav\">&rarr;<\/span><\/a><\/p>\n","protected":false},"author":6,"featured_media":0,"comment_status":"open","ping_status":"open","sticky":false,"template":"","format":"standard","meta":{"footnotes":""},"categories":[3],"tags":[76,16,390],"class_list":["post-15692","post","type-post","status-publish","format-standard","hentry","category-info","tag-bds","tag-campagna-bds","tag-vittoria-bds"],"_links":{"self":[{"href":"https:\/\/reteitalianaism.it\/reteism\/index.php\/wp-json\/wp\/v2\/posts\/15692","targetHints":{"allow":["GET"]}}],"collection":[{"href":"https:\/\/reteitalianaism.it\/reteism\/index.php\/wp-json\/wp\/v2\/posts"}],"about":[{"href":"https:\/\/reteitalianaism.it\/reteism\/index.php\/wp-json\/wp\/v2\/types\/post"}],"author":[{"embeddable":true,"href":"https:\/\/reteitalianaism.it\/reteism\/index.php\/wp-json\/wp\/v2\/users\/6"}],"replies":[{"embeddable":true,"href":"https:\/\/reteitalianaism.it\/reteism\/index.php\/wp-json\/wp\/v2\/comments?post=15692"}],"version-history":[{"count":2,"href":"https:\/\/reteitalianaism.it\/reteism\/index.php\/wp-json\/wp\/v2\/posts\/15692\/revisions"}],"predecessor-version":[{"id":15701,"href":"https:\/\/reteitalianaism.it\/reteism\/index.php\/wp-json\/wp\/v2\/posts\/15692\/revisions\/15701"}],"wp:attachment":[{"href":"https:\/\/reteitalianaism.it\/reteism\/index.php\/wp-json\/wp\/v2\/media?parent=15692"}],"wp:term":[{"taxonomy":"category","embeddable":true,"href":"https:\/\/reteitalianaism.it\/reteism\/index.php\/wp-json\/wp\/v2\/categories?post=15692"},{"taxonomy":"post_tag","embeddable":true,"href":"https:\/\/reteitalianaism.it\/reteism\/index.php\/wp-json\/wp\/v2\/tags?post=15692"}],"curies":[{"name":"wp","href":"https:\/\/api.w.org\/{rel}","templated":true}]}}