{"id":15788,"date":"2021-08-17T16:06:06","date_gmt":"2021-08-17T14:06:06","guid":{"rendered":"http:\/\/reteitalianaism.it\/reteism\/?p=15788"},"modified":"2021-08-17T16:06:06","modified_gmt":"2021-08-17T14:06:06","slug":"un-amante-dalla-palestina-uno-straordinario-tributo-musicale-allunita-palestinese","status":"publish","type":"post","link":"https:\/\/reteitalianaism.it\/reteism\/index.php\/2021\/08\/17\/un-amante-dalla-palestina-uno-straordinario-tributo-musicale-allunita-palestinese\/","title":{"rendered":"Un amante dalla Palestina: uno straordinario tributo musicale all&#8217;unit\u00e0 palestinese"},"content":{"rendered":"<p><a href=\"https:\/\/www.palestinechronicle.com\/a-lover-from-palestine-a-stunning-musical-tribute-to-palestinian-unity\/\">https:\/\/www.palestinechronicle.com\/<\/a><br \/>\n<strong>16 agosto 2021<\/strong> \u00a0 \u00a0 \u00a0 \u00a0<em> Samah Sabawi<\/em><\/p>\n<p style=\"text-align: justify;\">Una nuova giovane generazione palestinese sparsa in tutto il mondo, divisa da barriere linguistiche e temporali, si \u00e8 riunita per produrre questa impresa lirica, musicale e visiva.<\/p>\n<div id=\"attachment_15789\" style=\"width: 494px\" class=\"wp-caption aligncenter\"><a href=\"http:\/\/reteitalianaism.it\/reteism\/index.php\/2021\/08\/17\/un-amante-dalla-palestina-uno-straordinario-tributo-musicale-allunita-palestinese\/rafah-music-678x455\/\" rel=\"attachment wp-att-15789\"><img loading=\"lazy\" decoding=\"async\" aria-describedby=\"caption-attachment-15789\" class=\" wp-image-15789\" src=\"http:\/\/reteitalianaism.it\/reteism\/wp-content\/uploads\/2021\/08\/Rafah-Music-678x455-1-300x201.png\" alt=\"\" width=\"484\" height=\"324\" srcset=\"https:\/\/reteitalianaism.it\/reteism\/wp-content\/uploads\/2021\/08\/Rafah-Music-678x455-1-300x201.png 300w, https:\/\/reteitalianaism.it\/reteism\/wp-content\/uploads\/2021\/08\/Rafah-Music-678x455-1.png 678w\" sizes=\"auto, (max-width: 484px) 100vw, 484px\" \/><\/a><p id=\"caption-attachment-15789\" class=\"wp-caption-text\">Asheq min Felesteen \u00e8 stato registrato in studi musicali in Palestina, Turchia e Australia. (Foto: schermata)<\/p><\/div>\n<p style=\"text-align: justify;\">Cantata da Rahaf Shamaly a Gaza, Hamada Nasrallah e SolBand a Istanbul, e composta da Nahed Elrayes a Melbourne, la canzone \u00e8 stata registrata negli studi musicali in Palestina, Turchia e Australia e il video, diretto da Mahmoud Abughalwa, \u00e8 stato girato in tutte e tre le location. In tutto, il progetto ha coinvolto pi\u00f9 di 40 giovani artisti palestinesi di talento.<!--more--><\/p>\n<p style=\"text-align: justify;\">L&#8217;idea \u00e8 iniziata quando il compositore Nahed Elrayes, all&#8217;epoca poco pi\u00f9 che ventenne, nato in Canada e residente in Australia, si \u00e8 sentito attratto dal comporre le parole di una poesia di Mahmoud Darwish. &#8220;Non avrei mai immaginato quanto sarebbe stata potente l&#8217;esperienza alla fine, o che la nostra canzone avrebbe rispecchiato le esperienze dei palestinesi lo scorso maggio &#8211; quella bella dimostrazione di unit\u00e0 attraverso i confini, da Yafa a Gaza all&#8217;Australia&#8230; e il passaggio del testimone generazionale&#8221;<\/p>\n<p><iframe loading=\"lazy\" title=\"\u0639\u0627\u0634\u0642 \u0645\u0646 \u0641\u0644\u0633\u0637\u064a\u0646 A Lover from Palestine - Sol Band, Nahed Elrayes\" width=\"640\" height=\"360\" src=\"https:\/\/www.youtube.com\/embed\/iyyGYl7_gpc?feature=oembed\" frameborder=\"0\" allow=\"accelerometer; autoplay; clipboard-write; encrypted-media; gyroscope; picture-in-picture; web-share\" referrerpolicy=\"strict-origin-when-cross-origin\" allowfullscreen><\/iframe><\/p>\n<p style=\"text-align: justify;\">Nahed e Hamada, si sono incontrati per la prima volta da adolescenti a Gaza nel 2013. Si esibivano entrambi a un evento organizzato dall&#8217;AlQattan Center for the Child. L&#8217;amicizia \u00e8 stata istantanea ed \u00e8 stato piantato il seme del sogno di lavorare insieme su un pezzo musicale. Da quel giorno, la vita \u00e8 diventata pi\u00f9 dura per Hamada e SolBand, e come innumerevoli altri artisti che hanno cercato di rimanere a Gaza, le molteplici guerre, bombardamenti e assedi hanno reso impossibile per loro rimanere. SolBand fa ora parte di una grande comunit\u00e0 in rapida crescita, di rifugiati palestinesi di Gaza che vivono a Istanbul. I membri della band lavorano sodo, Hamada ride mentre menziona tre lavoretti per risparmiare per il loro primo tour in Europa a settembre.<\/p>\n<p style=\"text-align: justify;\">Per Hamada e tutti i membri di SolBand, la spinta a completare questo progetto \u00e8 stata alimentata da un forte desiderio di connettersi indipendentemente da confini e ostacoli, e di immaginare un modello di esistenza che permetta a noi, palestinesi, di raggiungere gli uni gli altri e di trovare forza e potere. \u201cVolevamo rappresentare un&#8217;espressione di unit\u00e0\u201d, ha spiegato Hamada. \u201cSiamo venuti tutti insieme come artisti palestinesi residenti in Palestina o fuori, non importava dove, ma eravamo uniti attraverso un linguaggio che tutto il mondo comprende e apprezza; e questo \u00e8 la musica&#8221;.<\/p>\n<p style=\"text-align: justify;\">Ma pu\u00f2 bastare la musica? Nahed riflette sui lunghi e dolorosi mesi di produzione, il momento pi\u00f9 difficile \u00e8 stato quando le bombe sono piovute di nuovo su Gaza mentre Rahaf si preparava a registrare la sua parte della canzone. \u201cChe Rahaf cantasse tra le macerie della nostra Gaza, inaspettatamente massacrata ancora una volta \u2013 ogni momento del progetto sembrava significativo. Alla fine, era una canzone diversa&#8221;.<\/p>\n<p style=\"text-align: justify;\">Amante della Palestina, Asheq min Felesteen \u00e8 prodotto da Rayes Production, ed \u00e8 stato appena pubblicato sul canale Youtube di Nahed ElRayes, e uscir\u00e0 il 17 agosto sul canale Youtube di SolBand.<\/p>\n","protected":false},"excerpt":{"rendered":"<p>https:\/\/www.palestinechronicle.com\/ 16 agosto 2021 \u00a0 \u00a0 \u00a0 \u00a0 Samah Sabawi Una nuova giovane generazione palestinese sparsa in tutto il mondo, divisa da barriere linguistiche e temporali, si \u00e8 riunita per produrre questa impresa lirica, musicale e visiva. Cantata da Rahaf &hellip; <a href=\"https:\/\/reteitalianaism.it\/reteism\/index.php\/2021\/08\/17\/un-amante-dalla-palestina-uno-straordinario-tributo-musicale-allunita-palestinese\/\">Continue reading <span class=\"meta-nav\">&rarr;<\/span><\/a><\/p>\n","protected":false},"author":2,"featured_media":0,"comment_status":"open","ping_status":"open","sticky":false,"template":"","format":"standard","meta":{"footnotes":""},"categories":[3],"tags":[37,42,393],"class_list":["post-15788","post","type-post","status-publish","format-standard","hentry","category-info","tag-occupazione","tag-resistenza","tag-unita-palestinese"],"_links":{"self":[{"href":"https:\/\/reteitalianaism.it\/reteism\/index.php\/wp-json\/wp\/v2\/posts\/15788","targetHints":{"allow":["GET"]}}],"collection":[{"href":"https:\/\/reteitalianaism.it\/reteism\/index.php\/wp-json\/wp\/v2\/posts"}],"about":[{"href":"https:\/\/reteitalianaism.it\/reteism\/index.php\/wp-json\/wp\/v2\/types\/post"}],"author":[{"embeddable":true,"href":"https:\/\/reteitalianaism.it\/reteism\/index.php\/wp-json\/wp\/v2\/users\/2"}],"replies":[{"embeddable":true,"href":"https:\/\/reteitalianaism.it\/reteism\/index.php\/wp-json\/wp\/v2\/comments?post=15788"}],"version-history":[{"count":2,"href":"https:\/\/reteitalianaism.it\/reteism\/index.php\/wp-json\/wp\/v2\/posts\/15788\/revisions"}],"predecessor-version":[{"id":15791,"href":"https:\/\/reteitalianaism.it\/reteism\/index.php\/wp-json\/wp\/v2\/posts\/15788\/revisions\/15791"}],"wp:attachment":[{"href":"https:\/\/reteitalianaism.it\/reteism\/index.php\/wp-json\/wp\/v2\/media?parent=15788"}],"wp:term":[{"taxonomy":"category","embeddable":true,"href":"https:\/\/reteitalianaism.it\/reteism\/index.php\/wp-json\/wp\/v2\/categories?post=15788"},{"taxonomy":"post_tag","embeddable":true,"href":"https:\/\/reteitalianaism.it\/reteism\/index.php\/wp-json\/wp\/v2\/tags?post=15788"}],"curies":[{"name":"wp","href":"https:\/\/api.w.org\/{rel}","templated":true}]}}