{"id":15795,"date":"2021-08-19T23:10:35","date_gmt":"2021-08-19T21:10:35","guid":{"rendered":"http:\/\/reteitalianaism.it\/reteism\/?p=15795"},"modified":"2021-08-19T23:10:35","modified_gmt":"2021-08-19T21:10:35","slug":"il-nostro-dovere-in-esilio-e-quello-di-impegnarci","status":"publish","type":"post","link":"https:\/\/reteitalianaism.it\/reteism\/index.php\/2021\/08\/19\/il-nostro-dovere-in-esilio-e-quello-di-impegnarci\/","title":{"rendered":"Il nostro dovere in esilio \u00e8 quello di impegnarci"},"content":{"rendered":"<p style=\"text-align: justify;\"><a href=\"https:\/\/electronicintifada.net\/content\/our-duty-exile-engage\/33781\">https:\/\/electronicintifada.net<\/a><\/p>\n<p style=\"text-align: justify;\">\u00a0<strong> 19 agosto 2021 \u00a0<\/strong> \u00a0 \u00a0 \u00a0 \u00a0 \u00a0 \u00a0 \u00a0 <em>Mousa Tawfiq<\/em><\/p>\n<div style=\"width: 506px\" class=\"wp-caption alignnone\"><img loading=\"lazy\" decoding=\"async\" class=\"media-element file-figure\" src=\"https:\/\/electronicintifada.net\/sites\/default\/files\/styles\/original_800w\/public\/2021-08\/parisprotest21.jpeg?itok=9d5v3Iti&amp;timestamp=1629365191\" alt=\"A woman draped in the Palestinian flags flashes the victory sign\" width=\"496\" height=\"377\" \/><p class=\"wp-caption-text\">Una nuova generazione di Palestinesi cerca nuova vita in esilio<\/p><\/div>\n<p style=\"text-align: justify;\">Nel settembre 2017 ho lasciato Gaza e sono venuto a Parigi per frequentare gli studi universitari.<\/p>\n<p style=\"text-align: justify;\">Dopo aver lasciato il checkpoint di Erez, ricordo di aver guardato indietro a Gaza un&#8217;ultima volta. Almeno, \u00e8 cos\u00ec che mi sentivo in quel momento. Non vedevo altro che case di cemento grigio dietro alte mura.<!--more--><\/p>\n<p style=\"text-align: justify;\">Ho pensato che sarebbe stata l&#8217;ultima volta che avrei dovuto preoccuparmi di guerre, interruzioni di corrente, libert\u00e0 di movimento, acqua corrente, disoccupazione e tutti i tanti guai che i palestinesi in questa striscia di terra costiera assediata affrontano ogni giorno.<\/p>\n<p style=\"text-align: justify;\">Ovviamente mi sono sbagliato. \u00c8 facile cadere nelle illusioni quando sei appena stato rilasciato dalla pi\u00f9 grande prigione a cielo aperto del mondo.<\/p>\n<p style=\"text-align: justify;\">Ultimamente, ho rivisitato la natura del mio rapporto con Gaza.<\/p>\n<p style=\"text-align: justify;\">L&#8217;ultima aggressione di Israele a maggio mi ha portato a capire quanto il mio ruolo, come palestinese in esilio, possa essere cruciale per la nostra lotta.<\/p>\n<p style=\"text-align: justify;\">\u00c8 iniziato con uno shock. Il quarto giorno dell&#8217;aggressione, mia zia mi ha chiamato in preda al panico dalla Giordania mentre stavo facendo un pisolino pomeridiano (un&#8217;abitudine che ho preso a Gaza e di cui non riesco a liberarmi).<\/p>\n<p style=\"text-align: justify;\">\u201cI tuoi genitori non rispondono alle nostre chiamate. Chiama i tuoi amici. Chiama chiunque. Fate qualcosa. Un edificio nel loro quartiere \u00e8 stato preso di mira\u201d.<\/p>\n<p style=\"text-align: justify;\">Stava urlando e piangendo.<\/p>\n<p style=\"text-align: justify;\">Le mie mani tremavano cos\u00ec forte che quasi non riuscivo a inviare un messaggio al gruppo dei miei fratelli su messenger. Ho pregato che mi rispondessero.<\/p>\n<p style=\"text-align: justify;\">Per fortuna lo hanno fatto. Il motivo per cui i miei genitori non avevano risposto alle chiamate di mia zia era che, come me, anche loro stavano facendo il pisolino.<\/p>\n<p style=\"text-align: justify;\">A differenza di me, avevano trascorso una lunga notte insonne a causa degli attacchi aerei.<\/p>\n<p style=\"text-align: justify;\"><strong>La colpa del sopravvissuto<\/strong><br \/>\nVivere a Parigi mentre la mia famiglia, i miei amici e la mia casa venivano bombardati si \u00e8 rivelato pi\u00f9 difficile di quanto avessi immaginato &#8211; e ovviamente avevo immaginato quello scenario. Dopotutto vengo da Gaza.<\/p>\n<p style=\"text-align: justify;\">Per cominciare, sono stato costretto a condurre una sorta di doppia vita: dovevo continuare il mio lavoro di giornalista e i miei doveri di dottorando a Parigi, gestendo i miei pensieri e le mie emozioni, che erano quasi completamente travolti dal pericolo affrontato dalla famiglia, dagli amici e dalla mia casa.<\/p>\n<p style=\"text-align: justify;\">Lavoro per un media europeo incentrato sulla migrazione. Il mio lavoro prevede di scrivere di migranti e migrazioni, parlare con migranti e rifugiati, ascoltare le loro storie.<\/p>\n<p style=\"text-align: justify;\">A volte, quelle storie sono abbastanza dure. Ma dovevo anche condurre una vita normale, fare il bucato, pagare le tasse, rinnovare l&#8217;abbonamento alla mia tessera dei trasporti pubblici, o fare ricerche per la mia tesi di dottorato.<\/p>\n<p style=\"text-align: justify;\">Per tutto il tempo, stavo affrontando i flashback che ricevevo con ogni foto o filmato che vedevo da Gaza. Non ho ancora avuto n\u00e9 il tempo n\u00e9 l&#8217;energia per affrontare personalmente i traumi che ho subito l\u00ec.<\/p>\n<p style=\"text-align: justify;\">E poi ho dovuto leggere i messaggi dei miei fratelli sulle bombe intorno a loro e le paure al loro interno.<\/p>\n<p style=\"text-align: justify;\">Ovviamente non ero l&#8217;unico a fare questa esperienza. Tutti i miei coetanei palestinesi in esilio da Gaza hanno affrontato la stessa agonia. Tutti noi abbiamo dovuto farcela in silenzio, perch\u00e9 per quanto difficile, la nostra non era la storia: la storia era di quelli che ci eravamo lasciati alle spalle, bombardati e assassinati.<\/p>\n<p style=\"text-align: justify;\"><strong>Casa \u00e8 una parola potente<\/strong><br \/>\nPer noi, ovunque nel mondo, Gaza sar\u00e0 sempre il luogo in cui abbiamo vissuto i momenti pi\u00f9 difficili della nostra vita. \u00c8 anche l&#8217;unico posto che possiamo chiamare &#8220;casa&#8221;.<\/p>\n<p style=\"text-align: justify;\">Una parola cos\u00ec potente &#8220;casa&#8221;.<\/p>\n<p style=\"text-align: justify;\">\u201cCasa\u201d \u00e8 la casa della mia famiglia, dove posso fare un pisolino dopo pranzo, poi irritarmi per il rumore che fanno le mie nipoti.<\/p>\n<p style=\"text-align: justify;\">\u00c8 la torre al-Jalaa, dove prendo un taxi per provare con la mia band e prepararmi per il nostro concerto al Said al-Mishal Cultural Center.<\/p>\n<p style=\"text-align: justify;\">\u00c8 la corniche che percorriamo al tramonto, o i videogiochi che giochiamo nel caff\u00e8 nell&#8217;edificio al-Shorouq.<\/p>\n<p style=\"text-align: justify;\">Tutti questi ricordi e molti altri costituiscono ci\u00f2 che per me \u00e8 casa. Ma alcuni ora sono solo ricordi.<\/p>\n<p style=\"text-align: justify;\">Abbiamo perso al-Mishal quando \u00e8 stato preso di mira in un attacco aereo israeliano nel 2018.<\/p>\n<p style=\"text-align: justify;\">E durante l&#8217;ultimo assalto a maggio, abbiamo perso la torre al-Jalaa e l&#8217;edificio al-Shorouq, mentre la corniche \u00e8 stata gravemente danneggiata dal bombardamento.<\/p>\n<p style=\"text-align: justify;\">\nQuesta \u00e8 stata pi\u00f9 di un&#8217;offensiva militare: \u00e8 stato un tentativo di cancellare i nostri ricordi, persino il nostro senso di appartenenza.<br \/>\nE in risposta, facciamo il possibile per superare la distanza e le circostanze per mantenere il nostro rapporto con la nostra patria e la nostra causa.<\/p>\n<p style=\"text-align: justify;\">\u00c8 cos\u00ec che noi, palestinesi in esilio, ci siamo trovati obbligati a mobilitarci e a dare il nostro contributo, obbligo sentito ancor pi\u00f9 fortemente quando abbiamo assistito alla rivolta avvenuta in tutta la Palestina \u2013 da Haifa a Rafah, da Gerico a Gerusalemme \u2013 durante l&#8217;Assalto israeliano.<\/p>\n<p style=\"text-align: justify;\">Ma questo fatto ci ha messo a confronto diretto con decenni di idee fuorvianti e accuse maligne da parte dei media e dei governi che ci circondano, ovunque viviamo<\/p>\n<p style=\"text-align: justify;\"><strong>Viva la resistenza<\/strong><br \/>\nIn Francia, la principale accusa mossa a palestinesi e filopalestinesi \u00e8 quella di antisemitismo. Il pensiero \u00e8 diventato cos\u00ec bizzarro in Francia che persino Emmanuel Macron, il presidente francese, fonde l&#8217;antisionismo con l&#8217;antisemitismo.<\/p>\n<p style=\"text-align: justify;\">Per me, questo sembra essere un fenomeno riscontrato in gran parte al di fuori della Palestina. Ho sentito per la prima volta che essere palestinese o filo-palestinese equivaleva a antisemitismo quando ne sono stata accusata a Parigi.<\/p>\n<p style=\"text-align: justify;\">Da allora, e come palestinese, ho dovuto affrontarlo in molte occasioni e spiegarmi ogni volta. Il fatto che il mio nome, Mousa, o Mos\u00e8, sia lo stesso di uno dei profeti dell&#8217;ebraismo, non mi protegge.<\/p>\n<p style=\"text-align: justify;\">Torno sempre alle storie della mia defunta nonna, Jamileh, sopravvissuta alla Nakba nel 1948.<\/p>\n<p style=\"text-align: justify;\">Secondo lei, c&#8217;erano ebrei palestinesi che vivevano vicino al nostro villaggio, al-Masmiyya al-Kabira. Una notte del 1948, questi vicini andarono dagli uomini del nostro villaggio e li avvertirono che i sionisti stavano progettando di attaccare e che dovevamo andarcene prima che arrivassero.<\/p>\n<p style=\"text-align: justify;\">\u201cCi imploravano di non restare a combattere. Hanno detto che avevano fatto del loro meglio per rimandare l&#8217;attacco contro di noi, ma non potevano pi\u00f9 farlo&#8221;, ha detto Jamileh.<\/p>\n<p style=\"text-align: justify;\">Mia nonna non poteva sapere che un giorno suo nipote sarebbe stato falsamente accusato di odiare gli ebrei, quei vicini che hanno cercato di proteggerci.<\/p>\n<p style=\"text-align: justify;\">Ma l&#8217;ultima aggressione israeliana ha ispirato molte persone a parlare di questo problema, anche in Francia dove tali discussioni sono sempre pi\u00f9 tab\u00f9.<\/p>\n<p style=\"text-align: justify;\">Questa volta, la pressione dell&#8217;opinione pubblica in Francia \u00e8 stata tale che la polizia non ha potuto trattenere le manifestazioni.<\/p>\n<p style=\"text-align: justify;\">E durante la protesta a Parigi il 22 maggio, la maggior parte degli organizzatori ha rifiutato di accogliere nei loro discorsi e di fronte ai media accuse di equiparare l&#8217;antisionismo all&#8217;antisemitismo.<\/p>\n<p style=\"text-align: justify;\"><strong>L&#8217;unione porta speranza<\/strong><br \/>\nCi\u00f2 suggerisce un cambiamento molto fondamentale nel discorso pubblico sulla questione in Francia.<\/p>\n<p style=\"text-align: justify;\">E ci ha dato speranza. Un mese fa, la mia generazione si conosceva come &#8220;la generazione senza speranza&#8221;.<\/p>\n<p style=\"text-align: justify;\">Siamo cresciuti nell&#8217;era post-accordo di Oslo. Quell&#8217;accordo non ha mai portato pace. La seconda Intifada \u00e8 iniziata nel 2000, seguita dall&#8217;assedio di Gaza nel 2006 e dalla divisione palestinese nel 2007.<\/p>\n<p style=\"text-align: justify;\">Poi ci siamo trovati sotto un massiccio attacco israeliano nel 2008, 2012 e 2014.<\/p>\n<p style=\"text-align: justify;\">Alcuni di noi hanno deciso di partire per trovare vite migliori.<\/p>\n<p style=\"text-align: justify;\">Ma non abbiamo dimenticato Gaza. E non lo faremo mai. Ora siamo in tutto il mondo, guidando proteste e condividendo contenuti sui social media sui nostri diritti.<\/p>\n<p style=\"text-align: justify;\">Resistiamo all&#8217;occupazione esponendo i suoi crimini. Ci impegniamo in dibattiti sulla nostra liberazione e sul nostro diritto al ritorno.<\/p>\n<p style=\"text-align: justify;\">Forse per la prima volta nella nostra generazione, ora stiamo pensando collettivamente alla nostra lotta.<\/p>\n<p style=\"text-align: justify;\">Lo facciamo come un unico popolo sia a Gerusalemme, in Cisgiordania, a Gaza, in Israele o in esilio.<\/p>\n<p style=\"text-align: justify;\"><em>Mousa Tawfiq \u00e8 un giornalista che in passato risiedeva a Gaza, ma che ora vive a Parigi.<\/em><\/p>\n<p>&nbsp;<\/p>\n","protected":false},"excerpt":{"rendered":"<p>https:\/\/electronicintifada.net \u00a0 19 agosto 2021 \u00a0 \u00a0 \u00a0 \u00a0 \u00a0 \u00a0 \u00a0 \u00a0 Mousa Tawfiq Nel settembre 2017 ho lasciato Gaza e sono venuto a Parigi per frequentare gli studi universitari. Dopo aver lasciato il checkpoint di Erez, ricordo di &hellip; <a href=\"https:\/\/reteitalianaism.it\/reteism\/index.php\/2021\/08\/19\/il-nostro-dovere-in-esilio-e-quello-di-impegnarci\/\">Continue reading <span class=\"meta-nav\">&rarr;<\/span><\/a><\/p>\n","protected":false},"author":2,"featured_media":0,"comment_status":"open","ping_status":"open","sticky":false,"template":"","format":"standard","meta":{"footnotes":""},"categories":[3,68],"tags":[24,394,25],"class_list":["post-15795","post","type-post","status-publish","format-standard","hentry","category-info","category-opinioni","tag-diritto-al-ritorno","tag-esilio","tag-gaza"],"_links":{"self":[{"href":"https:\/\/reteitalianaism.it\/reteism\/index.php\/wp-json\/wp\/v2\/posts\/15795","targetHints":{"allow":["GET"]}}],"collection":[{"href":"https:\/\/reteitalianaism.it\/reteism\/index.php\/wp-json\/wp\/v2\/posts"}],"about":[{"href":"https:\/\/reteitalianaism.it\/reteism\/index.php\/wp-json\/wp\/v2\/types\/post"}],"author":[{"embeddable":true,"href":"https:\/\/reteitalianaism.it\/reteism\/index.php\/wp-json\/wp\/v2\/users\/2"}],"replies":[{"embeddable":true,"href":"https:\/\/reteitalianaism.it\/reteism\/index.php\/wp-json\/wp\/v2\/comments?post=15795"}],"version-history":[{"count":1,"href":"https:\/\/reteitalianaism.it\/reteism\/index.php\/wp-json\/wp\/v2\/posts\/15795\/revisions"}],"predecessor-version":[{"id":15796,"href":"https:\/\/reteitalianaism.it\/reteism\/index.php\/wp-json\/wp\/v2\/posts\/15795\/revisions\/15796"}],"wp:attachment":[{"href":"https:\/\/reteitalianaism.it\/reteism\/index.php\/wp-json\/wp\/v2\/media?parent=15795"}],"wp:term":[{"taxonomy":"category","embeddable":true,"href":"https:\/\/reteitalianaism.it\/reteism\/index.php\/wp-json\/wp\/v2\/categories?post=15795"},{"taxonomy":"post_tag","embeddable":true,"href":"https:\/\/reteitalianaism.it\/reteism\/index.php\/wp-json\/wp\/v2\/tags?post=15795"}],"curies":[{"name":"wp","href":"https:\/\/api.w.org\/{rel}","templated":true}]}}