{"id":15855,"date":"2021-08-31T17:49:19","date_gmt":"2021-08-31T15:49:19","guid":{"rendered":"http:\/\/reteitalianaism.it\/reteism\/?p=15855"},"modified":"2021-08-31T17:49:19","modified_gmt":"2021-08-31T15:49:19","slug":"shahar-giovane-israeliana-refuznik-scrive-perche-si-rifiuta-di-fare-il-suo-servizio-militare","status":"publish","type":"post","link":"https:\/\/reteitalianaism.it\/reteism\/index.php\/2021\/08\/31\/shahar-giovane-israeliana-refuznik-scrive-perche-si-rifiuta-di-fare-il-suo-servizio-militare\/","title":{"rendered":"SHAHAR, GIOVANE ISRAELIANA REFUZNIK SCRIVE PERCH\u00c9 SI RIFIUTA DI FARE IL SUO SERVIZIO MILITARE."},"content":{"rendered":"<p style=\"text-align: justify;\"><a href=\"https:\/\/europalestine.com\/2021\/08\/29\/shahar-jeune-refuznik-israelienne-nous-ecrit-pourquoi-elle-refuse-de-faire-son-service-militaire\/?fbclid=IwAR3TjpWSyrWVv4InMWVkmpRzhb7Z1swSJo_VIiRrdNFZfJr7MV49AN24IpY\">https:\/\/europalestine.com\/<\/a><\/p>\n<p><strong>29 agosto 2021<\/strong><\/p>\n<p>Buongiorno, \u00a0 \u00a0il mio nome \u00e8 Shahar. Ho 18 anni e vivo a Kfar Yona, Israele. Tra due giorni arriver\u00f2 al centro di arruolamento militare israeliano dove dichiarer\u00f2 il mio rifiuto di essere arruolata. Probabilmente verr\u00f2 mandata in prigione poco dopo.<\/p>\n<div id=\"attachment_15856\" style=\"width: 387px\" class=\"wp-caption aligncenter\"><a href=\"http:\/\/reteitalianaism.it\/reteism\/index.php\/2021\/08\/31\/shahar-giovane-israeliana-refuznik-scrive-perche-si-rifiuta-di-fare-il-suo-servizio-militare\/shahar-refuznik\/\" rel=\"attachment wp-att-15856\"><img loading=\"lazy\" decoding=\"async\" aria-describedby=\"caption-attachment-15856\" class=\" wp-image-15856\" src=\"http:\/\/reteitalianaism.it\/reteism\/wp-content\/uploads\/2021\/08\/shahar-refuznik-213x300.jpg\" alt=\"\" width=\"377\" height=\"531\" srcset=\"https:\/\/reteitalianaism.it\/reteism\/wp-content\/uploads\/2021\/08\/shahar-refuznik-213x300.jpg 213w, https:\/\/reteitalianaism.it\/reteism\/wp-content\/uploads\/2021\/08\/shahar-refuznik.jpg 567w\" sizes=\"auto, (max-width: 377px) 100vw, 377px\" \/><\/a><p id=\"caption-attachment-15856\" class=\"wp-caption-text\">Shahar, una giovane refuznik israeliana ci scrive perch\u00e9 si rifiuta di fare il servizio militare.<\/p><\/div>\n<p style=\"text-align: justify;\">Esattamente 6 anni fa, durante l&#8217;estate tra l&#8217;ottavo e il nono anno scolastico, ho frequentato un campo estivo per giovani israeliani e palestinesi. L\u00ec ho incontrato per la prima volta ragazzi e ragazze palestinesi, bambini come me. Sono diventati miei amici. Da allora frequento questo campo estivo ogni anno. Ora, 6 anni dopo, mi rifiuto di ferire le persone che ho incontrato ogni estate. Mi rifiuto di ferire le loro famiglie, o i milioni di palestinesi che vivono in Cisgiordania e a Gaza.<!--more--><\/p>\n<p style=\"text-align: justify;\">Negli ultimi 6 anni, sono stata in grado di scegliere ogni giorno cosa voglio fare e come voglio vivere. Era sicura di andare a scuola e uscire con il mio gruppo giovanile, e ho dormito bene la notte. Potevo muovermi liberamente ed ero al sicuro dai bombardamenti di guerra. Potevo dire la mia, partecipare alle proteste senza essere arrestata, avviare gruppi di attivisti e passare facilmente i checkpoint in Cisgiordania. Potr\u00f2 votare alle elezioni. Potr\u00f2 vivere la mia vita con tutti i diritti umani e civili.<\/p>\n<p style=\"text-align: justify;\">Ma i miei amici palestinesi non condividono le mie esperienze di vita o i miei benefici. Non possono viaggiare liberamente. Trascorrono la giornata temendo che di notte un soldato armato stia sopra il loro letto. Mancano di sicurezza fisica o emotiva, mancano di libert\u00e0 politiche, non possono votare per scegliere il governo che controlla le loro vite e vengono loro negati i diritti pi\u00f9 elementari che diamo per scontati, compreso anche il diritto di opporsi alle ingiustizie loro inflitte dall&#8217;occupazione israeliana.<\/p>\n<p style=\"text-align: justify;\">Mi rifiuto di partecipare a un sistema violento e razzista che infligge sofferenze ai palestinesi ogni giorno della loro vita. Ogni giorno, soldati israeliani fanno irruzione nelle case palestinesi. Ogni giorno, l&#8217;esercito israeliano arresta bambini palestinesi e nega ai contadini palestinesi l&#8217;accesso alla loro terra. Il sistema militare che ha servito l&#8217;occupazione per anni ora impedisce ai palestinesi di muoversi liberamente, limitando l&#8217;accesso all&#8217;acqua pulita o a un&#8217;adeguata assistenza sanitaria.<\/p>\n<p style=\"text-align: justify;\">Spero che il mio rifiuto di prestare servizio nell&#8217;esercito israeliano far\u00e0 la differenza, per quanto lieve. Spero che questo aumenti la consapevolezza e induca altri israeliani a pensare in modo critico a cose che molti considerano &#8220;naturali&#8221;.<\/p>\n<p style=\"text-align: justify;\">Penso che dovremmo tutti assumerci la responsabilit\u00e0 non solo per noi stessi, ma per tutti coloro che vivono tra il Giordano e il Mar Mediterraneo. Spero che il rifiuto di partecipare a un sistema oppressivo mostrer\u00e0 agli israeliani che possiamo scegliere di agire in modo diverso e fermare la violenza, e che con quella consapevolezza ci sar\u00e0 speranza.<\/p>\n<p style=\"text-align: justify;\">Anche tu puoi contribuire a fare la differenza. Puoi condividere informazioni con persone che conosci sulle violazioni dei diritti umani per milioni di civili palestinesi che vivono sotto l&#8217;occupazione israeliana in Cisgiordania e Gaza, e aiutare gli altri a vedere la verit\u00e0. Se ci uniamo e ci opponiamo all&#8217;apartheid, all&#8217;oppressione e alla violenza in modo non violento, sia all&#8217;interno che all&#8217;esterno di Israele, forse possiamo correggere questa ingiustizia e iniziare a costruire una vita migliore, una vita sicura, una vita giusta sia per gli ebrei che per i palestinesi.<\/p>\n<p style=\"text-align: justify;\">In solidariet\u00e0<\/p>\n<p style=\"text-align: justify;\">Shahar<\/p>\n<p style=\"text-align: justify;\">Grazie a Shahar e alle associazioni israeliane che organizzano, aiutano e pubblicizzano l&#8217;azione dei giovani refusnik israeliani.<\/p>\n","protected":false},"excerpt":{"rendered":"<p>https:\/\/europalestine.com\/ 29 agosto 2021 Buongiorno, \u00a0 \u00a0il mio nome \u00e8 Shahar. Ho 18 anni e vivo a Kfar Yona, Israele. Tra due giorni arriver\u00f2 al centro di arruolamento militare israeliano dove dichiarer\u00f2 il mio rifiuto di essere arruolata. Probabilmente verr\u00f2 &hellip; <a href=\"https:\/\/reteitalianaism.it\/reteism\/index.php\/2021\/08\/31\/shahar-giovane-israeliana-refuznik-scrive-perche-si-rifiuta-di-fare-il-suo-servizio-militare\/\">Continue reading <span class=\"meta-nav\">&rarr;<\/span><\/a><\/p>\n","protected":false},"author":2,"featured_media":0,"comment_status":"open","ping_status":"open","sticky":false,"template":"","format":"standard","meta":{"footnotes":""},"categories":[3],"tags":[396,155],"class_list":["post-15855","post","type-post","status-publish","format-standard","hentry","category-info","tag-refusnik","tag-west-bank-occupata"],"_links":{"self":[{"href":"https:\/\/reteitalianaism.it\/reteism\/index.php\/wp-json\/wp\/v2\/posts\/15855","targetHints":{"allow":["GET"]}}],"collection":[{"href":"https:\/\/reteitalianaism.it\/reteism\/index.php\/wp-json\/wp\/v2\/posts"}],"about":[{"href":"https:\/\/reteitalianaism.it\/reteism\/index.php\/wp-json\/wp\/v2\/types\/post"}],"author":[{"embeddable":true,"href":"https:\/\/reteitalianaism.it\/reteism\/index.php\/wp-json\/wp\/v2\/users\/2"}],"replies":[{"embeddable":true,"href":"https:\/\/reteitalianaism.it\/reteism\/index.php\/wp-json\/wp\/v2\/comments?post=15855"}],"version-history":[{"count":2,"href":"https:\/\/reteitalianaism.it\/reteism\/index.php\/wp-json\/wp\/v2\/posts\/15855\/revisions"}],"predecessor-version":[{"id":15858,"href":"https:\/\/reteitalianaism.it\/reteism\/index.php\/wp-json\/wp\/v2\/posts\/15855\/revisions\/15858"}],"wp:attachment":[{"href":"https:\/\/reteitalianaism.it\/reteism\/index.php\/wp-json\/wp\/v2\/media?parent=15855"}],"wp:term":[{"taxonomy":"category","embeddable":true,"href":"https:\/\/reteitalianaism.it\/reteism\/index.php\/wp-json\/wp\/v2\/categories?post=15855"},{"taxonomy":"post_tag","embeddable":true,"href":"https:\/\/reteitalianaism.it\/reteism\/index.php\/wp-json\/wp\/v2\/tags?post=15855"}],"curies":[{"name":"wp","href":"https:\/\/api.w.org\/{rel}","templated":true}]}}