{"id":15898,"date":"2021-09-10T19:51:34","date_gmt":"2021-09-10T17:51:34","guid":{"rendered":"http:\/\/reteitalianaism.it\/reteism\/?p=15898"},"modified":"2021-09-10T19:51:34","modified_gmt":"2021-09-10T17:51:34","slug":"palestinese-ucciso-durante-le-proteste-di-solidarieta-nel-giorno-della-rabbia-per-gli-evasi-dal-carcere","status":"publish","type":"post","link":"https:\/\/reteitalianaism.it\/reteism\/index.php\/2021\/09\/10\/palestinese-ucciso-durante-le-proteste-di-solidarieta-nel-giorno-della-rabbia-per-gli-evasi-dal-carcere\/","title":{"rendered":"Palestinese ucciso durante le proteste di solidariet\u00e0 nel &#8220;giorno della rabbia&#8221; per gli evasi dal carcere"},"content":{"rendered":"<p><a href=\"https:\/\/www.middleeasteye.net\/news\/palestine-israel-prison-break-protests\">https:\/\/www.middleeasteye.net\/<\/a><\/p>\n<p style=\"text-align: justify;\"><strong>10 settembre 2021\u00a0<\/strong><\/p>\n<p style=\"text-align: justify;\">Medico colpito da arma da fuoco e\u00a0morto nel pomeriggio dopo un supposto accoltellamento mentre continuano le proteste in solidariet\u00e0 con gli evasi dal carcere.<\/p>\n<div id=\"attachment_15899\" style=\"width: 505px\" class=\"wp-caption aligncenter\"><a href=\"http:\/\/reteitalianaism.it\/reteism\/index.php\/2021\/09\/10\/palestinese-ucciso-durante-le-proteste-di-solidarieta-nel-giorno-della-rabbia-per-gli-evasi-dal-carcere\/000_9mk8qz-min\/\" rel=\"attachment wp-att-15899\"><img loading=\"lazy\" decoding=\"async\" aria-describedby=\"caption-attachment-15899\" class=\" wp-image-15899\" src=\"http:\/\/reteitalianaism.it\/reteism\/wp-content\/uploads\/2021\/09\/000_9MK8QZ-min-300x200.jpg\" alt=\"\" width=\"495\" height=\"330\" srcset=\"https:\/\/reteitalianaism.it\/reteism\/wp-content\/uploads\/2021\/09\/000_9MK8QZ-min-300x200.jpg 300w, https:\/\/reteitalianaism.it\/reteism\/wp-content\/uploads\/2021\/09\/000_9MK8QZ-min-1024x684.jpg 1024w, https:\/\/reteitalianaism.it\/reteism\/wp-content\/uploads\/2021\/09\/000_9MK8QZ-min-768x513.jpg 768w, https:\/\/reteitalianaism.it\/reteism\/wp-content\/uploads\/2021\/09\/000_9MK8QZ-min.jpg 1400w\" sizes=\"auto, (max-width: 495px) 100vw, 495px\" \/><\/a><p id=\"caption-attachment-15899\" class=\"wp-caption-text\">I soccorritori israeliani lavorano nel sito di un tentato accoltellamento nella citt\u00e0 vecchia di Gerusalemme, il 10 settembre 2021 (AFP)<\/p><\/div>\n<p style=\"text-align: justify;\">I palestinesi hanno protestato venerd\u00ec in diverse citt\u00e0 della Cisgiordania occupata, di Gerusalemme Est e della Striscia di Gaza assediata in un &#8220;giorno di rabbia&#8221; in solidariet\u00e0 con i prigionieri all&#8217;interno delle carceri israeliane, in seguito alla fuga di sei detenuti dal carcere di massima sicurezza di Gilboa luned\u00ec. .<\/p>\n<p style=\"text-align: justify;\">Venerd\u00ec, le forze israeliane hanno preso d&#8217;assalto il complesso di al-Aqsa, dopo la fine delle preghiere, e hanno disperso un sit-in di protesta in solidariet\u00e0 con i prigionieri, arrestando un giovane.<!--more--><\/p>\n<p style=\"text-align: justify;\">Alle porte del complesso, un uomo palestinese \u00e8 stato gravemente ferito dal fuoco israeliano. La polizia israeliana ha detto che Hazem al-Jolani ha tentato di eseguire un attacco col coltello e ha ferito un poliziotto.<\/p>\n<p style=\"text-align: justify;\">Jolani, 50 anni, un medico del quartiere Shuafat di Gerusalemme est, \u00e8 morto venerd\u00ec pomeriggio per le ferite riportate nell&#8217;ospedale Hadassah Ein Kerem. Le forze israeliane hanno chiuso la Porta del Leone di al-Aqsa in seguito all&#8217;incidente e hanno preso d&#8217;assalto la casa di Jolani a Shuafat, secondo il filmato sui social media.<\/p>\n<p style=\"text-align: justify;\">Jolani, che secondo la sua pagina Facebook aveva lavorato in Cina, negli ospedali di Guangzhou, Hunan e Shandong, specializzato in nervi e ortopedia presso lo Shamir Medical Center vicino a Tel Aviv.<\/p>\n<p style=\"text-align: justify;\">Altrove, a nord della West Bank, ad Araba, decine di palestinesi hanno protestato e si sono radunati a casa di Mahmoud Abdullah Ardah, uno dei sei prigionieri palestinesi fuggiti da Gilboa, in solidariet\u00e0 con la sua famiglia.<\/p>\n<p style=\"text-align: justify;\">Nella vicina Azzoun, secondo i media locali, ci sono stati scontri tra le forze israeliane e i palestinesi, due dei quali sono rimasti feriti. Violenze anche a Hebron, vicino alla citt\u00e0 vecchia.<\/p>\n<p style=\"text-align: justify;\">L&#8217;Israel Prison Service (IPS) ha lanciato un giro di vite sui prigionieri palestinesi dopo la fuga di luned\u00ec, riducendo a un&#8217;ora al giorno le pause, chiudendo la mensa del carcere e diminuendo il numero di detenuti che possono camminare nel cortile.<\/p>\n<p style=\"text-align: justify;\">Ha anche iniziato a trasferire circa 400 detenuti affiliati alla Jihad islamica per separarli gli uni dagli altri. Queste misure, viste come &#8220;punizioni collettive&#8221; da fazioni palestinesi, gruppi per i diritti e attivisti, hanno portato a crescenti tensioni all&#8217;interno delle prigioni di Gilboa, Megiddo, Rimon e Katziot in Israele.<\/p>\n<p style=\"text-align: justify;\">Alcuni prigionieri palestinesi all&#8217;interno della prigione di Katziot nel deserto del Negev hanno dato fuoco mercoled\u00ec a sette celle, in risposta a un raid in una sezione della prigione effettuato da unit\u00e0 speciali e soldati israeliani dispiegati da una vicina base militare.<\/p>\n<p style=\"text-align: justify;\">Israele ha anche vietato le visite familiari per i prigionieri palestinesi e ha esteso a sabato la sua &#8220;chiusura generale&#8221; della Cisgiordania occupata, mentre continua a cercare i prigionieri fuggiti da Gilboa.<\/p>\n<p style=\"text-align: justify;\">Luned\u00ec, sei detenuti palestinesi hanno scavato un tunnel fuori dalla prigione di Gilboa dopo aver scavato un buco che portava dal pavimento del bagno della loro cella per accedere ai passaggi costruiti durante la costruzione della prigione.<\/p>\n<p style=\"text-align: justify;\">Uno di loro \u00e8 un ex comandante delle Brigate dei martiri di al-Aqsa, e gli altri sono membri delle Brigate di al-Quds, l&#8217;ala militare della Jihad islamica. Hanno scavato il tunnel nel corso di diversi mesi, secondo un funzionario dell&#8217;IPS.<\/p>\n<p style=\"text-align: justify;\"><strong>Un &#8220;clamoroso fallimento della sicurezza&#8221;<\/strong><br \/>\nHamas, che governa Gaza, ha indetto venerd\u00ec una giornata di rabbia in solidariet\u00e0 con i prigionieri palestinesi. Ha invitato i palestinesi ad andare &#8220;ai punti di contatto e ad impegnarsi con l&#8217;esercito del nemico in risposta alla sua aggressione nei confronti dei prigionieri.<\/p>\n<p style=\"text-align: justify;\">&#8220;I nostri prigionieri nelle carceri non sono soli, e il nostro popolo eroico e la loro resistenza sono pronti a fare sacrifici e combattere battaglie per la libert\u00e0 dei prigionieri&#8221;, ha affermato Hamas in una nota.<\/p>\n<p style=\"text-align: justify;\">La Jihad islamica ha descritto la repressione israeliana sui prigionieri palestinesi come una &#8220;risposta di rappresaglia dell&#8217;occupazione dopo il clamoroso fallimento della sicurezza che ha afflitto l&#8217;occupazione e i suoi servizi di sicurezza&#8221;, in seguito alla fuga da Gilboa. &#8220;Qualsiasi danno ai prigionieri non sar\u00e0 tollerato e non lasceremo soli i nostri prigionieri e non li deluderemo&#8221;, afferma la dichiarazione della Jihad islamica.<\/p>\n<p style=\"text-align: justify;\">Wasel Abu Youssef, membro del Comitato Esecutivo dell&#8217;Organizzazione per la Liberazione della Palestina, ha affermato che le fazioni palestinesi rifiutano la &#8220;politica di molestie e violazioni israeliane contro [i prigionieri].<\/p>\n<p style=\"text-align: justify;\">&#8220;Ci\u00f2 che serve \u00e8 una grande manifestazione popolare in tutti i governatorati [palestinesi], tra cui Gerusalemme e la Striscia di Gaza, a sostegno dei prigionieri&#8230; La questione dei prigionieri unisce il popolo palestinese in tutte le aree della sua presenza&#8221;, ha detto Abu Youssef.<\/p>\n<p style=\"text-align: justify;\">Da luned\u00ec, Israele ha aumentato la sua presenza militare nella\u00a0West Bank. Le autorit\u00e0 hanno installato posti di blocco all&#8217;ingresso delle citt\u00e0 palestinesi, in particolare nelle citt\u00e0 del nord della Cisgiordania, tra cui Nablus, Jenin, Tulkarm e Qalqilya, dove i funzionari della sicurezza israeliani ritengono che i prigionieri potrebbero essere fuggiti.<\/p>\n<p>La prigione di Gilboa si trova 4 km a nord della Cisgiordania e 14 km a ovest della recinzione israeliana con la Giordania. Gioved\u00ec i funzionari giordani hanno smentito i resoconti dei media secondo cui i fuggitivi erano entrati nel loro territorio.<\/p>\n","protected":false},"excerpt":{"rendered":"<p>https:\/\/www.middleeasteye.net\/ 10 settembre 2021\u00a0 Medico colpito da arma da fuoco e\u00a0morto nel pomeriggio dopo un supposto accoltellamento mentre continuano le proteste in solidariet\u00e0 con gli evasi dal carcere. I palestinesi hanno protestato venerd\u00ec in diverse citt\u00e0 della Cisgiordania occupata, di &hellip; <a href=\"https:\/\/reteitalianaism.it\/reteism\/index.php\/2021\/09\/10\/palestinese-ucciso-durante-le-proteste-di-solidarieta-nel-giorno-della-rabbia-per-gli-evasi-dal-carcere\/\">Continue reading <span class=\"meta-nav\">&rarr;<\/span><\/a><\/p>\n","protected":false},"author":2,"featured_media":0,"comment_status":"open","ping_status":"open","sticky":false,"template":"","format":"standard","meta":{"footnotes":""},"categories":[3],"tags":[165,82,399,150],"class_list":["post-15898","post","type-post","status-publish","format-standard","hentry","category-info","tag-gaza-sotto-assedio","tag-gerusalemme-est","tag-giorno-della-rabbia","tag-violenza-dellesercito"],"_links":{"self":[{"href":"https:\/\/reteitalianaism.it\/reteism\/index.php\/wp-json\/wp\/v2\/posts\/15898","targetHints":{"allow":["GET"]}}],"collection":[{"href":"https:\/\/reteitalianaism.it\/reteism\/index.php\/wp-json\/wp\/v2\/posts"}],"about":[{"href":"https:\/\/reteitalianaism.it\/reteism\/index.php\/wp-json\/wp\/v2\/types\/post"}],"author":[{"embeddable":true,"href":"https:\/\/reteitalianaism.it\/reteism\/index.php\/wp-json\/wp\/v2\/users\/2"}],"replies":[{"embeddable":true,"href":"https:\/\/reteitalianaism.it\/reteism\/index.php\/wp-json\/wp\/v2\/comments?post=15898"}],"version-history":[{"count":2,"href":"https:\/\/reteitalianaism.it\/reteism\/index.php\/wp-json\/wp\/v2\/posts\/15898\/revisions"}],"predecessor-version":[{"id":15901,"href":"https:\/\/reteitalianaism.it\/reteism\/index.php\/wp-json\/wp\/v2\/posts\/15898\/revisions\/15901"}],"wp:attachment":[{"href":"https:\/\/reteitalianaism.it\/reteism\/index.php\/wp-json\/wp\/v2\/media?parent=15898"}],"wp:term":[{"taxonomy":"category","embeddable":true,"href":"https:\/\/reteitalianaism.it\/reteism\/index.php\/wp-json\/wp\/v2\/categories?post=15898"},{"taxonomy":"post_tag","embeddable":true,"href":"https:\/\/reteitalianaism.it\/reteism\/index.php\/wp-json\/wp\/v2\/tags?post=15898"}],"curies":[{"name":"wp","href":"https:\/\/api.w.org\/{rel}","templated":true}]}}