{"id":15988,"date":"2021-09-28T22:03:01","date_gmt":"2021-09-28T20:03:01","guid":{"rendered":"http:\/\/reteitalianaism.it\/reteism\/?p=15988"},"modified":"2021-09-28T22:06:30","modified_gmt":"2021-09-28T20:06:30","slug":"israele-mi-ha-proibito-di-dare-un-bacio-sulla-fronte-di-mia-figlia-dice-lex-prigioniera-palestinese","status":"publish","type":"post","link":"https:\/\/reteitalianaism.it\/reteism\/index.php\/2021\/09\/28\/israele-mi-ha-proibito-di-dare-un-bacio-sulla-fronte-di-mia-figlia-dice-lex-prigioniera-palestinese\/","title":{"rendered":"&#8220;Israele&#8221; mi ha proibito di dare l&#8217;ultimo bacio sulla fronte di mia figlia, dice l&#8217;ex prigioniera palestinese"},"content":{"rendered":"<p>27 settembre 2021<\/p>\n<p><a href=\"https:\/\/qudsnen.co\/?p=29756&amp;fbclid=IwAR3MPfkp4vyy71mMPzFy1AvpnrIrOxPg9_F1KDoUn-Sbgq1n8DAHPI2j8gg\">https:\/\/qudsnen.co<\/a><\/p>\n<div id=\"attachment_15989\" style=\"width: 547px\" class=\"wp-caption aligncenter\"><a href=\"http:\/\/reteitalianaism.it\/reteism\/wp-content\/uploads\/2021\/09\/F190228STR01-e1626168757185-1024x640-1.jpg\"><img loading=\"lazy\" decoding=\"async\" aria-describedby=\"caption-attachment-15989\" class=\" wp-image-15989\" src=\"http:\/\/reteitalianaism.it\/reteism\/wp-content\/uploads\/2021\/09\/F190228STR01-e1626168757185-1024x640-1-300x188.jpg\" alt=\"\" width=\"537\" height=\"337\" srcset=\"https:\/\/reteitalianaism.it\/reteism\/wp-content\/uploads\/2021\/09\/F190228STR01-e1626168757185-1024x640-1-300x188.jpg 300w, https:\/\/reteitalianaism.it\/reteism\/wp-content\/uploads\/2021\/09\/F190228STR01-e1626168757185-1024x640-1-768x480.jpg 768w, https:\/\/reteitalianaism.it\/reteism\/wp-content\/uploads\/2021\/09\/F190228STR01-e1626168757185-1024x640-1.jpg 1024w\" sizes=\"auto, (max-width: 537px) 100vw, 537px\" \/><\/a><p id=\"caption-attachment-15989\" class=\"wp-caption-text\">Khalida Jarrar, ex parlamentare palestinese del Fronte Popolare per la Liberazione della Palestina (FPLP), accolta dai suoi sostenitori dopo essere stata rilasciata da 20 mesi di detenzione. nella citt\u00e0 di Ramallah, in Cisgiordania, il 28 febbraio 2019<\/p><\/div>\n<p>Palestina occupata (QNN)- Ieri, 27 settembre, le autorit\u00e0 di occupazione israeliane hanno rilasciato la prigioniera politica palestinese Khalida Jarrar dalle sue carceri dopo che ha scontato due anni di detenzione.<!--more--><\/p>\n<p><em>Guarda | Le forze di occupazione israeliane rilasciano la combattente per la libert\u00e0 palestinese e deputata Khalida Jarrar dopo aver scontato 2,5 anni nelle prigioni israeliane.#FreeThemAll <a href=\"https:\/\/twitter.com\/QudsNen\/status\/1442147682051575809\/video\/1\">pic.twitter.com\/18HWIj0OWW<\/a><\/em><\/p>\n<p><strong>Chi \u00e8 Khalida Jarrar?<\/strong><\/p>\n<p>Khalida Jarrar, 58 anni, membro del Fronte Popolare per la Liberazione della Palestina (FPLP), \u00e8 stata incarcerata diverse volte dal 2015 dall&#8217;occupazione israeliana e ha trascorso numerosi periodi di detenzione amministrativa.<\/p>\n<p>Jarrar, che \u00e8 stata a lungo un obiettivo dell&#8217;occupazione israeliana a causa della sua natura schietta e del suo attivismo politico, \u00e8 stata arrestata per la prima volta nel 1989 e trattenuta per un mese senza processo<\/p>\n<p>Dal 1988, le autorit\u00e0 di occupazione le hanno vietato di viaggiare, ad eccezione di un viaggio di tre settimane ad Amman, in Giordania, per cure mediche.<\/p>\n<p>Per la sua seconda detenzione nel 2014, \u00e8 stata condannata a 15 mesi di carcere.<\/p>\n<p>\u00c8 stata arrestata per la terza volta nel 2017.<\/p>\n<p>\u00c8 stata rilasciata dalle carceri israeliane nel febbraio 2019 dopo aver trascorso 20 mesi in prigione, ma l&#8217;occupazione israeliana l&#8217;ha detenuta di nuovo nell&#8217;ottobre 2019 dalla sua casa nella citt\u00e0 di Ramallah ed \u00e8 stata accusata di aver preso una posizione nel FPLP.<\/p>\n<p>Jarrar \u00e8 stata trattenuta in detenzione amministrativa fino al marzo 2021, quando un tribunale militare israeliano l&#8217;ha accusata di &#8220;appartenenza a un&#8217;organizzazione illegale&#8221; a causa dell&#8217;affiliazione con il FPLP ed \u00e8 stata condannata a due anni e una multa di 4.000 NIS ($ 1.200).<\/p>\n<p>Jarrar \u00e8 stata eletta membro del Consiglio Legislativo nelle ultime elezioni parlamentari tenutesi nel 2006.<\/p>\n<p><strong>Primi momenti di libert\u00e0<\/strong><\/p>\n<p>Lo scorso luglio, nonostante gli appelli di massa, le autorit\u00e0 di occupazione si sono rifiutate di rilasciare Jarrar per poter partecipare ai funerali di sua figlia, Suha, il cui corpo \u00e8 stato trovato vicino al complesso medico palestinese a Ramallah, dove \u00e8 morta per un improvviso attacco di cuore e complicazioni di salute.<\/p>\n<p>\u201c\u00c8 stato molto difficile e doloroso sapere che la mia cara Suha \u00e8 morta, mi \u00e8 mancata troppo. Per favore, d\u00ec a tutti i miei cari di prendersi cura di s\u00e9 stessi, sono forte&#8221;, ha detto Jarrar al suo avvocato dopo essere stata informata della morte di sua figlia.<\/p>\n<p>Jarrar ha saputo della morte di sua figlia alla radio, prima ancora che il suo avvocato l&#8217;avesse informata.<\/p>\n<p>Ieri pomeriggio, le autorit\u00e0 di occupazione hanno rilasciato Jarrar al checkpoint di Salem, a ovest della citt\u00e0 di Jenin.<\/p>\n<p>Dopo il suo rilascio, Jarrar \u00e8 andata al cimitero di Ramallah dove \u00e8 sepolta sua figlia Suha.<\/p>\n<p>&#8220;Mi hanno proibito di partecipare al funerale della mia amata figlia e di darle un ultimo bacio sulla fronte&#8221;, ha detto Jarrar al cimitero.<\/p>\n<p>&#8220;Mi hanno negato il suo addio&#8221;, ha aggiunto prima di scoppiare in lacrime.<\/p>\n<p>&#8220;L&#8217;ultima volta che ho abbracciato Suha \u00e8 stata la notte del mio arresto nel 2019&#8243;, ha continuato.<\/p>\n<p>\u201c\u00c8 stato un momento difficile. Ma sentivo che il suo spirito mi stava accompagnando&#8221;, ha detto Jarrar.<\/p>\n","protected":false},"excerpt":{"rendered":"<p>27 settembre 2021 https:\/\/qudsnen.co Palestina occupata (QNN)- Ieri, 27 settembre, le autorit\u00e0 di occupazione israeliane hanno rilasciato la prigioniera politica palestinese Khalida Jarrar dalle sue carceri dopo che ha scontato due anni di detenzione.<\/p>\n","protected":false},"author":6,"featured_media":0,"comment_status":"open","ping_status":"open","sticky":false,"template":"","format":"standard","meta":{"footnotes":""},"categories":[3,67],"tags":[395,70,92,343,162,164],"class_list":["post-15988","post","type-post","status-publish","format-standard","hentry","category-info","category-prigionieri","tag-detenzione","tag-detenzione-amministrativa","tag-diritti-dei-prigionieri","tag-freedom-for-khalida-jarrar","tag-khalida-jarrar","tag-prigionieri"],"_links":{"self":[{"href":"https:\/\/reteitalianaism.it\/reteism\/index.php\/wp-json\/wp\/v2\/posts\/15988","targetHints":{"allow":["GET"]}}],"collection":[{"href":"https:\/\/reteitalianaism.it\/reteism\/index.php\/wp-json\/wp\/v2\/posts"}],"about":[{"href":"https:\/\/reteitalianaism.it\/reteism\/index.php\/wp-json\/wp\/v2\/types\/post"}],"author":[{"embeddable":true,"href":"https:\/\/reteitalianaism.it\/reteism\/index.php\/wp-json\/wp\/v2\/users\/6"}],"replies":[{"embeddable":true,"href":"https:\/\/reteitalianaism.it\/reteism\/index.php\/wp-json\/wp\/v2\/comments?post=15988"}],"version-history":[{"count":2,"href":"https:\/\/reteitalianaism.it\/reteism\/index.php\/wp-json\/wp\/v2\/posts\/15988\/revisions"}],"predecessor-version":[{"id":15991,"href":"https:\/\/reteitalianaism.it\/reteism\/index.php\/wp-json\/wp\/v2\/posts\/15988\/revisions\/15991"}],"wp:attachment":[{"href":"https:\/\/reteitalianaism.it\/reteism\/index.php\/wp-json\/wp\/v2\/media?parent=15988"}],"wp:term":[{"taxonomy":"category","embeddable":true,"href":"https:\/\/reteitalianaism.it\/reteism\/index.php\/wp-json\/wp\/v2\/categories?post=15988"},{"taxonomy":"post_tag","embeddable":true,"href":"https:\/\/reteitalianaism.it\/reteism\/index.php\/wp-json\/wp\/v2\/tags?post=15988"}],"curies":[{"name":"wp","href":"https:\/\/api.w.org\/{rel}","templated":true}]}}