{"id":16055,"date":"2021-10-15T16:54:28","date_gmt":"2021-10-15T14:54:28","guid":{"rendered":"http:\/\/reteitalianaism.it\/reteism\/?p=16055"},"modified":"2021-10-15T16:54:28","modified_gmt":"2021-10-15T14:54:28","slug":"west-bank-le-forze-israeliane-uccidono-il-palestinese-di-16-anni-da-gaza","status":"publish","type":"post","link":"https:\/\/reteitalianaism.it\/reteism\/index.php\/2021\/10\/15\/west-bank-le-forze-israeliane-uccidono-il-palestinese-di-16-anni-da-gaza\/","title":{"rendered":"West Bank: le forze israeliane uccidono il Palestinese di 16 anni da Gaza"},"content":{"rendered":"<p><a href=\"https:\/\/www.middleeasteye.net\/news\/israel-palestine-teenager-gaza-strip-killed-west-bank\">https:\/\/www.middleeasteye.net\/<\/a><\/p>\n<p><strong>15 ottobre 2021<\/strong> \u00a0 \u00a0 \u00a0 \u00a0 \u00a0 \u00a0 \u00a0 \u00a0 \u00a0 \u00a0 <em>Mustafa Abu Sneineh<\/em><\/p>\n<p style=\"text-align: justify;\">Amjad Oussama Abu Sultan \u00e8 stato gravemente ferito e in seguito \u00e8 morto per le sue ferite<\/p>\n<div id=\"attachment_16056\" style=\"width: 508px\" class=\"wp-caption aligncenter\"><a href=\"http:\/\/reteitalianaism.it\/reteism\/index.php\/2021\/10\/15\/west-bank-le-forze-israeliane-uccidono-il-palestinese-di-16-anni-da-gaza\/amjad-ousama-abu-sultan-for-two-hands-of-stone-and-of-thyme-i-dedicate-this-song-for-ahmad-forgotten-between-two-butterflies\/\" rel=\"attachment wp-att-16056\"><img loading=\"lazy\" decoding=\"async\" aria-describedby=\"caption-attachment-16056\" class=\" wp-image-16056\" src=\"http:\/\/reteitalianaism.it\/reteism\/wp-content\/uploads\/2021\/10\/Amjad-Ousama-Abu-Sultan-For-two-hands-of-stone-and-of-thyme-I-dedicate-this-song.-For-Ahmad-forgotten-between-two-butterflies-300x214.jpg\" alt=\"\" width=\"498\" height=\"355\" srcset=\"https:\/\/reteitalianaism.it\/reteism\/wp-content\/uploads\/2021\/10\/Amjad-Ousama-Abu-Sultan-For-two-hands-of-stone-and-of-thyme-I-dedicate-this-song.-For-Ahmad-forgotten-between-two-butterflies-300x214.jpg 300w, https:\/\/reteitalianaism.it\/reteism\/wp-content\/uploads\/2021\/10\/Amjad-Ousama-Abu-Sultan-For-two-hands-of-stone-and-of-thyme-I-dedicate-this-song.-For-Ahmad-forgotten-between-two-butterflies-1024x731.jpg 1024w, https:\/\/reteitalianaism.it\/reteism\/wp-content\/uploads\/2021\/10\/Amjad-Ousama-Abu-Sultan-For-two-hands-of-stone-and-of-thyme-I-dedicate-this-song.-For-Ahmad-forgotten-between-two-butterflies-768x549.jpg 768w, https:\/\/reteitalianaism.it\/reteism\/wp-content\/uploads\/2021\/10\/Amjad-Ousama-Abu-Sultan-For-two-hands-of-stone-and-of-thyme-I-dedicate-this-song.-For-Ahmad-forgotten-between-two-butterflies.jpg 1400w\" sizes=\"auto, (max-width: 498px) 100vw, 498px\" \/><\/a><p id=\"caption-attachment-16056\" class=\"wp-caption-text\">Amjad Oussama Abu Sultan, un 16enne dalla striscia di Gaza, \u00e8 stato ucciso vicino a un checkpoint militare a Beit Jala nella West Bank occupata (quotidiano al-quds)<\/p><\/div>\n<p style=\"text-align: justify;\">Le forze israeliane hanno ucciso un adolescente palestinese vicino alla citt\u00e0 di Betlemme Occupata gioved\u00ec sera, secondo le relazioni nei media palestinesi.<\/p>\n<p style=\"text-align: justify;\">Un portavoce ha detto che i soldati hanno aperto il fuoco su due palestinesi &#8220;che hanno lanciato bottiglie incendiarie presso la strada del tunnel&#8221; che collegano insediamenti illegali nella West Bank del sud ovest.<!--more--><\/p>\n<p style=\"text-align: justify;\">Il giornalista di base a Gerusalemme ha riferito che Amjad Oussama Abu Sultan, un 16enne dalla striscia di Gaza, \u00e8 stato ucciso vicino a un checkpoint militare a Beit Jala, una citt\u00e0 a sud della Cisgiordania, e che Israele sta ancora trattenendo il suo corpo.<\/p>\n<p style=\"text-align: justify;\">Secondo l&#8217;esercito israeliano, Abu Sultan \u00e8 stato gravemente ferito e in seguito \u00e8 morto per le sue ferite, mentre un quattordicenne chiamato Mohammed Al-Arouj \u00e8 stato arrestato nella zona.<\/p>\n<p style=\"text-align: justify;\">I media palestinesi hanno riferito che Abu Sultan \u00e8 stato ucciso e Arouj arrestato durante un raid notturno dalle forze israeliane della Bier Ouneh, e che i due adolescenti non avevano lanciato cocktail Molotov ai veicoli israeliani.<\/p>\n<p style=\"text-align: justify;\">Le fazioni politiche palestinesi di Fatah e Hamas hanno condannato subito l&#8217;omicidio di Abu Sultan, chiamandolo &#8220;un brutto crimine&#8221;.<\/p>\n<p style=\"text-align: justify;\"><strong>Arresti e uccisioni<\/strong><br \/>\nA settembre, tre palestinesi sono stati uccisi dal fuoco israeliano nella Gerusalemme orientale occupata, la Cisgiordania e la Striscia di Gaza.<\/p>\n<p style=\"text-align: justify;\">Le forze israeliane svolgono raid notturni regolari per arrestare gli attivisti politici palestinesi in varie aree della West Bank e Gerusalemme Est.<\/p>\n<p style=\"text-align: justify;\">Gioved\u00ec, le forze israeliane hanno arrestato tre palestinesi di Nablus, tra cui Hamed Al-Srawi, un ufficiale dei servizi di intelligence dell&#8217;Autorit\u00e0 palestinese, e Majd Abu Sharar, un capitano nell&#8217;agenzia nazionale di sicurezza nazionale, secondo l&#8217;Agenzia di stampa palestinese, WAFA.<\/p>\n<p style=\"text-align: justify;\">A Hebron, hanno anche arrestato sei persone del campo profughi di Al-Aroub, due da Beit Sahour, due dalla citt\u00e0 di Qabatyeh, e una persona nella citt\u00e0 di Ramallah durante un raid notturno del quartiere di Al-Tireh. Inoltre hanno trattenuto un&#8217;altra persona al checkpoint militare di Qalandia dopo aver sparato al suo veicolo.<\/p>\n<p style=\"text-align: justify;\">Wafa ha riferito che diversi palestinesi sono rimasti coinvolti in nubi di gas lacrimogeni quando le forze israeliane hanno sparato nei dintorni della sostanza chimica irritante durante un raid gioved\u00ec del villaggio palestinese di Duma, vicino a Nablus.<\/p>\n<p style=\"text-align: justify;\">Poich\u00e9 occupando la West Bank nel 1967, Israele ha creato una rete di checkpoints e autostrade militari sulla terra palestinese per collegare insediamenti illegali, dove 440.000 persone vivono sotto protezione militare in mezzo a 3,2 milioni di palestinesi.<\/p>\n<p style=\"text-align: justify;\">\n","protected":false},"excerpt":{"rendered":"<p>https:\/\/www.middleeasteye.net\/ 15 ottobre 2021 \u00a0 \u00a0 \u00a0 \u00a0 \u00a0 \u00a0 \u00a0 \u00a0 \u00a0 \u00a0 Mustafa Abu Sneineh Amjad Oussama Abu Sultan \u00e8 stato gravemente ferito e in seguito \u00e8 morto per le sue ferite Le forze israeliane hanno ucciso un &hellip; <a href=\"https:\/\/reteitalianaism.it\/reteism\/index.php\/2021\/10\/15\/west-bank-le-forze-israeliane-uccidono-il-palestinese-di-16-anni-da-gaza\/\">Continue reading <span class=\"meta-nav\">&rarr;<\/span><\/a><\/p>\n","protected":false},"author":2,"featured_media":0,"comment_status":"open","ping_status":"open","sticky":false,"template":"","format":"standard","meta":{"footnotes":""},"categories":[3],"tags":[88,23,82,51],"class_list":["post-16055","post","type-post","status-publish","format-standard","hentry","category-info","tag-betlemme","tag-diritti-umani","tag-gerusalemme-est","tag-violenza-sui-minori"],"_links":{"self":[{"href":"https:\/\/reteitalianaism.it\/reteism\/index.php\/wp-json\/wp\/v2\/posts\/16055","targetHints":{"allow":["GET"]}}],"collection":[{"href":"https:\/\/reteitalianaism.it\/reteism\/index.php\/wp-json\/wp\/v2\/posts"}],"about":[{"href":"https:\/\/reteitalianaism.it\/reteism\/index.php\/wp-json\/wp\/v2\/types\/post"}],"author":[{"embeddable":true,"href":"https:\/\/reteitalianaism.it\/reteism\/index.php\/wp-json\/wp\/v2\/users\/2"}],"replies":[{"embeddable":true,"href":"https:\/\/reteitalianaism.it\/reteism\/index.php\/wp-json\/wp\/v2\/comments?post=16055"}],"version-history":[{"count":2,"href":"https:\/\/reteitalianaism.it\/reteism\/index.php\/wp-json\/wp\/v2\/posts\/16055\/revisions"}],"predecessor-version":[{"id":16058,"href":"https:\/\/reteitalianaism.it\/reteism\/index.php\/wp-json\/wp\/v2\/posts\/16055\/revisions\/16058"}],"wp:attachment":[{"href":"https:\/\/reteitalianaism.it\/reteism\/index.php\/wp-json\/wp\/v2\/media?parent=16055"}],"wp:term":[{"taxonomy":"category","embeddable":true,"href":"https:\/\/reteitalianaism.it\/reteism\/index.php\/wp-json\/wp\/v2\/categories?post=16055"},{"taxonomy":"post_tag","embeddable":true,"href":"https:\/\/reteitalianaism.it\/reteism\/index.php\/wp-json\/wp\/v2\/tags?post=16055"}],"curies":[{"name":"wp","href":"https:\/\/api.w.org\/{rel}","templated":true}]}}