{"id":16067,"date":"2021-10-18T17:49:05","date_gmt":"2021-10-18T15:49:05","guid":{"rendered":"http:\/\/reteitalianaism.it\/reteism\/?p=16067"},"modified":"2021-10-18T17:49:05","modified_gmt":"2021-10-18T15:49:05","slug":"gl-israeliani-negano-a-una-donna-palestinese-appena-rilasciata-il-ricongiungimento-con-la-famiglia-a-gaza","status":"publish","type":"post","link":"https:\/\/reteitalianaism.it\/reteism\/index.php\/2021\/10\/18\/gl-israeliani-negano-a-una-donna-palestinese-appena-rilasciata-il-ricongiungimento-con-la-famiglia-a-gaza\/","title":{"rendered":"Gl israeliani negano a una donna palestinese appena rilasciata il ricongiungimento con la famiglia a Gaza"},"content":{"rendered":"<p><a href=\"https:\/\/www.middleeasteye.net\/news\/israel-palestine-gaza-woman-prisoner-released-barred-reuniting-family\">https:\/\/www.middleeasteye.net\/<\/a><\/p>\n<p><strong>18 ottobre 2021<\/strong> \u00a0 \u00a0 \u00a0 \u00a0 \u00a0 \u00a0 \u00a0<em> Mustafa Abu Sneineh<\/em><\/p>\n<p style=\"text-align: justify;\">A Nisreen Abu Kameel, cittadina palestinese di Israele, \u00e8 stato negato l&#8217;ingresso nella Striscia di Gaza, dove vivono i suoi sette figli e il marito da 20 anni<\/p>\n<div id=\"attachment_16068\" style=\"width: 502px\" class=\"wp-caption aligncenter\"><a href=\"http:\/\/reteitalianaism.it\/reteism\/index.php\/2021\/10\/18\/gl-israeliani-negano-a-una-donna-palestinese-appena-rilasciata-il-ricongiungimento-con-la-famiglia-a-gaza\/palestinian-prisoner-nisreen-abu-kameel-giving-an-interview-outside-israeli-damon-prison-following-her-release-on-sunday-screengrab-aljarmaqnet-1\/\" rel=\"attachment wp-att-16068\"><img loading=\"lazy\" decoding=\"async\" aria-describedby=\"caption-attachment-16068\" class=\" wp-image-16068\" src=\"http:\/\/reteitalianaism.it\/reteism\/wp-content\/uploads\/2021\/10\/Palestinian-prisoner-Nisreen-Abu-Kameel-giving-an-interview-outside-Israeli-Damon-prison-following-her-release-on-Sunday-Screengrab-aljarmaqnet-1-300x169.jpg\" alt=\"\" width=\"492\" height=\"277\" srcset=\"https:\/\/reteitalianaism.it\/reteism\/wp-content\/uploads\/2021\/10\/Palestinian-prisoner-Nisreen-Abu-Kameel-giving-an-interview-outside-Israeli-Damon-prison-following-her-release-on-Sunday-Screengrab-aljarmaqnet-1-300x169.jpg 300w, https:\/\/reteitalianaism.it\/reteism\/wp-content\/uploads\/2021\/10\/Palestinian-prisoner-Nisreen-Abu-Kameel-giving-an-interview-outside-Israeli-Damon-prison-following-her-release-on-Sunday-Screengrab-aljarmaqnet-1-1024x576.jpg 1024w, https:\/\/reteitalianaism.it\/reteism\/wp-content\/uploads\/2021\/10\/Palestinian-prisoner-Nisreen-Abu-Kameel-giving-an-interview-outside-Israeli-Damon-prison-following-her-release-on-Sunday-Screengrab-aljarmaqnet-1-768x432.jpg 768w, https:\/\/reteitalianaism.it\/reteism\/wp-content\/uploads\/2021\/10\/Palestinian-prisoner-Nisreen-Abu-Kameel-giving-an-interview-outside-Israeli-Damon-prison-following-her-release-on-Sunday-Screengrab-aljarmaqnet-1.jpg 1400w\" sizes=\"auto, (max-width: 492px) 100vw, 492px\" \/><\/a><p id=\"caption-attachment-16068\" class=\"wp-caption-text\">L&#8217;ex prigioniera palestinese Nisreen Abu Kameel rilascia un&#8217;intervista ai media locali fuori dalla prigione di Damon dopo il suo rilascio domenica (Screengrab\/Al-Jarmaqnet)<\/p><\/div>\n<p style=\"text-align: justify;\">Le autorit\u00e0 israeliane stanno impedendo a una donna palestinese recentemente rilasciata dal carcere di riunirsi con la sua famiglia nella Striscia di Gaza assediata, suscitando indignazione.<\/p>\n<p style=\"text-align: justify;\">Nisreen Abu Kameel, 46 anni, \u00e8 una cittadina palestinese di Israele nata ad Haifa ma sposata con un palestinese che vive a Gaza, con il quale ha sette figli.<!--more--><\/p>\n<p style=\"text-align: justify;\">Dopo essere stata detenuta per sei anni per presunto spionaggio, Abu Kameel \u00e8 stata rilasciata domenica dalla prigione di Damon.<\/p>\n<p style=\"text-align: justify;\">Lo stesso giorno, si \u00e8 diretta al valico di Erez tra Israele e Gaza, ma le \u00e8 stato negato l&#8217;ingresso dalle autorit\u00e0 israeliane sulla base del fatto che i cittadini israeliani non sono autorizzati a entrare nel territorio palestinese sotto assedio.<\/p>\n<p style=\"text-align: justify;\">Ha trascorso la domenica notte a Erez in segno di protesta, secondo i media palestinesi, mentre la sua famiglia aspettava dall&#8217;altra parte del valico.<\/p>\n<p style=\"text-align: justify;\">&#8220;Sono sposata da 20 anni a Gaza, ed \u00e8 mio diritto tornare a casa mia e riunirmi con mio marito e i miei figli&#8221;, ha detto Abu Kameel ad Al-Jazeera. &#8220;Ho aspettato giorni e ho contato le ore per tornare da loro.&#8221;<\/p>\n<p style=\"text-align: justify;\">Abu Kameel ha incontrato suo marito, Hazem Abu Kameel, di 50 anni, prima della Seconda Intifada iniziata nel 2000, quando lavorava come bracciante in Israele.<\/p>\n<p style=\"text-align: justify;\">Allora, la Striscia di Gaza non era ancora sotto un vasto blocco terrestre, aereo e marittimo guidato da Israele, con insediamenti israeliani presenti nell&#8217;area.<\/p>\n<p style=\"text-align: justify;\">Nisreen \u00e8 stata arrestata dalle autorit\u00e0 israeliane nel 2015, con l&#8217;accusa di spiare per conto di fazioni palestinesi nella Striscia di Gaza, e di aver fotografato il porto di Haifa durante la sua ultima visita alla citt\u00e0 nel 2014.<\/p>\n<p style=\"text-align: justify;\">Nisreen e la sua famiglia hanno respinto le accuse di spionaggio che hanno portato alla sua pena detentiva.<\/p>\n<p style=\"text-align: justify;\">Nisreen \u00e8 ora tornata nella sua citt\u00e0 natale, Haifa, in attesa di ottenere un permesso per entrare nella Striscia di Gaza, assediata dal 2007.<\/p>\n<p style=\"text-align: justify;\">I cittadini palestinesi di Israele, che costituiscono il 20% della popolazione del paese, sono i discendenti di coloro che rimasero nella Palestina storica quando la maggior parte dei palestinesi fu espulsa o fuggita durante la costituzione dello stato di Israele nel 1948, noto anche come Nakba.<\/p>\n<p style=\"text-align: justify;\">Attualmente, ci sono 36 donne palestinesi detenute nelle carceri israeliane, secondo il gruppo per i diritti dei prigionieri Addameer.<\/p>\n<p style=\"text-align: justify;\">\n","protected":false},"excerpt":{"rendered":"<p>https:\/\/www.middleeasteye.net\/ 18 ottobre 2021 \u00a0 \u00a0 \u00a0 \u00a0 \u00a0 \u00a0 \u00a0 Mustafa Abu Sneineh A Nisreen Abu Kameel, cittadina palestinese di Israele, \u00e8 stato negato l&#8217;ingresso nella Striscia di Gaza, dove vivono i suoi sette figli e il marito da &hellip; <a href=\"https:\/\/reteitalianaism.it\/reteism\/index.php\/2021\/10\/18\/gl-israeliani-negano-a-una-donna-palestinese-appena-rilasciata-il-ricongiungimento-con-la-famiglia-a-gaza\/\">Continue reading <span class=\"meta-nav\">&rarr;<\/span><\/a><\/p>\n","protected":false},"author":2,"featured_media":0,"comment_status":"open","ping_status":"open","sticky":false,"template":"","format":"standard","meta":{"footnotes":""},"categories":[3],"tags":[22,23,165],"class_list":["post-16067","post","type-post","status-publish","format-standard","hentry","category-info","tag-diritti-prigionieri","tag-diritti-umani","tag-gaza-sotto-assedio"],"_links":{"self":[{"href":"https:\/\/reteitalianaism.it\/reteism\/index.php\/wp-json\/wp\/v2\/posts\/16067","targetHints":{"allow":["GET"]}}],"collection":[{"href":"https:\/\/reteitalianaism.it\/reteism\/index.php\/wp-json\/wp\/v2\/posts"}],"about":[{"href":"https:\/\/reteitalianaism.it\/reteism\/index.php\/wp-json\/wp\/v2\/types\/post"}],"author":[{"embeddable":true,"href":"https:\/\/reteitalianaism.it\/reteism\/index.php\/wp-json\/wp\/v2\/users\/2"}],"replies":[{"embeddable":true,"href":"https:\/\/reteitalianaism.it\/reteism\/index.php\/wp-json\/wp\/v2\/comments?post=16067"}],"version-history":[{"count":2,"href":"https:\/\/reteitalianaism.it\/reteism\/index.php\/wp-json\/wp\/v2\/posts\/16067\/revisions"}],"predecessor-version":[{"id":16070,"href":"https:\/\/reteitalianaism.it\/reteism\/index.php\/wp-json\/wp\/v2\/posts\/16067\/revisions\/16070"}],"wp:attachment":[{"href":"https:\/\/reteitalianaism.it\/reteism\/index.php\/wp-json\/wp\/v2\/media?parent=16067"}],"wp:term":[{"taxonomy":"category","embeddable":true,"href":"https:\/\/reteitalianaism.it\/reteism\/index.php\/wp-json\/wp\/v2\/categories?post=16067"},{"taxonomy":"post_tag","embeddable":true,"href":"https:\/\/reteitalianaism.it\/reteism\/index.php\/wp-json\/wp\/v2\/tags?post=16067"}],"curies":[{"name":"wp","href":"https:\/\/api.w.org\/{rel}","templated":true}]}}