{"id":16076,"date":"2021-10-20T21:51:02","date_gmt":"2021-10-20T19:51:02","guid":{"rendered":"http:\/\/reteitalianaism.it\/reteism\/?p=16076"},"modified":"2021-10-20T21:51:02","modified_gmt":"2021-10-20T19:51:02","slug":"gerusalemme-israele-aggredisce-e-arresta-i-palestinesi-che-celebrano-la-nascita-del-profeta-maometto","status":"publish","type":"post","link":"https:\/\/reteitalianaism.it\/reteism\/index.php\/2021\/10\/20\/gerusalemme-israele-aggredisce-e-arresta-i-palestinesi-che-celebrano-la-nascita-del-profeta-maometto\/","title":{"rendered":"Gerusalemme: Israele aggredisce e arresta i palestinesi che celebrano la nascita del profeta Maometto"},"content":{"rendered":"<p style=\"text-align: justify;\"><a href=\"https:\/\/www.middleeasteye.net\/news\/israel-palestine-jerusalem-mawlid-celebration-attacked-detained\">https:\/\/www.middleeasteye.net\/<\/a><\/p>\n<p style=\"text-align: justify;\"><strong>20 ottobre 2021<\/strong> \u00a0 \u00a0 \u00a0 \u00a0 \u00a0 \u00a0 \u00a0 <em>Mustafa Abu Sneineh, Aseel Jundi<\/em><\/p>\n<p style=\"text-align: justify;\">Decine di migliaia di palestinesi hanno partecipato alla processione di Mawlid al-Nabi a Gerusalemme, tra percosse, granate stordenti e lacrimogeni<\/p>\n<div id=\"attachment_16077\" style=\"width: 503px\" class=\"wp-caption aligncenter\"><a href=\"http:\/\/reteitalianaism.it\/reteism\/index.php\/2021\/10\/20\/gerusalemme-israele-aggredisce-e-arresta-i-palestinesi-che-celebrano-la-nascita-del-profeta-maometto\/palestinian-scouts-playing-drums-and-bagpipes-to-celebrate-prophet-mohammads-birth-anniversary-in-al-aqsa-mosque-in-occupied-east-jerusalem-19-october-2021-reuters\/\" rel=\"attachment wp-att-16077\"><img loading=\"lazy\" decoding=\"async\" aria-describedby=\"caption-attachment-16077\" class=\" wp-image-16077\" src=\"http:\/\/reteitalianaism.it\/reteism\/wp-content\/uploads\/2021\/10\/Palestinian-scouts-playing-drums-and-bagpipes-to-celebrate-Prophet-Mohammads-birth-anniversary-in-Al-Aqsa-Mosque-in-occupied-East-Jerusalem-19-October-2021-Reuters-300x169.jpg\" alt=\"\" width=\"493\" height=\"278\" srcset=\"https:\/\/reteitalianaism.it\/reteism\/wp-content\/uploads\/2021\/10\/Palestinian-scouts-playing-drums-and-bagpipes-to-celebrate-Prophet-Mohammads-birth-anniversary-in-Al-Aqsa-Mosque-in-occupied-East-Jerusalem-19-October-2021-Reuters-300x169.jpg 300w, https:\/\/reteitalianaism.it\/reteism\/wp-content\/uploads\/2021\/10\/Palestinian-scouts-playing-drums-and-bagpipes-to-celebrate-Prophet-Mohammads-birth-anniversary-in-Al-Aqsa-Mosque-in-occupied-East-Jerusalem-19-October-2021-Reuters-1024x576.jpg 1024w, https:\/\/reteitalianaism.it\/reteism\/wp-content\/uploads\/2021\/10\/Palestinian-scouts-playing-drums-and-bagpipes-to-celebrate-Prophet-Mohammads-birth-anniversary-in-Al-Aqsa-Mosque-in-occupied-East-Jerusalem-19-October-2021-Reuters-768x432.jpg 768w, https:\/\/reteitalianaism.it\/reteism\/wp-content\/uploads\/2021\/10\/Palestinian-scouts-playing-drums-and-bagpipes-to-celebrate-Prophet-Mohammads-birth-anniversary-in-Al-Aqsa-Mosque-in-occupied-East-Jerusalem-19-October-2021-Reuters.jpg 1400w\" sizes=\"auto, (max-width: 493px) 100vw, 493px\" \/><\/a><p id=\"caption-attachment-16077\" class=\"wp-caption-text\">Scout palestinesi suonano tamburi e cornamuse per celebrare la nascita del profeta Maometto, nella moschea di al-Aqsa a Gerusalemme est occupata, 19 ottobre 2021 (Reuters)<\/p><\/div>\n<p style=\"text-align: justify;\">Dozzine di palestinesi sono stati feriti e arrestati dalle forze israeliane marted\u00ec durante la celebrazione della nascita del profeta Maometto nella piazza della Porta di Damasco, nella Gerusalemme est occupata.<\/p>\n<p style=\"text-align: justify;\">Le forze militari israeliane hanno disperso i palestinesi che si erano radunati alla Porta di Damasco con acqua puzzolente, cani e percosse con bastoni. Hanno anche sparato granate stordenti e lacrimogeni, hanno detto testimoni oculari a Middle East Eye.<!--more--><\/p>\n<p style=\"text-align: justify;\">&#8220;Israele sta cercando di disturbare l&#8217;atmosfera di gioia per i palestinesi e di molestarli&#8221;<br \/>\n&#8211; Ekrima Sabri, imam . della moschea di al-Aqsa<br \/>\nLa Mezzaluna Rossa Palestinese ha affermato che 17 persone hanno subito varie lesioni causate da proiettili ricoperti di gomma, soffocamento con gas lacrimogeni, percosse e granate stordenti. Dieci palestinesi sono stati ricoverati in ospedale, mentre gli altri sono stati curati sul posto.<\/p>\n<p style=\"text-align: justify;\">La polizia israeliana ha affermato di aver arrestato 22 palestinesi, mentre una compagnia di autobus israeliana che trasportava coloni al Muro Occidentale nella citt\u00e0 vecchia ha dichiarato di aver sospeso temporaneamente i suoi servizi, dopo che due passeggeri sono rimasti leggermente feriti da pietre lanciate dai palestinesi.<\/p>\n<p style=\"text-align: justify;\">Decine di migliaia di palestinesi avevano partecipato alla processione di Mawlid al-Nabi, che segna la nascita del profeta, a Gerusalemme est. L&#8217;evento \u00e8 celebrato e amato in tutto il mondo musulmano: vengono eseguiti canti religiosi inneggianti al profeta e viene recitato il Corano.<\/p>\n<p style=\"text-align: justify;\">Il gruppo di scouting del palestinese Al-Quds Hilal Club aveva eseguito diversi canti nazionali e religiosi, e suonato tamburi e cornamuse, procedendo da Saladin Street, attraverso Sultan Suleiman Street adiacente alle antiche mura di Gerusalemme, verso la Porta di Damasco e poi al complesso della moschea di al-Aqsa.<\/p>\n<p style=\"text-align: justify;\">Lo sceicco Ekrima Sabri, imam della moschea di al-Aqsa, ha dichiarato a Middle East Eye che la processione di Mawlid al-Nabi \u00e8 stata &#8220;maestosa&#8221;, con quasi 100.000 palestinesi che hanno partecipato all&#8217;evento.<\/p>\n<p style=\"text-align: justify;\">&#8220;Questa scena incredibile fa infuriare l&#8217;occupazione [israeliana], a cui non piace la presenza di un gran numero di musulmani nella moschea di al-Aqsa&#8221;, ha detto Sabri. &#8220;Pertanto, Israele sta cercando di disturbare l&#8217;atmosfera di gioia per i palestinesi e di molestarli. Questo \u00e8 ci\u00f2 che abbiamo visto quando [le forze israeliane] hanno iniziato a inseguire e arrestare i bambini&#8230; Le misure di occupazione israeliane sono repressive e portano a diffondere l&#8217;insicurezza nella citt\u00e0.&#8221;<\/p>\n<p style=\"text-align: justify;\">Sabri ha anche affermato che i palestinesi hanno il diritto di utilizzare il sito pubblico della Porta di Damasco &#8220;ogni giorno e regolarmente&#8221;.<\/p>\n<p style=\"text-align: justify;\">Naser al-Hidmi, capo dell&#8217;Autorit\u00e0 di Gerusalemme contro l&#8217;ebraismo, ha detto a MEE che la Porta di Damasco \u00e8 diventata un simbolo nazionale e sociale palestinese.<\/p>\n<p style=\"text-align: justify;\">&#8220;\u00c8 una battaglia per l&#8217;identit\u00e0 ed \u00e8 per questo che le autorit\u00e0 di occupazione sono infastidite&#8221; dai palestinesi seduti nella piazza della Porta di Damasco, ha aggiunto Hidmi.<\/p>\n<p style=\"text-align: justify;\">Ha detto che l&#8217;antica porta, da cui i residenti e i viaggiatori di Gerusalemme partivano a nord verso Damasco e Aleppo, \u00e8 diventata un luogo di intrattenimento e sit-in di protesta contro l&#8217;occupazione israeliana.<\/p>\n<p style=\"text-align: justify;\">&#8220;Sono le porte pi\u00f9 maestose della citt\u00e0, dove passano gli acquirenti e i fedeli, e dove i palestinesi si riuniscono per celebrare il Ramadan, e questo ha infastidito l&#8217;occupazione [israeliana], che mira a indebolire queste attivit\u00e0 nella citt\u00e0 vecchia&#8221;, ha detto.<\/p>\n<p style=\"text-align: justify;\">I coloni israeliani usano anche la Porta di Damasco per raggiungere il Muro Occidentale, per eseguire preghiere ebraiche e &#8220;questo ha creato tensione tra i palestinesi e le forze israeliane che vogliono garantire scale e piazze vuote affinch\u00e9 i coloni possano raggiungere la loro destinazione&#8221;, ha aggiunto Hidmi.<\/p>\n<p style=\"text-align: justify;\">Hidmi non ha escluso la possibilit\u00e0 di altri scontri a Gerusalemme est.<\/p>\n<p style=\"text-align: justify;\"><strong>Punto di infiammabilit\u00e0 del conflitto<\/strong><br \/>\nA maggio, la Porta di Damasco \u00e8 stata uno dei focolai che si sono trasformati in un conflitto armato tra Israele e fazioni palestinesi. Israele ha poi impedito ai palestinesi di radunarsi nell&#8217;area e di svolgere eventi nel mese sacro del Ramadan, che hanno portato a scontri.<\/p>\n<p style=\"text-align: justify;\">I gruppi di destra israeliani avevano anche tentato di marciare a maggio attraverso la Porta di Damasco, portando centinaia di bandiere israeliane. Tuttavia, il percorso del corteo \u00e8 stato modificato e successivamente annullato quando i palestinesi hanno lanciato razzi dalla Striscia di Gaza verso la periferia di Gerusalemme occupata.<\/p>\n<p style=\"text-align: justify;\">Le tensioni a Gerusalemme Est sono aumentate nelle ultime due settimane, a seguito di diverse decisioni e azioni israeliane in citt\u00e0.<\/p>\n<p style=\"text-align: justify;\">Un tribunale israeliano ha deciso di consentire preghiere ebraiche &#8220;non percettibili&#8221; alla moschea di al-Aqsa, mentre i coloni avevano aumentato ogni giorno le loro pause quotidiane nel complesso di al-Aqsa per\u00a0espandere la presenza ebraica intorno alla parte orientale del complesso, e trasformarla in un&#8217;esclusiva area di preghiera ebraica.<\/p>\n<p style=\"text-align: justify;\">La scorsa settimana, gli scontri sono scoppiati a Gerusalemme Est dopo che le autorit\u00e0 israeliane hanno raso al suolo parte di un cimitero palestinese, esponendo ossa umane sepolte in una sezione dove furono seppelliti i soldati giordani uccisi durante la guerra del 1967.<\/p>\n<p style=\"text-align: justify;\">Il governo israeliano aveva anche approvato la prima costruzione di un nuovo insediamento nella citt\u00e0 in 30 anni, e i suoi ministri hanno partecipato a una importante riunione con ex funzionari statunitensi, tenutosi in un controverso che sovrasta un cimitero islamico, per promuovere accordi di normalizzazione con i paesi arabi.<\/p>\n<p>&nbsp;<\/p>\n","protected":false},"excerpt":{"rendered":"<p>https:\/\/www.middleeasteye.net\/ 20 ottobre 2021 \u00a0 \u00a0 \u00a0 \u00a0 \u00a0 \u00a0 \u00a0 Mustafa Abu Sneineh, Aseel Jundi Decine di migliaia di palestinesi hanno partecipato alla processione di Mawlid al-Nabi a Gerusalemme, tra percosse, granate stordenti e lacrimogeni Dozzine di palestinesi sono &hellip; <a href=\"https:\/\/reteitalianaism.it\/reteism\/index.php\/2021\/10\/20\/gerusalemme-israele-aggredisce-e-arresta-i-palestinesi-che-celebrano-la-nascita-del-profeta-maometto\/\">Continue reading <span class=\"meta-nav\">&rarr;<\/span><\/a><\/p>\n","protected":false},"author":2,"featured_media":0,"comment_status":"open","ping_status":"open","sticky":false,"template":"","format":"standard","meta":{"footnotes":""},"categories":[3],"tags":[82,37,41],"class_list":["post-16076","post","type-post","status-publish","format-standard","hentry","category-info","tag-gerusalemme-est","tag-occupazione","tag-pulizia-etnica"],"_links":{"self":[{"href":"https:\/\/reteitalianaism.it\/reteism\/index.php\/wp-json\/wp\/v2\/posts\/16076","targetHints":{"allow":["GET"]}}],"collection":[{"href":"https:\/\/reteitalianaism.it\/reteism\/index.php\/wp-json\/wp\/v2\/posts"}],"about":[{"href":"https:\/\/reteitalianaism.it\/reteism\/index.php\/wp-json\/wp\/v2\/types\/post"}],"author":[{"embeddable":true,"href":"https:\/\/reteitalianaism.it\/reteism\/index.php\/wp-json\/wp\/v2\/users\/2"}],"replies":[{"embeddable":true,"href":"https:\/\/reteitalianaism.it\/reteism\/index.php\/wp-json\/wp\/v2\/comments?post=16076"}],"version-history":[{"count":2,"href":"https:\/\/reteitalianaism.it\/reteism\/index.php\/wp-json\/wp\/v2\/posts\/16076\/revisions"}],"predecessor-version":[{"id":16079,"href":"https:\/\/reteitalianaism.it\/reteism\/index.php\/wp-json\/wp\/v2\/posts\/16076\/revisions\/16079"}],"wp:attachment":[{"href":"https:\/\/reteitalianaism.it\/reteism\/index.php\/wp-json\/wp\/v2\/media?parent=16076"}],"wp:term":[{"taxonomy":"category","embeddable":true,"href":"https:\/\/reteitalianaism.it\/reteism\/index.php\/wp-json\/wp\/v2\/categories?post=16076"},{"taxonomy":"post_tag","embeddable":true,"href":"https:\/\/reteitalianaism.it\/reteism\/index.php\/wp-json\/wp\/v2\/tags?post=16076"}],"curies":[{"name":"wp","href":"https:\/\/api.w.org\/{rel}","templated":true}]}}