{"id":16090,"date":"2021-10-23T11:07:25","date_gmt":"2021-10-23T09:07:25","guid":{"rendered":"http:\/\/reteitalianaism.it\/reteism\/?p=16090"},"modified":"2021-10-23T11:09:25","modified_gmt":"2021-10-23T09:09:25","slug":"starving-for-freedom-6-prigionieri-palestinesi-nelle-carceri-israeliane-continuano-il-loro-sciopero-della-fame","status":"publish","type":"post","link":"https:\/\/reteitalianaism.it\/reteism\/index.php\/2021\/10\/23\/starving-for-freedom-6-prigionieri-palestinesi-nelle-carceri-israeliane-continuano-il-loro-sciopero-della-fame\/","title":{"rendered":"Starving for Freedom: 6 prigionieri palestinesi nelle carceri israeliane continuano il loro sciopero della fame"},"content":{"rendered":"<p>21 ottobre 2021<\/p>\n<p><a href=\"https:\/\/qudsnen.co\/?p=30623\">https:\/\/qudsnen.co\/?p=30623<\/a><\/p>\n<p><a href=\"http:\/\/reteitalianaism.it\/reteism\/wp-content\/uploads\/2021\/10\/IMG_20211021_154342-1241x1536-1.jpg\"><img loading=\"lazy\" decoding=\"async\" class=\" wp-image-16091 aligncenter\" src=\"http:\/\/reteitalianaism.it\/reteism\/wp-content\/uploads\/2021\/10\/IMG_20211021_154342-1241x1536-1-242x300.jpg\" alt=\"\" width=\"445\" height=\"552\" srcset=\"https:\/\/reteitalianaism.it\/reteism\/wp-content\/uploads\/2021\/10\/IMG_20211021_154342-1241x1536-1-242x300.jpg 242w, https:\/\/reteitalianaism.it\/reteism\/wp-content\/uploads\/2021\/10\/IMG_20211021_154342-1241x1536-1-827x1024.jpg 827w, https:\/\/reteitalianaism.it\/reteism\/wp-content\/uploads\/2021\/10\/IMG_20211021_154342-1241x1536-1-768x951.jpg 768w, https:\/\/reteitalianaism.it\/reteism\/wp-content\/uploads\/2021\/10\/IMG_20211021_154342-1241x1536-1.jpg 1241w\" sizes=\"auto, (max-width: 445px) 100vw, 445px\" \/><\/a>Palestina occupata (QNN)- Sei prigionieri palestinesi nelle carceri israeliane continuano il loro sciopero della fame, iniziato per protestare contro la loro ingiusta detenzione amministrativa, senza accusa o processo, nonostante il deterioramento della loro salute.<\/p>\n<p>Le condizioni di salute dei sei prigionieri in sciopero della fame si stanno deteriorando gravemente, poich\u00e9 hanno sofferto di forte affaticamento, esaurimento, mal di testa, grave perdita di peso e carenza di liquidi nel corpo.<!--more--><\/p>\n<p>Lo sciopero della fame pi\u00f9 lungo \u00e8 quello di Kayed Fasfous, che \u00e8 in sciopero della fame da 99 giorni, ha perso oltre 30 kg di peso e soffre di dolori su tutto il corpo.<\/p>\n<p>Fasfous \u00e8 attualmente detenuto all&#8217;ospedale Barzilai, poich\u00e9 l&#8217;Alta Corte israeliana ha recentemente congelato la sua detenzione amministrativa.<\/p>\n<p>Fasfous \u00e8 subito seguito da Miqdad Qawasmi, in sciopero della fame da 92 giorni.<\/p>\n<p>Le condizioni di salute di Qawasmi si stanno deteriorando gravemente poich\u00e9 ha perso oltre 25 kg del suo peso, e ora \u00e8 detenuto nell&#8217;ospedale di Kaplan come paziente, piuttosto che come detenuto.<\/p>\n<p>La famiglia di Qawasmi ha detto che ha iniziato a perdere parte della memoria.<\/p>\n<p>I medici israeliani dell&#8217;ospedale di Kaplan hanno cercato di nutrire forzatamente Qawasmi mentre era legato al suo letto in terapia intensiva, ieri, e hanno interrotto il suo sciopero della fame.<\/p>\n<p>Tre carcerieri israeliani circondano la sua stanza e mangiano deliberatamente davanti a lui. Il suo braccio destro e la sua gamba sinistra sono incatenati al letto per tutto il tempo, anche se sta affrontando il pericolo di morte improvvisa.<\/p>\n<p>L&#8217;Alta Corte israeliana ha congelato la detenzione amministrativa anche per Qawasmi.<\/p>\n<p>L&#8217;ordine del tribunale non libera Qawasmi e Fasfous dalla detenzione amministrativa, ma semplicemente congela l&#8217;ordine per il periodo del loro trattamento e osservazione.<\/p>\n<p>La decisione del tribunale significa anche che l&#8217;amministrazione delle carceri e il dispositivo di intelligence non sono responsabili delle loro vite e li trasformano in prigionieri non ufficiali detenuti presso l&#8217;ospedale, sotto la tutela della sicurezza dell&#8217;ospedale invece che delle carceri.<\/p>\n<p>Ma sia Qawasmi che Fasfous hanno detto che continueranno il loro sciopero fino a quando non avranno ottenuto la libert\u00e0.<\/p>\n<p>I 6 prigionieri in sciopero della fame sono:<br \/>\n\u2022Kayed Fasfous (100 giorni di sciopero della fame)<br \/>\n\u2022Alaa Al-A&#8217;raj (75 giorni di sciopero della fame)<br \/>\n\u2022Miqdad Qawasmi (92 giorni di sciopero della fame)<br \/>\n\u2022 Hisham abu Hawash (66 giorni di sciopero della fame)<br \/>\n\u2022Ayyad Harimi (29 giorni di sciopero della fame)<br \/>\n\u2022Shadi abu Akaer (58 giorni di sciopero della fame)<\/p>\n<p>Circa 40 detenuti palestinesi hanno iniziato lo sciopero della fame dall&#8217;inizio del 2021, in segno di protesta contro la detenzione da parte di Israele senza accusa n\u00e9 processo.<\/p>\n<p>La detenzione amministrativa \u00e8 illegale secondo il diritto internazionale, tuttavia, lo stato di occupazione la usa per reprimere il popolo palestinese.<\/p>\n<p>&#8220;Israele&#8221; usa sistematicamente la detenzione amministrativa e, nel corso degli anni, ha messo migliaia di palestinesi dietro le sbarre per periodi che vanno da diversi mesi a diversi anni, senza accusarli, senza dire loro di cosa sono accusati e senza rivelare le presunte prove a loro o ai loro avvocati.<\/p>\n<p>Lo sciopero della fame \u00e8 un metodo di resistenza non violenta che i prigionieri usano per proteggere le loro vite e i loro diritti fondamentali, nonch\u00e9 una risposta alle politiche razziste dell&#8217;occupazione che devono affrontare nelle carceri.<\/p>\n<p>Ci sono 4.650 prigionieri politici palestinesi detenuti nelle carceri israeliane, tra i prigionieri ci sono 520 detenuti amministrativi, detenuti senza accusa n\u00e9 processo, 200 bambini detenuti e 39 donne.<\/p>\n","protected":false},"excerpt":{"rendered":"<p>21 ottobre 2021 https:\/\/qudsnen.co\/?p=30623 Palestina occupata (QNN)- Sei prigionieri palestinesi nelle carceri israeliane continuano il loro sciopero della fame, iniziato per protestare contro la loro ingiusta detenzione amministrativa, senza accusa o processo, nonostante il deterioramento della loro salute. Le condizioni &hellip; <a href=\"https:\/\/reteitalianaism.it\/reteism\/index.php\/2021\/10\/23\/starving-for-freedom-6-prigionieri-palestinesi-nelle-carceri-israeliane-continuano-il-loro-sciopero-della-fame\/\">Continue reading <span class=\"meta-nav\">&rarr;<\/span><\/a><\/p>\n","protected":false},"author":6,"featured_media":0,"comment_status":"open","ping_status":"open","sticky":false,"template":"","format":"standard","meta":{"footnotes":""},"categories":[3,67],"tags":[70,92,176,23,44,334],"class_list":["post-16090","post","type-post","status-publish","format-standard","hentry","category-info","category-prigionieri","tag-detenzione-amministrativa","tag-diritti-dei-prigionieri","tag-diritti-fondamentali","tag-diritti-umani","tag-sciopero-della-fame-2","tag-violenza-nelle-carceri-israeliane"],"_links":{"self":[{"href":"https:\/\/reteitalianaism.it\/reteism\/index.php\/wp-json\/wp\/v2\/posts\/16090","targetHints":{"allow":["GET"]}}],"collection":[{"href":"https:\/\/reteitalianaism.it\/reteism\/index.php\/wp-json\/wp\/v2\/posts"}],"about":[{"href":"https:\/\/reteitalianaism.it\/reteism\/index.php\/wp-json\/wp\/v2\/types\/post"}],"author":[{"embeddable":true,"href":"https:\/\/reteitalianaism.it\/reteism\/index.php\/wp-json\/wp\/v2\/users\/6"}],"replies":[{"embeddable":true,"href":"https:\/\/reteitalianaism.it\/reteism\/index.php\/wp-json\/wp\/v2\/comments?post=16090"}],"version-history":[{"count":1,"href":"https:\/\/reteitalianaism.it\/reteism\/index.php\/wp-json\/wp\/v2\/posts\/16090\/revisions"}],"predecessor-version":[{"id":16092,"href":"https:\/\/reteitalianaism.it\/reteism\/index.php\/wp-json\/wp\/v2\/posts\/16090\/revisions\/16092"}],"wp:attachment":[{"href":"https:\/\/reteitalianaism.it\/reteism\/index.php\/wp-json\/wp\/v2\/media?parent=16090"}],"wp:term":[{"taxonomy":"category","embeddable":true,"href":"https:\/\/reteitalianaism.it\/reteism\/index.php\/wp-json\/wp\/v2\/categories?post=16090"},{"taxonomy":"post_tag","embeddable":true,"href":"https:\/\/reteitalianaism.it\/reteism\/index.php\/wp-json\/wp\/v2\/tags?post=16090"}],"curies":[{"name":"wp","href":"https:\/\/api.w.org\/{rel}","templated":true}]}}