{"id":16100,"date":"2021-10-26T22:25:04","date_gmt":"2021-10-26T20:25:04","guid":{"rendered":"http:\/\/reteitalianaism.it\/reteism\/?p=16100"},"modified":"2021-10-26T22:25:44","modified_gmt":"2021-10-26T20:25:44","slug":"la-designazione-dei-gruppi-della-societa-civile-palestinese-come-terroristi-e-un-attacco-sfacciato-ai-diritti-umani","status":"publish","type":"post","link":"https:\/\/reteitalianaism.it\/reteism\/index.php\/2021\/10\/26\/la-designazione-dei-gruppi-della-societa-civile-palestinese-come-terroristi-e-un-attacco-sfacciato-ai-diritti-umani\/","title":{"rendered":"La designazione dei gruppi della societ\u00e0 civile palestinese come terroristi \u00e8 un attacco sfacciato ai diritti umani"},"content":{"rendered":"<p>26 ottobre 2021<\/p>\n<p><a href=\"https:\/\/bdsmovement.net\/news\/designation-palestinian-civil-society-groups-terrorists-brazen-attack-human-rights\">https:\/\/bdsmovement.net\/news\/designation-palestinian-civil-society-groups-terrorists-brazen-attack-human-rights<\/a><\/p>\n<p><em>Amnesty International e Human Rights Watch affermano che &#8220;la decisione \u00e8 un&#8217;escalation allarmante che minaccia di chiudere il lavoro delle pi\u00f9 importanti organizzazioni della societ\u00e0 civile palestinese&#8221;.<\/em><\/p>\n<p><a href=\"http:\/\/reteitalianaism.it\/reteism\/wp-content\/uploads\/2021\/10\/AmnestyReportLong.jpg\"><img loading=\"lazy\" decoding=\"async\" class=\" wp-image-16101 aligncenter\" src=\"http:\/\/reteitalianaism.it\/reteism\/wp-content\/uploads\/2021\/10\/AmnestyReportLong-300x122.jpg\" alt=\"\" width=\"536\" height=\"218\" srcset=\"https:\/\/reteitalianaism.it\/reteism\/wp-content\/uploads\/2021\/10\/AmnestyReportLong-300x122.jpg 300w, https:\/\/reteitalianaism.it\/reteism\/wp-content\/uploads\/2021\/10\/AmnestyReportLong-1024x415.jpg 1024w, https:\/\/reteitalianaism.it\/reteism\/wp-content\/uploads\/2021\/10\/AmnestyReportLong-768x311.jpg 768w, https:\/\/reteitalianaism.it\/reteism\/wp-content\/uploads\/2021\/10\/AmnestyReportLong-1536x622.jpg 1536w, https:\/\/reteitalianaism.it\/reteism\/wp-content\/uploads\/2021\/10\/AmnestyReportLong.jpg 1745w\" sizes=\"auto, (max-width: 536px) 100vw, 536px\" \/><\/a><\/p>\n<p>Il ministero della Difesa israeliano il 19 ottobre 2021 ha emesso un ordine militare che dichiarava &#8220;organizzazioni terroristiche&#8221; sei organizzazioni della societ\u00e0 civile palestinese nei Territori palestinesi occupati.<\/p>\n<p>I gruppi sono Addameer, al-Haq, Defense for Children Palestine, Union of Agricultural Work Committees, Bisan Center for Research and Development e Union of Palestine Women Committees.<!--more--><\/p>\n<p>La designazione, effettuata ai sensi di uno statuto israeliano del 2016, mette effettivamente al bando le attivit\u00e0 di questi gruppi della societ\u00e0 civile. Autorizza le autorit\u00e0 israeliane a chiudere i loro uffici, sequestrare i loro beni e arrestare e incarcerare il loro staff e proibisce il finanziamento o anche esprimere pubblicamente sostegno alle loro attivit\u00e0.<\/p>\n<p>Human Rights Watch e Amnesty International, che lavorano a stretto contatto con molti di questi gruppi, hanno dichiarato in una dichiarazione congiunta:<\/p>\n<p>\u201cQuesta decisione spaventosa e ingiusta \u00e8 un attacco del governo israeliano al movimento internazionale per i diritti umani. Per decenni, le autorit\u00e0 israeliane hanno sistematicamente cercato di mettere a tacere il monitoraggio dei diritti umani e punire coloro che criticano il suo dominio repressivo sui palestinesi. Mentre i membri del personale delle nostre organizzazioni hanno affrontato il divieto di espulsione e di viaggio, i difensori dei diritti umani palestinesi hanno sempre sopportato il peso della repressione. Questa decisione \u00e8 un&#8217;escalation allarmante che minaccia di chiudere il lavoro delle pi\u00f9 importanti organizzazioni della societ\u00e0 civile palestinese. Il fallimento decennale della comunit\u00e0 internazionale nel contestare le gravi violazioni dei diritti umani israeliane e nell&#8217;imporne conseguenze significative ha incoraggiato le autorit\u00e0 israeliane ad agire cos\u00ec sfacciatamente&#8221;.<\/p>\n<p>La risposta della comunit\u00e0 internazionale sar\u00e0 una vera prova della sua determinazione a proteggere i difensori dei diritti umani. Siamo orgogliosi di lavorare con i nostri partner palestinesi e lo facciamo da decenni. Rappresentano il meglio della societ\u00e0 civile globale. Siamo con loro nella sfida a questa decisione oltraggiosa&#8221;.<\/p>\n","protected":false},"excerpt":{"rendered":"<p>26 ottobre 2021 https:\/\/bdsmovement.net\/news\/designation-palestinian-civil-society-groups-terrorists-brazen-attack-human-rights Amnesty International e Human Rights Watch affermano che &#8220;la decisione \u00e8 un&#8217;escalation allarmante che minaccia di chiudere il lavoro delle pi\u00f9 importanti organizzazioni della societ\u00e0 civile palestinese&#8221;. Il ministero della Difesa israeliano il 19 ottobre 2021 &hellip; <a href=\"https:\/\/reteitalianaism.it\/reteism\/index.php\/2021\/10\/26\/la-designazione-dei-gruppi-della-societa-civile-palestinese-come-terroristi-e-un-attacco-sfacciato-ai-diritti-umani\/\">Continue reading <span class=\"meta-nav\">&rarr;<\/span><\/a><\/p>\n","protected":false},"author":6,"featured_media":0,"comment_status":"open","ping_status":"open","sticky":false,"template":"","format":"standard","meta":{"footnotes":""},"categories":[3],"tags":[76,16,176,23,314,337],"class_list":["post-16100","post","type-post","status-publish","format-standard","hentry","category-info","tag-bds","tag-campagna-bds","tag-diritti-fondamentali","tag-diritti-umani","tag-movimento-bds","tag-solidarieta-internazionale"],"_links":{"self":[{"href":"https:\/\/reteitalianaism.it\/reteism\/index.php\/wp-json\/wp\/v2\/posts\/16100","targetHints":{"allow":["GET"]}}],"collection":[{"href":"https:\/\/reteitalianaism.it\/reteism\/index.php\/wp-json\/wp\/v2\/posts"}],"about":[{"href":"https:\/\/reteitalianaism.it\/reteism\/index.php\/wp-json\/wp\/v2\/types\/post"}],"author":[{"embeddable":true,"href":"https:\/\/reteitalianaism.it\/reteism\/index.php\/wp-json\/wp\/v2\/users\/6"}],"replies":[{"embeddable":true,"href":"https:\/\/reteitalianaism.it\/reteism\/index.php\/wp-json\/wp\/v2\/comments?post=16100"}],"version-history":[{"count":2,"href":"https:\/\/reteitalianaism.it\/reteism\/index.php\/wp-json\/wp\/v2\/posts\/16100\/revisions"}],"predecessor-version":[{"id":16103,"href":"https:\/\/reteitalianaism.it\/reteism\/index.php\/wp-json\/wp\/v2\/posts\/16100\/revisions\/16103"}],"wp:attachment":[{"href":"https:\/\/reteitalianaism.it\/reteism\/index.php\/wp-json\/wp\/v2\/media?parent=16100"}],"wp:term":[{"taxonomy":"category","embeddable":true,"href":"https:\/\/reteitalianaism.it\/reteism\/index.php\/wp-json\/wp\/v2\/categories?post=16100"},{"taxonomy":"post_tag","embeddable":true,"href":"https:\/\/reteitalianaism.it\/reteism\/index.php\/wp-json\/wp\/v2\/tags?post=16100"}],"curies":[{"name":"wp","href":"https:\/\/api.w.org\/{rel}","templated":true}]}}