{"id":16171,"date":"2021-11-10T19:50:31","date_gmt":"2021-11-10T18:50:31","guid":{"rendered":"http:\/\/reteitalianaism.it\/reteism\/?p=16171"},"modified":"2021-11-10T19:54:50","modified_gmt":"2021-11-10T18:54:50","slug":"palestina-2021","status":"publish","type":"post","link":"https:\/\/reteitalianaism.it\/reteism\/index.php\/2021\/11\/10\/palestina-2021\/","title":{"rendered":"Palestina 2021"},"content":{"rendered":"<p align=\"JUSTIFY\"><span style=\"font-family: georgia, serif; font-size: large;\">07.11.2021<\/span><\/p>\n<p align=\"JUSTIFY\"><a href=\"http:\/\/reteitalianaism.it\/reteism\/wp-content\/uploads\/2021\/11\/1.-Ulivo-centenario-nellOrto-del-Getzemani.jpg\"><img loading=\"lazy\" decoding=\"async\" class=\" wp-image-16172 aligncenter\" src=\"http:\/\/reteitalianaism.it\/reteism\/wp-content\/uploads\/2021\/11\/1.-Ulivo-centenario-nellOrto-del-Getzemani-300x225.jpg\" alt=\"\" width=\"449\" height=\"337\" srcset=\"https:\/\/reteitalianaism.it\/reteism\/wp-content\/uploads\/2021\/11\/1.-Ulivo-centenario-nellOrto-del-Getzemani-300x225.jpg 300w, https:\/\/reteitalianaism.it\/reteism\/wp-content\/uploads\/2021\/11\/1.-Ulivo-centenario-nellOrto-del-Getzemani.jpg 576w\" sizes=\"auto, (max-width: 449px) 100vw, 449px\" \/><\/a><\/p>\n<p align=\"JUSTIFY\"><span style=\"font-family: georgia, serif; font-size: large;\">Palestina!<br \/>\nQuanto ho desiderato respirare questa aria, ritrovarmi in questo incontro tra il blu intenso del cielo, la terra scura delle colline e la pietra chiara delle case, ma, soprattutto, incontrare la gente, perch\u00e9 ci\u00f2 che conta, in ogni viaggio, \u00e8 condividere la vita con le persone comuni&#8230; come me.<\/span><\/p>\n<p align=\"JUSTIFY\"><span style=\"font-family: georgia, serif; font-size: large;\">E&#8217; stato complesso avere tutti i documenti in regola per poter entrare in Israele, ma gi\u00e0 il primo giorno, nel Convento delle Clarisse di Gerusalemme e al Getsemani mi ha rigenerato e poi, subito nei Territori Occupati! Ritrovare, a Ramallah, l&#8217;appartamento ben noto e Diana, la giovane free lance palestinese che da anni, anche se giovane, \u00e8 attiva come volontaria dell&#8217;International Solidarity Movement \u00e8 stato un risentirsi a casa.<\/span><\/p>\n<p align=\"JUSTIFY\"><span style=\"font-family: georgia, serif; font-size: large;\">La sera stessa siamo state a fianco degli abitanti del\u00a0<b>quartiere di Al Beira dove molti protestavano a favore della liberazione dei prigionieri nelle carceri israeliane: pi\u00f9 di 6.000, molti minori e donne, la maggioranza di questi senza accusa n\u00e9 processo.<\/b>\u00a0Il primo gas&#8230; i soldati israeliani hanno sparato<span class=\"gmail_default\">\u00a0<\/span>una infinit\u00e0 di gas lacrimogeni&#8230; non mi ricordavo il bruciore acro in gola e negli occhi.<span class=\"gmail_default\">\u00a0\u00a0<\/span>Per fortuna, nessun ferito.<\/span><!--more--><\/p>\n<p align=\"JUSTIFY\"><span style=\"font-family: georgia, serif; font-size: large;\"><b>**<\/b>\u00a0Ieri, 6 nov, un giorno che non dimenticher\u00f2 mai. Ho negli occhi e nel cuore la desolazione infinita e composta, il dolore immane della madre e del padre di\u00a0<b>Mohammad Da&#8217;das, 13 anni, ucciso da un cecchino israeliano che gli ha sparato allo stomaco, vicino al cuore.\u00a0<\/b>Manifestava a Deir Al Hatab con tanti altri per la liberazione dei\u00a0<b>prigionieri, soprattutto dei 6 che da pi\u00f9 di 100 giorni fanno lo sciopero della fame per protestare per la loro detenzione amministrativa: arrestati senza accusa, n\u00e9 processo, nessuna visita da parte dell&#8217;avvocato n\u00e9 delle famiglie, n\u00e9 cura in caso di malattia, nessuna copertura mediatica che possa far conoscere la loro storia.<\/b>Allego anche la foto di Meqdad Qawashmeh, in sciopero della fame ormai da 108 gg, in gravi condizioni, trasferito dall&#8217;Ospedale di Kaplan all&#8217;infermeria del carcere Ramla conosciuto per non avere i requisiti minimi per il trattamento di persone in gravi condizioni.<\/span><\/p>\n<p align=\"JUSTIFY\"><span style=\"font-family: georgia, serif; font-size: large;\">Ma, torniamo a<b>\u00a0Mohammad<\/b>; era tra i manifestanti. Se qualcuno che ancora non sa che cosa accade dei Territori Occupati si chiede perch\u00e9 un ragazzino non se ne stia a casa tranquillo&#8230; si chieda che cosa farebbe se fin da quando \u00e8 in tenerissima et\u00e0 assistesse a irruzioni violente nella propria casa la notte da parte di tanti soldati che volutamente umiliano i genitori, ad arresti, a distruzione di piante o uccisioni di animali fonti di guadagno che impoveriscono la propria famiglia, alla demolizione di case: la propria o quella di famiglie amiche&#8230;<\/span><\/p>\n<p align=\"JUSTIFY\"><span style=\"font-family: georgia, serif; font-size: large;\">Siamo andate alla camera mortuaria e abbiamo visto ricoprire Mohammad con la bandiera palestinese, portarlo fuori su una lettiga dai soldati, schierati a rendergli gli onori&#8230; poi in ambulanza fin dove viveva, nel Campo Profughi di Al Asqar dove una grande folla lo ha accompagnato per le strette vie, alla moschea per la preghiera e infine al cimitero.\u00a0<\/span><\/p>\n<p align=\"JUSTIFY\"><span style=\"font-family: georgia, serif; font-size: large;\">La stanza con le celle frigorifere mi ha riportato indietro di 24 anni; il dolore impresso nei volti dei genitori mi ha urlato in faccia le ingiustizie sofferte dal popolo palestinese da ben prima del 1948. Quanti bambini, ragazzi, uomini e donne inermi sono stati uccisi da giovani soldati israeliani ai check point, per la strada e sono rimasti un numero, anche questo senza alcuna rilevanza per il mondo!<\/span><\/p>\n<p align=\"JUSTIFY\"><b><span style=\"font-family: georgia, serif; font-size: large;\">Chi ha sparato aveva le armi di uno degli stati pi\u00f9 armati al mondo &#8211; anche quelle nucleari &#8211; ma soprattutto quell&#8217;odio e disprezzo verso il popolo palestinese che viene instillato nei giovani israeliani fin da bambini come dichiarano molti giovani ebrei che rifiutano il servizio\u00a0<\/span><span style=\"color: #000000; font-size: large;\">militare<\/span><span style=\"font-family: georgia, serif; font-size: large;\">.\u00a0<\/span><\/b><span style=\"font-family: georgia, serif; font-size: large;\">Mohammad non aveva armi, ma se anche avesse avuto una pietra in mano&#8230;\u00a0\u00a0<\/span><br \/>\n<span style=\"font-family: georgia, serif; font-size: large;\">La disumanizzazione dei giovani israeliani \u00e8 un altro crimine di cui dovranno rispondere i governi israeliani.<\/span><\/p>\n<p align=\"LEFT\"><span style=\"font-family: georgia, serif; font-size: large;\">Siamo rientrate da Nablus sfinite fisicamente e psicologicamente e io&#8230; per la prima volta in vita mia&#8230; sono andata a letto alle ore 18 e ho dormito per 12 ore!<br \/>\n<\/span><\/p>\n<p align=\"JUSTIFY\"><span style=\"font-family: georgia, serif; font-size: large;\"><b>Notizie in breve:<\/b><\/span><\/p>\n<p align=\"JUSTIFY\"><span style=\"font-family: georgia, serif; font-size: large;\">:- Murad Eshtewi, leader del movimento di resistenza contro l&#8217;occupazione delle terre del loro\u00a0<b>villaggio di Kufur Qadum<\/b>, mi ha scritto che venerd\u00ec, mentre stavano facendo la loro manifestazione settimanale di protesta per il furto della terra e della strada principale che li portava a Nablus, hanno ricevuto la chiamata dell&#8217;amico\u00a0<b>Hilmi Shtaiwi: un gruppo di coloni aveva invaso il suo uliveto e si stavano portando via le olive raccolte&#8230;<\/b>\u00a0Sono accorsi in tanti e hanno messo in fuga i coloni, ma hanno dovuto affrontare i soldati che stavano proteggendo i coloni&#8230;<\/span><\/p>\n<p align=\"JUSTIFY\"><span style=\"font-family: georgia, serif; font-size: large;\">** Purtroppo, invece,\u00a0<b>un contadino di Burin, (a Sud di Nablus), ieri ha trovato 45 alberi d&#8217;ulivo tagliati dai coloni&#8230;\u00a0<\/b>Ogni volta che so queste cose mi riecheggiano le parole che Ben Gurion disse ai suoi generali quando li incaric\u00f2 di cacciare con ogni mezzo, anche il pi\u00f9 efferato, il popolo palestinese dalla sua terra e di togliere qualunque mezzo di sussistenza&#8230; In effetti,\u00a0<b>togliere l&#8217;acqua, uccidere gli animali allevati, distruggere i raccolti e gli alberi d&#8217;ulivo \u00e8 un&#8217;ottima strategia che esegue alla perfezione quell&#8217;ordine.<\/b><\/span><\/p>\n<p align=\"JUSTIFY\"><span style=\"font-family: georgia, serif; font-size: large;\">** il 6 nov. i coloni, ben protetti dall&#8217;esercito israeliano, hanno\u00a0<b>invaso il piccolo parco giochi del villaggio palestinese di Susya (a Sud di Hebron) chiedendone a gran voce la demolizione&#8230;<\/b>\u00a0cos\u00ec come dal 2009 vi sono gli ordini di demolizione della ben nota \u201cScuola di gomme\u201d di Khan Al Akhmar&#8230; distruggere la possibilit\u00e0 di crescere istruiti e felici&#8230;altra strategia da sempre in atto.<\/span><\/p>\n<p align=\"JUSTIFY\"><span style=\"font-family: georgia, serif; font-size: large;\">** Vi invito a leggere l&#8217;articolo su Internazionale del 29\/10-4\/11 che riporta un articolo di Mohammed El Kurd:\u00a0<b>\u201cI difensori della montagna\u201d<\/b>\u00a0che parla della\u00a0<b>\u201clotta collettiva e inarrestabile\u201d degli abitanti del villaggio di Beita (a Sud di Nablus) che non accettano l&#8217;occupazione illegale<\/b>\u00a0iniziata a maggio 2021 da parte di un avanposto israeliano che ha rubato terre di Beita, Yatuma e Qabalan.\u00a0<\/span><\/p>\n<p align=\"JUSTIFY\"><span style=\"font-family: georgia, serif; font-size: large;\">I residenti palestinesi resistono da allora nei modi pi\u00f9 creativi rendendo le notti rumorose e luminose e quindi&#8230; ben poco riposanti per gli invasori.\u00a0<b>L&#8217;esercito<\/b>\u00a0ha risposto in modo violento alle manifestazioni dei palestinesi\u00a0<b>uccidendo 7 abitanti di Beita e ferendone pi\u00f9 di 100<\/b>; venerd\u00ec un soldato israeliano ha sparato ad\u00a0\u00a0<b>un giovane che partecipava ad una manifestazione pacifica tenendo in mano la bandiera. Lo ha colpito al volto e il ragazzo ha perso l&#8217;occhio destro<\/b>. Sparare agli occhi era ormai la prassi per \u201cpunire\u201d i fotografi, prassi che si \u00e8 estesa ai ragazzi. Pensate che questo crimine passerebbe sotto silenzio se a compierlo fosse stato un palestinese?<\/span><\/p>\n<p align=\"JUSTIFY\"><span style=\"font-family: georgia, serif; font-size: large;\">Mi piacciono queste parole di Mohammed:\u00a0<b>\u201cNon \u00e8 difficile immaginare in che modo la crudelt\u00e0 dell&#8217;occupazione possa creare delle persone cos\u00ec coraggiose\u201d.<span class=\"gmail_default\"><br \/>\n<\/span><\/b>Per chi vuole, ho l&#8217;articolo a casa, ma \u2013 se abbonato \u2013 lo ritrova in internet.<\/span><\/p>\n<p align=\"JUSTIFY\"><span style=\"font-family: georgia, serif; font-size: large;\">A Beita andr\u00f2 sicuramente, anzi, non vedo l&#8217;ora di incontrare i piccoli che la sera tengono piccole luci mentre i nonni ottantenni dirigono verso l&#8217;avanposto le luci laser, perch\u00e9 i Difensori della montagna sono di ogni et\u00e0 e non si arrendono!<\/span><\/p>\n<p align=\"JUSTIFY\"><span style=\"font-family: georgia, serif; font-size: large;\">Ora vi saluto, mi gusto un bel \u201cmuajanet\u201d, con formaggio e verdure\u201d, come una nostra focaccia farcita<span class=\"gmail_default\">\u00a0e una di quelle piccole e gustosissime melanzane farcite con noci e immer<\/span>rse in un olio fantastico. Nel pomeriggio andremo a unirci alla manifestazione in Piazza Al Manara sempre per chiedere la liberazione di quei sei grandi Uomini in arresto amministrativo che stanno rischiando la loro vita per vedere rispettati Diritti che dovrebbero essere inalienabili, ma non lo sono nell&#8217;\u201dUnica democrazia del Medio Oriente\u201d come si ostina a definirsi lo stato ebraico.<\/span><\/p>\n<p align=\"JUSTIFY\"><span style=\"font-family: georgia, serif; font-size: large;\">Susanna<\/span><\/p>\n<p><a href=\"http:\/\/reteitalianaism.it\/reteism\/wp-content\/uploads\/2021\/11\/2.-6-sera.-Quartiere-di-Al-Beira.-Diana-al-lavoro.jpg\"><img loading=\"lazy\" decoding=\"async\" class=\"size-medium wp-image-16174 aligncenter\" src=\"http:\/\/reteitalianaism.it\/reteism\/wp-content\/uploads\/2021\/11\/2.-6-sera.-Quartiere-di-Al-Beira.-Diana-al-lavoro-300x225.jpg\" alt=\"\" width=\"300\" height=\"225\" srcset=\"https:\/\/reteitalianaism.it\/reteism\/wp-content\/uploads\/2021\/11\/2.-6-sera.-Quartiere-di-Al-Beira.-Diana-al-lavoro-300x225.jpg 300w, https:\/\/reteitalianaism.it\/reteism\/wp-content\/uploads\/2021\/11\/2.-6-sera.-Quartiere-di-Al-Beira.-Diana-al-lavoro.jpg 576w\" sizes=\"auto, (max-width: 300px) 100vw, 300px\" \/><\/a><\/p>\n<p><a href=\"http:\/\/reteitalianaism.it\/reteism\/wp-content\/uploads\/2021\/11\/3.-Il-bossolo-di-uno-dei-tanti-lacrimogeni-lanciati-dai-soldati-la-sera-del-6.jpg\"><img loading=\"lazy\" decoding=\"async\" class=\"size-medium wp-image-16175 aligncenter\" src=\"http:\/\/reteitalianaism.it\/reteism\/wp-content\/uploads\/2021\/11\/3.-Il-bossolo-di-uno-dei-tanti-lacrimogeni-lanciati-dai-soldati-la-sera-del-6-300x225.jpg\" alt=\"\" width=\"300\" height=\"225\" srcset=\"https:\/\/reteitalianaism.it\/reteism\/wp-content\/uploads\/2021\/11\/3.-Il-bossolo-di-uno-dei-tanti-lacrimogeni-lanciati-dai-soldati-la-sera-del-6-300x225.jpg 300w, https:\/\/reteitalianaism.it\/reteism\/wp-content\/uploads\/2021\/11\/3.-Il-bossolo-di-uno-dei-tanti-lacrimogeni-lanciati-dai-soldati-la-sera-del-6.jpg 576w\" sizes=\"auto, (max-width: 300px) 100vw, 300px\" \/><\/a><\/p>\n<p><a href=\"http:\/\/reteitalianaism.it\/reteism\/wp-content\/uploads\/2021\/11\/4.-Mohammad-Dadas.jpg\"><img loading=\"lazy\" decoding=\"async\" class=\"size-medium wp-image-16176 aligncenter\" src=\"http:\/\/reteitalianaism.it\/reteism\/wp-content\/uploads\/2021\/11\/4.-Mohammad-Dadas-300x300.jpg\" alt=\"\" width=\"300\" height=\"300\" srcset=\"https:\/\/reteitalianaism.it\/reteism\/wp-content\/uploads\/2021\/11\/4.-Mohammad-Dadas-300x300.jpg 300w, https:\/\/reteitalianaism.it\/reteism\/wp-content\/uploads\/2021\/11\/4.-Mohammad-Dadas-1024x1024.jpg 1024w, https:\/\/reteitalianaism.it\/reteism\/wp-content\/uploads\/2021\/11\/4.-Mohammad-Dadas-150x150.jpg 150w, https:\/\/reteitalianaism.it\/reteism\/wp-content\/uploads\/2021\/11\/4.-Mohammad-Dadas-768x768.jpg 768w, https:\/\/reteitalianaism.it\/reteism\/wp-content\/uploads\/2021\/11\/4.-Mohammad-Dadas.jpg 1080w\" sizes=\"auto, (max-width: 300px) 100vw, 300px\" \/><\/a><\/p>\n<p><a href=\"http:\/\/reteitalianaism.it\/reteism\/wp-content\/uploads\/2021\/11\/4a.Mohammed-portato-a-braccia-dai-soldati-palestinesi.jpg\"><img loading=\"lazy\" decoding=\"async\" class=\"size-medium wp-image-16177 aligncenter\" src=\"http:\/\/reteitalianaism.it\/reteism\/wp-content\/uploads\/2021\/11\/4a.Mohammed-portato-a-braccia-dai-soldati-palestinesi-300x225.jpg\" alt=\"\" width=\"300\" height=\"225\" srcset=\"https:\/\/reteitalianaism.it\/reteism\/wp-content\/uploads\/2021\/11\/4a.Mohammed-portato-a-braccia-dai-soldati-palestinesi-300x225.jpg 300w, https:\/\/reteitalianaism.it\/reteism\/wp-content\/uploads\/2021\/11\/4a.Mohammed-portato-a-braccia-dai-soldati-palestinesi-768x576.jpg 768w, https:\/\/reteitalianaism.it\/reteism\/wp-content\/uploads\/2021\/11\/4a.Mohammed-portato-a-braccia-dai-soldati-palestinesi.jpg 1000w\" sizes=\"auto, (max-width: 300px) 100vw, 300px\" \/><\/a><\/p>\n<p><a href=\"http:\/\/reteitalianaism.it\/reteism\/wp-content\/uploads\/2021\/11\/5.-La-mamma-di-Mohammad-alloospedale.-Foto-di-Diana.jpg\"><img loading=\"lazy\" decoding=\"async\" class=\"size-medium wp-image-16178 aligncenter\" src=\"http:\/\/reteitalianaism.it\/reteism\/wp-content\/uploads\/2021\/11\/5.-La-mamma-di-Mohammad-alloospedale.-Foto-di-Diana-300x199.jpg\" alt=\"\" width=\"300\" height=\"199\" srcset=\"https:\/\/reteitalianaism.it\/reteism\/wp-content\/uploads\/2021\/11\/5.-La-mamma-di-Mohammad-alloospedale.-Foto-di-Diana-300x199.jpg 300w, https:\/\/reteitalianaism.it\/reteism\/wp-content\/uploads\/2021\/11\/5.-La-mamma-di-Mohammad-alloospedale.-Foto-di-Diana-768x510.jpg 768w, https:\/\/reteitalianaism.it\/reteism\/wp-content\/uploads\/2021\/11\/5.-La-mamma-di-Mohammad-alloospedale.-Foto-di-Diana.jpg 934w\" sizes=\"auto, (max-width: 300px) 100vw, 300px\" \/><\/a><\/p>\n<p><a href=\"http:\/\/reteitalianaism.it\/reteism\/wp-content\/uploads\/2021\/11\/6.-Il-padre-di-Mohammed-Dadas-2.jpg\"><img loading=\"lazy\" decoding=\"async\" class=\"size-medium wp-image-16179 aligncenter\" src=\"http:\/\/reteitalianaism.it\/reteism\/wp-content\/uploads\/2021\/11\/6.-Il-padre-di-Mohammed-Dadas-2-263x300.jpg\" alt=\"\" width=\"263\" height=\"300\" srcset=\"https:\/\/reteitalianaism.it\/reteism\/wp-content\/uploads\/2021\/11\/6.-Il-padre-di-Mohammed-Dadas-2-263x300.jpg 263w, https:\/\/reteitalianaism.it\/reteism\/wp-content\/uploads\/2021\/11\/6.-Il-padre-di-Mohammed-Dadas-2-768x875.jpg 768w, https:\/\/reteitalianaism.it\/reteism\/wp-content\/uploads\/2021\/11\/6.-Il-padre-di-Mohammed-Dadas-2.jpg 878w\" sizes=\"auto, (max-width: 263px) 100vw, 263px\" \/><\/a><\/p>\n<p><a href=\"http:\/\/reteitalianaism.it\/reteism\/wp-content\/uploads\/2021\/11\/7.-i-6-palest-in-sciopero-della-fame-per-loro-arresto-arbitrario-Salviamoli-prima-di-perderli.jpg\"><img loading=\"lazy\" decoding=\"async\" class=\"size-medium wp-image-16180 aligncenter\" src=\"http:\/\/reteitalianaism.it\/reteism\/wp-content\/uploads\/2021\/11\/7.-i-6-palest-in-sciopero-della-fame-per-loro-arresto-arbitrario-Salviamoli-prima-di-perderli-250x300.jpg\" alt=\"\" width=\"250\" height=\"300\" srcset=\"https:\/\/reteitalianaism.it\/reteism\/wp-content\/uploads\/2021\/11\/7.-i-6-palest-in-sciopero-della-fame-per-loro-arresto-arbitrario-Salviamoli-prima-di-perderli-250x300.jpg 250w, https:\/\/reteitalianaism.it\/reteism\/wp-content\/uploads\/2021\/11\/7.-i-6-palest-in-sciopero-della-fame-per-loro-arresto-arbitrario-Salviamoli-prima-di-perderli-854x1024.jpg 854w, https:\/\/reteitalianaism.it\/reteism\/wp-content\/uploads\/2021\/11\/7.-i-6-palest-in-sciopero-della-fame-per-loro-arresto-arbitrario-Salviamoli-prima-di-perderli-768x921.jpg 768w, https:\/\/reteitalianaism.it\/reteism\/wp-content\/uploads\/2021\/11\/7.-i-6-palest-in-sciopero-della-fame-per-loro-arresto-arbitrario-Salviamoli-prima-di-perderli.jpg 1067w\" sizes=\"auto, (max-width: 250px) 100vw, 250px\" \/><\/a><\/p>\n<p><a href=\"http:\/\/reteitalianaism.it\/reteism\/wp-content\/uploads\/2021\/11\/8.-Kufr-Qadum.-5-nov-Shtawi-toglie-il-bastone-al-colono-entrato-nel-suo-uliveto.jpg\"><img loading=\"lazy\" decoding=\"async\" class=\"size-medium wp-image-16181 aligncenter\" src=\"http:\/\/reteitalianaism.it\/reteism\/wp-content\/uploads\/2021\/11\/8.-Kufr-Qadum.-5-nov-Shtawi-toglie-il-bastone-al-colono-entrato-nel-suo-uliveto-170x300.jpg\" alt=\"\" width=\"170\" height=\"300\" srcset=\"https:\/\/reteitalianaism.it\/reteism\/wp-content\/uploads\/2021\/11\/8.-Kufr-Qadum.-5-nov-Shtawi-toglie-il-bastone-al-colono-entrato-nel-suo-uliveto-170x300.jpg 170w, https:\/\/reteitalianaism.it\/reteism\/wp-content\/uploads\/2021\/11\/8.-Kufr-Qadum.-5-nov-Shtawi-toglie-il-bastone-al-colono-entrato-nel-suo-uliveto.jpg 545w\" sizes=\"auto, (max-width: 170px) 100vw, 170px\" \/><\/a><\/p>\n<p><a href=\"http:\/\/reteitalianaism.it\/reteism\/wp-content\/uploads\/2021\/11\/9.-Burin-45-ulivi-abbattuti-dai-coloni.jpg\"><img loading=\"lazy\" decoding=\"async\" class=\"size-medium wp-image-16182 aligncenter\" src=\"http:\/\/reteitalianaism.it\/reteism\/wp-content\/uploads\/2021\/11\/9.-Burin-45-ulivi-abbattuti-dai-coloni-300x200.jpg\" alt=\"\" width=\"300\" height=\"200\" srcset=\"https:\/\/reteitalianaism.it\/reteism\/wp-content\/uploads\/2021\/11\/9.-Burin-45-ulivi-abbattuti-dai-coloni-300x200.jpg 300w, https:\/\/reteitalianaism.it\/reteism\/wp-content\/uploads\/2021\/11\/9.-Burin-45-ulivi-abbattuti-dai-coloni-1024x683.jpg 1024w, https:\/\/reteitalianaism.it\/reteism\/wp-content\/uploads\/2021\/11\/9.-Burin-45-ulivi-abbattuti-dai-coloni-768x512.jpg 768w, https:\/\/reteitalianaism.it\/reteism\/wp-content\/uploads\/2021\/11\/9.-Burin-45-ulivi-abbattuti-dai-coloni.jpg 1200w\" sizes=\"auto, (max-width: 300px) 100vw, 300px\" \/><\/a><\/p>\n<p><a href=\"http:\/\/reteitalianaism.it\/reteism\/wp-content\/uploads\/2021\/11\/11.-Ramalla-7-nov.-Molte-le-donne-alla-manifestazione.jpg\"><img loading=\"lazy\" decoding=\"async\" class=\"size-medium wp-image-16184 aligncenter\" src=\"http:\/\/reteitalianaism.it\/reteism\/wp-content\/uploads\/2021\/11\/11.-Ramalla-7-nov.-Molte-le-donne-alla-manifestazione-300x253.jpg\" alt=\"\" width=\"300\" height=\"253\" srcset=\"https:\/\/reteitalianaism.it\/reteism\/wp-content\/uploads\/2021\/11\/11.-Ramalla-7-nov.-Molte-le-donne-alla-manifestazione-300x253.jpg 300w, https:\/\/reteitalianaism.it\/reteism\/wp-content\/uploads\/2021\/11\/11.-Ramalla-7-nov.-Molte-le-donne-alla-manifestazione-768x648.jpg 768w, https:\/\/reteitalianaism.it\/reteism\/wp-content\/uploads\/2021\/11\/11.-Ramalla-7-nov.-Molte-le-donne-alla-manifestazione.jpg 1000w\" sizes=\"auto, (max-width: 300px) 100vw, 300px\" \/><\/a><\/p>\n<p><a href=\"http:\/\/reteitalianaism.it\/reteism\/wp-content\/uploads\/2021\/11\/12.-Ramalla-7-nov-tanti-i-giovani.jpg\"><img loading=\"lazy\" decoding=\"async\" class=\"size-medium wp-image-16185 aligncenter\" src=\"http:\/\/reteitalianaism.it\/reteism\/wp-content\/uploads\/2021\/11\/12.-Ramalla-7-nov-tanti-i-giovani-192x300.jpg\" alt=\"\" width=\"192\" height=\"300\" srcset=\"https:\/\/reteitalianaism.it\/reteism\/wp-content\/uploads\/2021\/11\/12.-Ramalla-7-nov-tanti-i-giovani-192x300.jpg 192w, https:\/\/reteitalianaism.it\/reteism\/wp-content\/uploads\/2021\/11\/12.-Ramalla-7-nov-tanti-i-giovani-655x1024.jpg 655w, https:\/\/reteitalianaism.it\/reteism\/wp-content\/uploads\/2021\/11\/12.-Ramalla-7-nov-tanti-i-giovani-768x1200.jpg 768w, https:\/\/reteitalianaism.it\/reteism\/wp-content\/uploads\/2021\/11\/12.-Ramalla-7-nov-tanti-i-giovani-983x1536.jpg 983w, https:\/\/reteitalianaism.it\/reteism\/wp-content\/uploads\/2021\/11\/12.-Ramalla-7-nov-tanti-i-giovani.jpg 1000w\" sizes=\"auto, (max-width: 192px) 100vw, 192px\" \/><\/a><\/p>\n<p><a href=\"http:\/\/reteitalianaism.it\/reteism\/wp-content\/uploads\/2021\/11\/13.-Ramallah-7nov.-con-la-madre-di-uno-dei-6-detenuti-che-fanno-lo-sciopero-della-fame-.jpg\"><img loading=\"lazy\" decoding=\"async\" class=\"size-medium wp-image-16186 aligncenter\" src=\"http:\/\/reteitalianaism.it\/reteism\/wp-content\/uploads\/2021\/11\/13.-Ramallah-7nov.-con-la-madre-di-uno-dei-6-detenuti-che-fanno-lo-sciopero-della-fame--300x200.jpg\" alt=\"\" width=\"300\" height=\"200\" srcset=\"https:\/\/reteitalianaism.it\/reteism\/wp-content\/uploads\/2021\/11\/13.-Ramallah-7nov.-con-la-madre-di-uno-dei-6-detenuti-che-fanno-lo-sciopero-della-fame--300x200.jpg 300w, https:\/\/reteitalianaism.it\/reteism\/wp-content\/uploads\/2021\/11\/13.-Ramallah-7nov.-con-la-madre-di-uno-dei-6-detenuti-che-fanno-lo-sciopero-della-fame--1024x682.jpg 1024w, https:\/\/reteitalianaism.it\/reteism\/wp-content\/uploads\/2021\/11\/13.-Ramallah-7nov.-con-la-madre-di-uno-dei-6-detenuti-che-fanno-lo-sciopero-della-fame--768x512.jpg 768w, https:\/\/reteitalianaism.it\/reteism\/wp-content\/uploads\/2021\/11\/13.-Ramallah-7nov.-con-la-madre-di-uno-dei-6-detenuti-che-fanno-lo-sciopero-della-fame--1536x1023.jpg 1536w, https:\/\/reteitalianaism.it\/reteism\/wp-content\/uploads\/2021\/11\/13.-Ramallah-7nov.-con-la-madre-di-uno-dei-6-detenuti-che-fanno-lo-sciopero-della-fame-.jpg 1600w\" sizes=\"auto, (max-width: 300px) 100vw, 300px\" \/><\/a><\/p>\n<p><a href=\"http:\/\/reteitalianaism.it\/reteism\/wp-content\/uploads\/2021\/11\/14.-Ramalla-I-bambini-ci-insegnano-1.jpg\"><img loading=\"lazy\" decoding=\"async\" class=\"size-medium wp-image-16187 aligncenter\" src=\"http:\/\/reteitalianaism.it\/reteism\/wp-content\/uploads\/2021\/11\/14.-Ramalla-I-bambini-ci-insegnano-1-220x300.jpg\" alt=\"\" width=\"220\" height=\"300\" srcset=\"https:\/\/reteitalianaism.it\/reteism\/wp-content\/uploads\/2021\/11\/14.-Ramalla-I-bambini-ci-insegnano-1-220x300.jpg 220w, https:\/\/reteitalianaism.it\/reteism\/wp-content\/uploads\/2021\/11\/14.-Ramalla-I-bambini-ci-insegnano-1-752x1024.jpg 752w, https:\/\/reteitalianaism.it\/reteism\/wp-content\/uploads\/2021\/11\/14.-Ramalla-I-bambini-ci-insegnano-1-768x1045.jpg 768w, https:\/\/reteitalianaism.it\/reteism\/wp-content\/uploads\/2021\/11\/14.-Ramalla-I-bambini-ci-insegnano-1.jpg 1000w\" sizes=\"auto, (max-width: 220px) 100vw, 220px\" \/><\/a><\/p>\n","protected":false},"excerpt":{"rendered":"<p>07.11.2021 Palestina! Quanto ho desiderato respirare questa aria, ritrovarmi in questo incontro tra il blu intenso del cielo, la terra scura delle colline e la pietra chiara delle case, ma, soprattutto, incontrare la gente, perch\u00e9 ci\u00f2 che conta, in ogni &hellip; <a href=\"https:\/\/reteitalianaism.it\/reteism\/index.php\/2021\/11\/10\/palestina-2021\/\">Continue reading <span class=\"meta-nav\">&rarr;<\/span><\/a><\/p>\n","protected":false},"author":6,"featured_media":0,"comment_status":"open","ping_status":"open","sticky":false,"template":"","format":"standard","meta":{"footnotes":""},"categories":[3],"tags":[120,10,392,15,395,70,92,176,23,91,34,403,208,211,51],"class_list":["post-16171","post","type-post","status-publish","format-standard","hentry","category-info","tag-arresti","tag-arresti-inutili","tag-beita","tag-burin","tag-detenzione","tag-detenzione-amministrativa","tag-diritti-dei-prigionieri","tag-diritti-fondamentali","tag-diritti-umani","tag-kafr-qaddum","tag-nablus","tag-piazza-al-manara","tag-restiamo-umani","tag-ulivi","tag-violenza-sui-minori"],"_links":{"self":[{"href":"https:\/\/reteitalianaism.it\/reteism\/index.php\/wp-json\/wp\/v2\/posts\/16171","targetHints":{"allow":["GET"]}}],"collection":[{"href":"https:\/\/reteitalianaism.it\/reteism\/index.php\/wp-json\/wp\/v2\/posts"}],"about":[{"href":"https:\/\/reteitalianaism.it\/reteism\/index.php\/wp-json\/wp\/v2\/types\/post"}],"author":[{"embeddable":true,"href":"https:\/\/reteitalianaism.it\/reteism\/index.php\/wp-json\/wp\/v2\/users\/6"}],"replies":[{"embeddable":true,"href":"https:\/\/reteitalianaism.it\/reteism\/index.php\/wp-json\/wp\/v2\/comments?post=16171"}],"version-history":[{"count":4,"href":"https:\/\/reteitalianaism.it\/reteism\/index.php\/wp-json\/wp\/v2\/posts\/16171\/revisions"}],"predecessor-version":[{"id":16191,"href":"https:\/\/reteitalianaism.it\/reteism\/index.php\/wp-json\/wp\/v2\/posts\/16171\/revisions\/16191"}],"wp:attachment":[{"href":"https:\/\/reteitalianaism.it\/reteism\/index.php\/wp-json\/wp\/v2\/media?parent=16171"}],"wp:term":[{"taxonomy":"category","embeddable":true,"href":"https:\/\/reteitalianaism.it\/reteism\/index.php\/wp-json\/wp\/v2\/categories?post=16171"},{"taxonomy":"post_tag","embeddable":true,"href":"https:\/\/reteitalianaism.it\/reteism\/index.php\/wp-json\/wp\/v2\/tags?post=16171"}],"curies":[{"name":"wp","href":"https:\/\/api.w.org\/{rel}","templated":true}]}}