{"id":16352,"date":"2021-12-05T19:11:09","date_gmt":"2021-12-05T18:11:09","guid":{"rendered":"http:\/\/reteitalianaism.it\/reteism\/?p=16352"},"modified":"2021-12-05T19:11:09","modified_gmt":"2021-12-05T18:11:09","slug":"israele-uccide-e-onora-le-persone-con-disabilita","status":"publish","type":"post","link":"https:\/\/reteitalianaism.it\/reteism\/index.php\/2021\/12\/05\/israele-uccide-e-onora-le-persone-con-disabilita\/","title":{"rendered":"Israele uccide e &#8220;onora&#8221; le persone con disabilit\u00e0"},"content":{"rendered":"<p><a href=\"https:\/\/electronicintifada.net\/blogs\/maureen-clare-murphy\/israel-kills-and-honors-people-disabilities\">https:\/\/electronicintifada.net\/<\/a><\/p>\n<p><strong>\u00a03 dicembre 2021<\/strong> \u00a0 \u00a0 \u00a0 \u00a0 \u00a0 \u00a0 \u00a0 \u00a0<em>Maureen Clare Murphy<\/em><\/p>\n<p>Per celebrare la Giornata internazionale delle persone con disabilit\u00e0, l&#8217;esercito israeliano ha twittato venerd\u00ec una foto della sua torre di comunicazione a Tel Aviv illuminata di viola.<\/p>\n<div id=\"attachment_16353\" style=\"width: 505px\" class=\"wp-caption aligncenter\"><a href=\"http:\/\/reteitalianaism.it\/reteism\/index.php\/2021\/12\/05\/israele-uccide-e-onora-le-persone-con-disabilita\/211203-gmr\/\" rel=\"attachment wp-att-16353\"><img loading=\"lazy\" decoding=\"async\" aria-describedby=\"caption-attachment-16353\" class=\" wp-image-16353\" src=\"http:\/\/reteitalianaism.it\/reteism\/wp-content\/uploads\/2021\/12\/211203-gmr-300x200.jpg\" alt=\"\" width=\"495\" height=\"330\" srcset=\"https:\/\/reteitalianaism.it\/reteism\/wp-content\/uploads\/2021\/12\/211203-gmr-300x200.jpg 300w, https:\/\/reteitalianaism.it\/reteism\/wp-content\/uploads\/2021\/12\/211203-gmr-768x512.jpg 768w, https:\/\/reteitalianaism.it\/reteism\/wp-content\/uploads\/2021\/12\/211203-gmr.jpg 800w\" sizes=\"auto, (max-width: 495px) 100vw, 495px\" \/><\/a><p id=\"caption-attachment-16353\" class=\"wp-caption-text\">Pi\u00f9 di 8.000 palestinesi sono stati feriti da proiettili israeliani durante le proteste della Grande Marcia del Ritorno a Gaza. Mohammed Zaanoun ActiveStills<\/p><\/div>\n<p style=\"text-align: justify;\">I militari hanno affermato che il gesto era &#8220;in onore delle persone con disabilit\u00e0 in Israele e nel mondo&#8221;.<\/p>\n<p style=\"text-align: justify;\">Gli utenti di Twitter hanno rapidamente colto l&#8217;ironia e l&#8217;ipocrisia mettendo in evidenza la miriade di crimini di Israele contro i palestinesi con disabilit\u00e0.<!--more--><\/p>\n<p style=\"text-align: justify;\">All&#8217;inizio di questa settimana, un gruppo israeliano e uno palestinese per i diritti umani hanno pubblicato un rapporto che espone le finte indagini israeliane sull&#8217;uccisione e la mutilazione dei manifestanti durante la Grande Marcia del Ritorno di Gaza.<br \/>\nAlmeno 223 palestinesi sono stati uccisi durante quelle proteste, iniziate il 30 marzo 2018 e concluse a dicembre 2019.<\/p>\n<p><a href=\"https:\/\/twitter.com\/queeralamode\/status\/1466813033066360836?s=20\">https:\/\/twitter.com\/queeralamode\/status\/1466813033066360836?s=20<\/a><\/p>\n<p style=\"text-align: justify;\">Sette persone con disabilit\u00e0 sono state uccise durante le proteste, secondo Al-Haq, un gruppo palestinese per i diritti umani.<\/p>\n<p style=\"text-align: justify;\">Una commissione d&#8217;inchiesta delle Nazioni Unite ha scoperto che i cecchini israeliani hanno sparato a persone con disabilit\u00e0 &#8220;sapendo che erano chiaramente riconoscibili come tali&#8221; durante la Grande Marcia del Ritorno.<\/p>\n<p style=\"text-align: justify;\">Inoltre, pi\u00f9 di 13.000 palestinesi sono stati feriti durante le proteste: &#8220;circa 8.000 da proiettili veri, circa 2.400 da proiettili di metallo ricoperti di gomma e quasi 3.000 da candelotti lacrimogeni che li hanno colpiti direttamente&#8221;, B&#8217;Tselem e il Palestine Center for Human Rights hanno dichiarato nel loro rapporto congiunto di questa settimana.<\/p>\n<p style=\"text-align: justify;\">Queste cifre non riflettono le altre migliaia di persone ferite dall&#8217;inalazione di gas lacrimogeni durante le proteste.<\/p>\n<p style=\"text-align: justify;\">&#8220;Delle persone ferite, 156 hanno perso gli arti&#8221;, affermano i gruppi per i diritti. &#8220;Nessuno di questi casi \u00e8 stato indagato&#8221;.<\/p>\n<p style=\"text-align: justify;\">B&#8217;Tselem e il Centro palestinese per i diritti umani hanno descritto il meccanismo di autoindagine israeliano come una &#8220;cortina fumogena&#8221; destinata a scoraggiare il controllo della Corte penale internazionale.<\/p>\n<p style=\"text-align: justify;\">Il tribunale dell&#8217;Aia persegue casi di crimini di guerra solo quando gli stati &#8220;non vogliono o non sono in grado&#8221; di svolgere indagini interne significative.<\/p>\n<p style=\"text-align: justify;\">Israele non \u00e8 disposto a indagare sugli abusi contro i palestinesi da parte delle sue forze, e quindi &#8220;la responsabilit\u00e0 di garantire la responsabilit\u00e0 per queste violazioni ora spetta alla Corte penale internazionale&#8221;, ha affermato B&#8217;Tselem.<\/p>\n<p style=\"text-align: justify;\"><strong>Esecuzione extragiudiziale di Iyad Hallaq<\/strong><br \/>\nAl-Haq, un gruppo palestinese per i diritti umani, ha chiesto un&#8217;indagine per crimini di guerra sull&#8217;uccisione di Iyad Hallaq da parte della polizia israeliana a Gerusalemme lo scorso anno.<\/p>\n<p style=\"text-align: justify;\">Hallaq, 31 anni, stava camminando verso una scuola per persone con disabilit\u00e0 che frequentava quando \u00e8 stato ucciso.<\/p>\n<p style=\"text-align: justify;\">Israele ha trattenuto i filmati delle telecamere di sorveglianza della zona in cui \u00e8 stato ucciso Hallaq e ha imposto un ordine di silenzio all&#8217;avvocato della famiglia Hallaq per impedire che le informazioni sui procedimenti giudiziari fossero rese pubbliche, secondo Al-Haq.<\/p>\n<p style=\"text-align: justify;\">Israele ricorre sistematicamente all&#8217;uso eccessivo della forza, anche contro i palestinesi con disabilit\u00e0.<\/p>\n<p style=\"text-align: justify;\">Dieci palestinesi con disabilit\u00e0 sono stati uccisi dalle forze di occupazione in Cisgiordania e Gaza solo nel 2018.<\/p>\n<p style=\"text-align: justify;\">Le persone con disabilit\u00e0 erano tra gli oltre 250 palestinesi uccisi durante l&#8217;attacco di 11 giorni di Israele a Gaza a maggio.<\/p>\n<p style=\"text-align: justify;\">Iyad Salha, che usava una sedia a rotelle, \u00e8 stato ucciso in un attacco aereo israeliano sulla sua casa il 19 maggio. Amani Mahawish, la moglie di Iyad, incinta di otto mesi, \u00e8 stata uccisa insieme alla loro figlia Nagham di 2 anni.<\/p>\n<p style=\"text-align: justify;\">Salha era tra le sei persone con disabilit\u00e0 uccise durante l&#8217;offensiva, secondo Medical Aid for Palestines, citando la Societ\u00e0 Palestinese di Soccorso Medico e la Societ\u00e0 Nazionale per la Riabilitazione.<\/p>\n<p style=\"text-align: justify;\">&#8220;Il bombardamento ha colpito anche diverse strutture sanitarie e di riabilitazione, tra cui 24 organizzazioni che lavorano con persone con disabilit\u00e0&#8221;, ha aggiunto Medical Aid for Palestines.<\/p>\n<p style=\"text-align: justify;\">Circa 3.000 persone con disabilit\u00e0 sono state sfollate all&#8217;interno di Gaza durante il bombardamento.<\/p>\n<p style=\"text-align: justify;\">I palestinesi con disabilit\u00e0 sperimentano &#8220;gravi difficolt\u00e0 nell&#8217;evacuare gli edifici civili sotto attacco, aumentando il rischio di lesioni e morte&#8221;, ha osservato all&#8217;inizio di quest&#8217;anno l&#8217;assistenza medica per i palestinesi.<\/p>\n<p style=\"text-align: justify;\">Le persone sorde a Gaza hanno avuto difficolt\u00e0 ad accedere alle informazioni durante quei terrificanti 11 giorni.<\/p>\n<p style=\"text-align: justify;\">&#8220;Mi sentivo in un terribile pericolo ogni volta che la casa tremava&#8221;, ha detto Saadia Miqdad, che \u00e8 sorda, a The Electronic Intifada all&#8217;inizio di quest&#8217;anno. &#8220;Ma non sapevo dove stavano cadendo le bombe&#8221;.<\/p>\n<p style=\"text-align: justify;\">Le persone anziane sono anche estremamente vulnerabili durante gli attacchi israeliani a Gaza, coordinati dalla torre di comando militare di Tel Aviv illuminata in viola venerd\u00ec.<\/p>\n<p style=\"text-align: justify;\">&#8220;Le guerre hanno un pesante tributo su di noi&#8221;, ha detto Ishaq al-Sayigh a The Electronic Intifada a luglio. \u201cCi privano di ogni senso di comfort o sicurezza. Sono ancora in uno stato di ansia [dopo l&#8217;attacco di maggio]\u201d.<\/p>\n<p style=\"text-align: justify;\">Il consolato britannico a Gerusalemme si \u00e8 unito all&#8217;esercito israeliano per bagnare di viola il suo edificio venerd\u00ec:<\/p>\n<blockquote class=\"twitter-tweet\" data-width=\"550\" data-dnt=\"true\">\n<p lang=\"en\" dir=\"ltr\">Today is International Day of Persons with Disabilities. The British Consulate has been lit in purple to mark the day. Proud to be working with\u00a0<a href=\"https:\/\/twitter.com\/CARE_Palestine?ref_src=twsrc%5Etfw\">@Care_palestine<\/a>\u00a0to enhance the rights &amp; inclusion of\u00a0<a href=\"https:\/\/twitter.com\/hashtag\/PWDs?src=hash&amp;ref_src=twsrc%5Etfw\">#PWDs<\/a>\u00a0in the Occupied Palestinian Territories \ud83c\uddf5\ud83c\uddf8.\u00a0<a href=\"https:\/\/twitter.com\/hashtag\/IDPWD2021?src=hash&amp;ref_src=twsrc%5Etfw\">#IDPWD2021<\/a> <a href=\"https:\/\/t.co\/5hRrePGHmk\">pic.twitter.com\/5hRrePGHmk<\/a><\/p>\n<p>&mdash; UK in Jerusalem\ud83c\uddec\ud83c\udde7 (@UKinJerusalem) <a href=\"https:\/\/twitter.com\/UKinJerusalem\/status\/1466828282872184832?ref_src=twsrc%5Etfw\">December 3, 2021<\/a><\/p><\/blockquote>\n<p><script async src=\"https:\/\/platform.twitter.com\/widgets.js\" charset=\"utf-8\"><\/script><\/p>\n<p>&nbsp;<\/p>\n<p style=\"text-align: justify;\">Il consolato si \u00e8 detto &#8220;orgoglioso di lavorare&#8221; con un gruppo palestinese per &#8220;migliorare i diritti e l&#8217;inclusione&#8221; delle persone con disabilit\u00e0\u00a0in Cisgiordania e nella Striscia di Gaza.<br \/>\nNel frattempo, tuttavia, il governo del Regno Unito si \u00e8 alleato con Israele contro la responsabilit\u00e0 per tutti i palestinesi, compresi quelli con disabilit\u00e0, opponendosi alle indagini in corso presso la Corte penale internazionale.<\/p>\n<p style=\"text-align: justify;\">Karim Khan, cittadino britannico, ha iniziato il suo mandato come procuratore capo della CPI a giugno.<\/p>\n<p style=\"text-align: justify;\">Il primo ministro britannico Boris Johnson ha affermato di sperare che l&#8217;elezione di Khan e di un altro britannico a giudice &#8220;aiuterebbe a servire la riforma&#8221; della corte.<\/p>\n<p style=\"text-align: justify;\">Human Rights Watch ha condannato le osservazioni di Johnson come uno &#8220;sfrontato assalto all&#8217;indipendenza della CPI&#8221;<\/p>\n<p style=\"text-align: justify;\"><strong>L&#8217;UE sponsorizza il festival del film &#8220;solidale&#8221;<\/strong><br \/>\nIl Regno Unito non \u00e8 solo nei suoi gesti vuoti verso i diritti umani mentre aiuta Israele a consolidare la prevalente situazione di impunit\u00e0.<\/p>\n<p style=\"text-align: justify;\">L&#8217;Unione Europea sta sponsorizzando, insieme a varie agenzie governative israeliane, il prossimo &#8220;Solidarity Film Festival&#8221; a Tel Aviv che si dice &#8220;mette i diritti umani in prima linea&#8221;.<\/p>\n<blockquote class=\"twitter-tweet\" data-width=\"550\" data-dnt=\"true\">\n<p lang=\"en\" dir=\"ltr\">\ud83d\udcfd\ufe0f\ud83c\udf9e\ufe0fSolidarity Film Festival puts human rights at forefront at the Tel Aviv Cinematheque, with the support of i.a <a href=\"https:\/\/twitter.com\/MayorOfTelAviv?ref_src=twsrc%5Etfw\">@MayorOfTelAviv<\/a>  <a href=\"https:\/\/twitter.com\/TelAviv?ref_src=twsrc%5Etfw\">@TelAviv<\/a>  Municipality, the \ud83c\uddea\ud83c\uddfa European Union, the <a href=\"https:\/\/twitter.com\/goetheinstitut?ref_src=twsrc%5Etfw\">@goetheinstitut<\/a> <\/p>\n<p>From 9-18 December \ud83d\udea8<a href=\"https:\/\/t.co\/Bh4SXdAgO0\">https:\/\/t.co\/Bh4SXdAgO0<\/a><a href=\"https:\/\/t.co\/OlFcDtZXfd\">https:\/\/t.co\/OlFcDtZXfd<\/a><\/p>\n<p>&mdash; EU in Israel \ud83c\uddea\ud83c\uddfa\ud83c\uddee\ud83c\uddf1 (@EUinIsrael) <a href=\"https:\/\/twitter.com\/EUinIsrael\/status\/1466307436285997059?ref_src=twsrc%5Etfw\">December 2, 2021<\/a><\/p><\/blockquote>\n<p><script async src=\"https:\/\/platform.twitter.com\/widgets.js\" charset=\"utf-8\"><\/script><\/p>\n<p style=\"text-align: justify;\">La sponsorizzazione del festival \u00e8 un rifiuto dell&#8217;appello palestinese per un boicottaggio culturale di Israele.<br \/>\nL&#8217;appello al boicottaggio culturale si ispira al movimento globale che ha contribuito a porre fine all&#8217;apartheid in Sudafrica.<\/p>\n<p style=\"text-align: justify;\">Nel frattempo, l&#8217;UE deve ancora respingere e condannare l&#8217;uso da parte del governo israeliano di una legge antiterrorismo draconiana contro sei organizzazioni palestinesi per i diritti umani e i servizi sociali.<\/p>\n<p style=\"text-align: justify;\">Tre dei gruppi \u2013 Al-Haq, Addameer e Defense for Children International-Palestine \u2013 stanno assistendo le indagini sui crimini di guerra della Corte penale internazionale in Cisgiordania e nella Striscia di Gaza.<\/p>\n<p style=\"text-align: justify;\">La cineteca dove si terr\u00e0 il festival sponsorizzato dall&#8217;UE si trova a cinque minuti a piedi dal quartier generale militare israeliano a Tel Aviv.<\/p>\n<p style=\"text-align: justify;\">Presumibilmente, gli appassionati di cinema palestinesi in Cisgiordania non potranno passare attraverso i posti di blocco militari per partecipare al festival di Tel Aviv.<\/p>\n<p style=\"text-align: justify;\">Ci sarebbero troppi diritti umani e solidariet\u00e0 da aspettarsi da Israele e dall&#8217;UE.<\/p>\n<p style=\"text-align: justify;\">\n","protected":false},"excerpt":{"rendered":"<p>https:\/\/electronicintifada.net\/ \u00a03 dicembre 2021 \u00a0 \u00a0 \u00a0 \u00a0 \u00a0 \u00a0 \u00a0 \u00a0Maureen Clare Murphy Per celebrare la Giornata internazionale delle persone con disabilit\u00e0, l&#8217;esercito israeliano ha twittato venerd\u00ec una foto della sua torre di comunicazione a Tel Aviv illuminata di &hellip; <a href=\"https:\/\/reteitalianaism.it\/reteism\/index.php\/2021\/12\/05\/israele-uccide-e-onora-le-persone-con-disabilita\/\">Continue reading <span class=\"meta-nav\">&rarr;<\/span><\/a><\/p>\n","protected":false},"author":2,"featured_media":0,"comment_status":"open","ping_status":"open","sticky":false,"template":"","format":"standard","meta":{"footnotes":""},"categories":[3,68],"tags":[156,16,190,37,150],"class_list":["post-16352","post","type-post","status-publish","format-standard","hentry","category-info","category-opinioni","tag-assedio-di-gaza","tag-campagna-bds","tag-grande-marcia-del-ritorno","tag-occupazione","tag-violenza-dellesercito"],"_links":{"self":[{"href":"https:\/\/reteitalianaism.it\/reteism\/index.php\/wp-json\/wp\/v2\/posts\/16352","targetHints":{"allow":["GET"]}}],"collection":[{"href":"https:\/\/reteitalianaism.it\/reteism\/index.php\/wp-json\/wp\/v2\/posts"}],"about":[{"href":"https:\/\/reteitalianaism.it\/reteism\/index.php\/wp-json\/wp\/v2\/types\/post"}],"author":[{"embeddable":true,"href":"https:\/\/reteitalianaism.it\/reteism\/index.php\/wp-json\/wp\/v2\/users\/2"}],"replies":[{"embeddable":true,"href":"https:\/\/reteitalianaism.it\/reteism\/index.php\/wp-json\/wp\/v2\/comments?post=16352"}],"version-history":[{"count":2,"href":"https:\/\/reteitalianaism.it\/reteism\/index.php\/wp-json\/wp\/v2\/posts\/16352\/revisions"}],"predecessor-version":[{"id":16355,"href":"https:\/\/reteitalianaism.it\/reteism\/index.php\/wp-json\/wp\/v2\/posts\/16352\/revisions\/16355"}],"wp:attachment":[{"href":"https:\/\/reteitalianaism.it\/reteism\/index.php\/wp-json\/wp\/v2\/media?parent=16352"}],"wp:term":[{"taxonomy":"category","embeddable":true,"href":"https:\/\/reteitalianaism.it\/reteism\/index.php\/wp-json\/wp\/v2\/categories?post=16352"},{"taxonomy":"post_tag","embeddable":true,"href":"https:\/\/reteitalianaism.it\/reteism\/index.php\/wp-json\/wp\/v2\/tags?post=16352"}],"curies":[{"name":"wp","href":"https:\/\/api.w.org\/{rel}","templated":true}]}}