{"id":16377,"date":"2021-12-11T23:05:03","date_gmt":"2021-12-11T22:05:03","guid":{"rendered":"http:\/\/reteitalianaism.it\/reteism\/?p=16377"},"modified":"2021-12-11T23:05:03","modified_gmt":"2021-12-11T22:05:03","slug":"israele-palestina-ma-che-tipo-di-conflitto-e-questo","status":"publish","type":"post","link":"https:\/\/reteitalianaism.it\/reteism\/index.php\/2021\/12\/11\/israele-palestina-ma-che-tipo-di-conflitto-e-questo\/","title":{"rendered":"Israele-Palestina: ma che tipo di conflitto \u00e8 questo?"},"content":{"rendered":"<p style=\"text-align: justify;\"><a href=\"https:\/\/www.middleeastmonitor.com\/20211211-israel-palestine-what-sort-of-conflict-is-this\/\">https:\/\/www.middleeastmonitor.com\/<\/a><br \/>\n<strong>11 dicembre 2021<\/strong> \u00a0 \u00a0 \u00a0 \u00a0 <em>Sayid Marcos Ten\u00f3rio<\/em><\/p>\n<p>Il conflitto in Palestina non ha nulla a che vedere con le percezioni del buon senso e dell&#8217;opinione pubblica, che mirano a ridurre la sua dimensione di lotta libertaria a una presunta &#8220;guerra di religione&#8221; o &#8220;terrorismo&#8221;. Queste sono le giustificazioni usate per riferirsi allo sforzo della resistenza palestinese per sbarazzarsi dell&#8217;oppressione dell&#8217;apartheid sionista.<\/p>\n<div id=\"attachment_16378\" style=\"width: 504px\" class=\"wp-caption aligncenter\"><a href=\"http:\/\/reteitalianaism.it\/reteism\/index.php\/2021\/12\/11\/israele-palestina-ma-che-tipo-di-conflitto-e-questo\/20210521_2_48406562_65393945\/\" rel=\"attachment wp-att-16378\"><img loading=\"lazy\" decoding=\"async\" aria-describedby=\"caption-attachment-16378\" class=\" wp-image-16378\" src=\"http:\/\/reteitalianaism.it\/reteism\/wp-content\/uploads\/2021\/12\/20210521_2_48406562_65393945-300x200.jpg\" alt=\"\" width=\"494\" height=\"329\" srcset=\"https:\/\/reteitalianaism.it\/reteism\/wp-content\/uploads\/2021\/12\/20210521_2_48406562_65393945-300x200.jpg 300w, https:\/\/reteitalianaism.it\/reteism\/wp-content\/uploads\/2021\/12\/20210521_2_48406562_65393945-1024x683.jpg 1024w, https:\/\/reteitalianaism.it\/reteism\/wp-content\/uploads\/2021\/12\/20210521_2_48406562_65393945-768x512.jpg 768w, https:\/\/reteitalianaism.it\/reteism\/wp-content\/uploads\/2021\/12\/20210521_2_48406562_65393945.jpg 1200w\" sizes=\"auto, (max-width: 494px) 100vw, 494px\" \/><\/a><p id=\"caption-attachment-16378\" class=\"wp-caption-text\">I musulmani si riuniscono per sostenere i palestinesi e per protestare contro gli attacchi israeliani nella Striscia di Gaza e a Gerusalemme Est, il 21 maggio 2021 a Pekanbaru, provincia di Riau, Indonesia [Dedy Sutisna\/Anadolu Agency]<\/p><\/div>\n<p style=\"text-align: justify;\">Alla fine del 2019 \u00e8 uscito il mio libro &#8220;Palestina: do mito da terra prometida \u00e0 terra da resist\u00eancia&#8221; (Palestina: Dal mito della terra promessa alla terra della resistenza). Il libro dimostra che le questioni storiche e politiche del conflitto, che durano da quasi cento anni, non derivano da una disputa politico-religiosa tra ebrei e palestinesi.<!--more--><\/p>\n<p style=\"text-align: justify;\">Dimostro nel libro che il conflitto fa parte di un contesto mondiale che si \u00e8 evoluto dall&#8217;emergere del sionismo internazionale. Il sionismo \u00e8 un movimento nazionalista ebraico di destra creato nell&#8217;Europa del diciannovesimo secolo che inizi\u00f2 a rivendicare la Palestina come territorio per stabilire uno stato ebraico &#8211; un&#8217;aberrazione teocratica che si materializz\u00f2 con la fondazione di &#8220;Israele&#8221; nel maggio 1948.<\/p>\n<p style=\"text-align: justify;\">I sionisti e i loro apologeti usano tutti i media e le risorse Internet con i loro social network per concretizzare questa narrativa e raggiungere il loro obiettivo di creare una &#8220;cortina di fumo&#8221; nell&#8217;incessante ricerca per eliminare il popolo palestinese e la sua lunga storia.<\/p>\n<p style=\"text-align: justify;\">La &#8220;casa nazionale per gli ebrei&#8221; voluta dai sionisti nel 1897, o stato puramente ebraico, \u00e8 una strategia che include l&#8217;espansione degli insediamenti ebraici e la conseguente pulizia etnica. Questo movimento inizi\u00f2 nel 1948 dopo che le Nazioni Unite (ONU) divisero la Palestina laica in due stati e in seguito fornirono le condizioni per la creazione di uno &#8220;stato&#8221; senza confini, costituzione, governo e nazione.<\/p>\n<p style=\"text-align: justify;\">L&#8217;ONU \u00e8 responsabile dei mezzi politici e dell&#8217;appoggio internazionale al progetto coloniale sionista, promuovendo le condizioni che hanno permesso l&#8217;emergere di questo mostro che adotta ogni forma di violazione, razzismo e genocidio in Palestina e in tutto il Medio Oriente. I leader israeliani non hanno accettato e n\u00e9 rispettato i termini della Risoluzione 181\/1947, che prevedeva la creazione dello stato palestinese e conferiva uno status speciale alla citt\u00e0 santa di Gerusalemme.<\/p>\n<p style=\"text-align: justify;\">Dopo la fondazione di &#8220;Israele&#8221; nel 1948, le milizie terroristiche sioniste scatenarono l&#8217;occupazione delle terre e delle case palestinesi attraverso l&#8217;espulsione e l&#8217;annientamento fisico dei loro proprietari. Questo evento \u00e8 stato conosciuto come la Nakba, una parola araba per la tragedia che si \u00e8 intensificata con la cosiddetta Guerra dei sei giorni, un&#8217;aggressione terroristica delle forze israeliane che ha avuto luogo tra il 5 e il 10 giugno 1967 e ha occupato la Striscia di Gaza, il Sinai ( Egitto) e le alture del Golan (Siria).<\/p>\n<div id=\"attachment_16379\" style=\"width: 305px\" class=\"wp-caption alignright\"><a href=\"http:\/\/reteitalianaism.it\/reteism\/index.php\/2021\/12\/11\/israele-palestina-ma-che-tipo-di-conflitto-e-questo\/20150515_latuff-nakba-day-1948-2015\/\" rel=\"attachment wp-att-16379\"><img loading=\"lazy\" decoding=\"async\" aria-describedby=\"caption-attachment-16379\" class=\" wp-image-16379\" src=\"http:\/\/reteitalianaism.it\/reteism\/wp-content\/uploads\/2021\/12\/20150515_Latuff-Nakba-Day-1948-2015-241x300.gif\" alt=\"\" width=\"295\" height=\"367\" \/><\/a><p id=\"caption-attachment-16379\" class=\"wp-caption-text\">Nakba Day 1948 &#8211; Cartone animato [Latuff\/MiddleEastMonitor]<\/p><\/div>\n<p style=\"text-align: justify;\">\nL&#8217;obiettivo principale del progetto coloniale della supremazia ebraica \u00e8 il completo sradicamento e distruzione della Palestina ad esclusivo beneficio degli ebrei. Tale progetto mira a riconoscere lo Stato di Israele in tutto il territorio della Palestina storica senza confini definiti e in permanente espansione, trasformando ci\u00f2 che resta della Palestina in piccole isole di terra come se fosse un mini-stato \u2013 polverizzato, circondato e soffocato dall&#8217;occupante su tutti i lati.<\/p>\n<p style=\"text-align: justify;\">Ci\u00f2 che Israele ha fatto negli ultimi 73 anni \u00e8 contraddire e violare il diritto internazionale adottando una politica militarista, espansionista e colonialista nei territori palestinesi e l&#8217;occupazione di territori nei paesi arabi vicini (Giordania, Siria, Egitto e Libano).<\/p>\n<p style=\"text-align: justify;\">\u00c8 noto che l&#8217;aggressore \u00e8 stato Israele, che ha compiuto attacchi asimmetrici contro Gaza e le forze del Movimento di resistenza islamica (Hamas) nel 2008\/2009, 2012, 2014, 2015, 2018 e nel maggio di quest&#8217;anno. Israele lo fa per legittimare l&#8217;occupazione, espandendo illegalmente il territorio del cosiddetto &#8220;Stato ebraico&#8221;. Nel frattempo, distruggendo le infrastrutture di Gaza e creando il caos, mirava a indebolire la resistenza palestinese che stava combattendo da\u00a073 anni per i diritti, la dignit\u00e0 e l&#8217;esistenza.<\/p>\n<p style=\"text-align: justify;\">Una delle migliori definizioni di dove sta andando la situazione di stallo, e dove scorrer\u00e0 questo torrente, \u00e8 stata data dallo scrittore Ilan Papp\u00e9, un israeliano odiato dai sionisti, che difende l&#8217;idea che l&#8217;unico regime ragionevole sembra essere un regime democratico e stato laico per tutti gli abitanti della Palestina. Se non si trover\u00e0 una tale soluzione, la tempesta ai confini di Israele aumenter\u00e0 con una forza ancora maggiore.<\/p>\n<p style=\"text-align: justify;\">Secondo Papp\u00e9 nell&#8217;articolo, &#8220;La soluzione dei due Stati \u00e8 morta un decennio fa&#8221;, gli israeliani potrebbero occupare la migliore cabina del Titanic, ma la nave continua comunque ad affondare. Questo perch\u00e9 ovunque nel mondo arabo, persone e movimenti di resistenza cercano modi per cambiare regimi arcaici e realt\u00e0 politiche oppressive. Quel giorno verr\u00e0 anche per Israele.<\/p>\n<p style=\"text-align: justify;\">C&#8217;\u00e8 un&#8217;evidente crescita dell&#8217;impopolarit\u00e0 di Israele nel mondo. Le strade di diverse citt\u00e0 in diversi paesi sono spesso palcoscenico di manifestazioni a sostegno della causa palestinese e di netto ripudio delle azioni sioniste di apartheid. Allo stesso tempo, le azioni di istituzioni internazionali come la Corte penale internazionale (ICC), che ha avviato un&#8217;inchiesta per indagare sui crimini di guerra e sui crimini contro l&#8217;umanit\u00e0 commessi contro la Striscia di Gaza, sono passi positivi per la causa palestinese.<\/p>\n<p style=\"text-align: justify;\">Si tratta di azioni importanti a favore dei diritti legittimi dei palestinesi. Tuttavia, tutte le forze che difendono la giustizia e il rispetto del diritto internazionale devono chiedere ai loro paesi, e in particolare alle Nazioni Unite, di contribuire a porre fine all&#8217;occupazione coloniale israeliana in modo che i palestinesi possano vivere con dignit\u00e0 nella loro terra ancestrale di Palestina, con Gerusalemme come sua capitale.<\/p>\n<p style=\"text-align: justify;\">Per il popolo palestinese che ha lottato per cos\u00ec tanti secoli contro le occupazioni, non importa per quanto tempo l&#8217;apartheid suprematista ebraica rimarr\u00e0 nella loro terra perch\u00e9 i sionisti saranno sconfitti, anche con tutto l&#8217;apparato militare e il sostegno degli Stati Uniti che &#8220;Israele&#8221; possiede. I palestinesi sostengono la verit\u00e0 e la giustizia.<\/p>\n<p style=\"text-align: justify;\">I palestinesi hanno un desiderio irresistibile di rispettare i loro diritti pi\u00f9 legittimi. Combatteranno finch\u00e9 i loro diritti non saranno garantiti dalla democrazia, dal diritto internazionale e dalla giustizia, e finch\u00e9 non ci sar\u00e0 la promessa del diritto al ritorno dei rifugiati, al risarcimento e alla permanenza di tutti in terra palestinese.<\/p>\n","protected":false},"excerpt":{"rendered":"<p>https:\/\/www.middleeastmonitor.com\/ 11 dicembre 2021 \u00a0 \u00a0 \u00a0 \u00a0 Sayid Marcos Ten\u00f3rio Il conflitto in Palestina non ha nulla a che vedere con le percezioni del buon senso e dell&#8217;opinione pubblica, che mirano a ridurre la sua dimensione di lotta libertaria &hellip; <a href=\"https:\/\/reteitalianaism.it\/reteism\/index.php\/2021\/12\/11\/israele-palestina-ma-che-tipo-di-conflitto-e-questo\/\">Continue reading <span class=\"meta-nav\">&rarr;<\/span><\/a><\/p>\n","protected":false},"author":2,"featured_media":0,"comment_status":"open","ping_status":"open","sticky":false,"template":"","format":"standard","meta":{"footnotes":""},"categories":[3,68],"tags":[9,84,24,41,155],"class_list":["post-16377","post","type-post","status-publish","format-standard","hentry","category-info","category-opinioni","tag-apartheid","tag-colonie-illegali","tag-diritto-al-ritorno","tag-pulizia-etnica","tag-west-bank-occupata"],"_links":{"self":[{"href":"https:\/\/reteitalianaism.it\/reteism\/index.php\/wp-json\/wp\/v2\/posts\/16377","targetHints":{"allow":["GET"]}}],"collection":[{"href":"https:\/\/reteitalianaism.it\/reteism\/index.php\/wp-json\/wp\/v2\/posts"}],"about":[{"href":"https:\/\/reteitalianaism.it\/reteism\/index.php\/wp-json\/wp\/v2\/types\/post"}],"author":[{"embeddable":true,"href":"https:\/\/reteitalianaism.it\/reteism\/index.php\/wp-json\/wp\/v2\/users\/2"}],"replies":[{"embeddable":true,"href":"https:\/\/reteitalianaism.it\/reteism\/index.php\/wp-json\/wp\/v2\/comments?post=16377"}],"version-history":[{"count":2,"href":"https:\/\/reteitalianaism.it\/reteism\/index.php\/wp-json\/wp\/v2\/posts\/16377\/revisions"}],"predecessor-version":[{"id":16381,"href":"https:\/\/reteitalianaism.it\/reteism\/index.php\/wp-json\/wp\/v2\/posts\/16377\/revisions\/16381"}],"wp:attachment":[{"href":"https:\/\/reteitalianaism.it\/reteism\/index.php\/wp-json\/wp\/v2\/media?parent=16377"}],"wp:term":[{"taxonomy":"category","embeddable":true,"href":"https:\/\/reteitalianaism.it\/reteism\/index.php\/wp-json\/wp\/v2\/categories?post=16377"},{"taxonomy":"post_tag","embeddable":true,"href":"https:\/\/reteitalianaism.it\/reteism\/index.php\/wp-json\/wp\/v2\/tags?post=16377"}],"curies":[{"name":"wp","href":"https:\/\/api.w.org\/{rel}","templated":true}]}}