{"id":16437,"date":"2021-12-24T23:02:54","date_gmt":"2021-12-24T22:02:54","guid":{"rendered":"http:\/\/reteitalianaism.it\/reteism\/?p=16437"},"modified":"2021-12-24T23:02:54","modified_gmt":"2021-12-24T22:02:54","slug":"natale-a-betlemme-da-giorni-di-meraviglia-a-un-albero-di-plastica","status":"publish","type":"post","link":"https:\/\/reteitalianaism.it\/reteism\/index.php\/2021\/12\/24\/natale-a-betlemme-da-giorni-di-meraviglia-a-un-albero-di-plastica\/","title":{"rendered":"Natale a Betlemme: da &#8220;giorni di meraviglia&#8221; a un albero di plastica"},"content":{"rendered":"<p><a href=\"https:\/\/www.middleeasteye.net\/news\/christmas-bethlehem-days-wonder-plastic-tree\">https:\/\/www.middleeasteye.net\/<\/a><\/p>\n<p style=\"text-align: justify;\">\u00a0<strong>24 dicembre 2021<\/strong> \u00a0 <em>Lubna Masarwa\u00a0<\/em><\/p>\n<p style=\"text-align: justify;\">Gli anziani palestinesi ricordano le feste passate pi\u00f9 semplici, le decorazioni artigianali, i viaggi di shopping a Damasco e Beirut e si lamentano dell&#8217;occupazione da parte di merci cinesi<\/p>\n<div id=\"attachment_16439\" style=\"width: 509px\" class=\"wp-caption aligncenter\"><a href=\"http:\/\/reteitalianaism.it\/reteism\/index.php\/2021\/12\/24\/natale-a-betlemme-da-giorni-di-meraviglia-a-un-albero-di-plastica\/palestinebethlehemparadedec2021mee-2\/\" rel=\"attachment wp-att-16439\"><img loading=\"lazy\" decoding=\"async\" aria-describedby=\"caption-attachment-16439\" class=\" wp-image-16439\" src=\"http:\/\/reteitalianaism.it\/reteism\/wp-content\/uploads\/2021\/12\/PalestineBethlehemParadeDec2021MEE-1-300x202.jpg\" alt=\"\" width=\"499\" height=\"336\" srcset=\"https:\/\/reteitalianaism.it\/reteism\/wp-content\/uploads\/2021\/12\/PalestineBethlehemParadeDec2021MEE-1-300x202.jpg 300w, https:\/\/reteitalianaism.it\/reteism\/wp-content\/uploads\/2021\/12\/PalestineBethlehemParadeDec2021MEE-1-1024x690.jpg 1024w, https:\/\/reteitalianaism.it\/reteism\/wp-content\/uploads\/2021\/12\/PalestineBethlehemParadeDec2021MEE-1-768x518.jpg 768w, https:\/\/reteitalianaism.it\/reteism\/wp-content\/uploads\/2021\/12\/PalestineBethlehemParadeDec2021MEE-1.jpg 1400w\" sizes=\"auto, (max-width: 499px) 100vw, 499px\" \/><\/a><p id=\"caption-attachment-16439\" class=\"wp-caption-text\">Persone vestite con costumi da elfo partecipano alla parata di Natale annuale a Betlemme il 14 dicembre 2021 (Akram Alwara\/MEE)<\/p><\/div>\n<p style=\"text-align: justify;\">Oggigiorno l&#8217;albero di Natale alto 12 metri nella Piazza della Mangiatoia di Betlemme, come la maggior parte delle decorazioni festive nelle citt\u00e0 e nei villaggi della Cisgiordania palestinese, \u00e8 fatto di plastica.<\/p>\n<p style=\"text-align: justify;\">Ma Fawz Atallah Qumsiyeh ricorda di essere andata da bambina con suo padre a Jabal Abu-Ghneim, una montagna un tempo boscosa a sud-est di Gerusalemme che ora \u00e8 il sito di un insediamento israeliano, alla ricerca di un ramo adatto di un cipresso per adornare la \u00a0casa della famiglia.<!--more--><\/p>\n<p style=\"text-align: justify;\">&#8220;Il Natale aveva un diverso tipo di allegria e trovare un albero faceva parte della celebrazione&#8221;, ha detto a Middle East Eye Qumsiyeh, un ex insegnante di 90 anni.<\/p>\n<p style=\"text-align: justify;\">\u201cMio padre andava nel deserto e noi andavamo con lui e tagliavamo il ramo di un piccolo pino. Non ne taglieremmo mai uno intero&#8221;.<\/p>\n<div id=\"attachment_16440\" style=\"width: 479px\" class=\"wp-caption aligncenter\"><a href=\"http:\/\/reteitalianaism.it\/reteism\/index.php\/2021\/12\/24\/natale-a-betlemme-da-giorni-di-meraviglia-a-un-albero-di-plastica\/palestinequmsiyehdecember2021mee\/\" rel=\"attachment wp-att-16440\"><img loading=\"lazy\" decoding=\"async\" aria-describedby=\"caption-attachment-16440\" class=\" wp-image-16440\" src=\"http:\/\/reteitalianaism.it\/reteism\/wp-content\/uploads\/2021\/12\/PalestineQumsiyehDecember2021MEE-300x202.jpg\" alt=\"\" width=\"469\" height=\"316\" srcset=\"https:\/\/reteitalianaism.it\/reteism\/wp-content\/uploads\/2021\/12\/PalestineQumsiyehDecember2021MEE-300x202.jpg 300w, https:\/\/reteitalianaism.it\/reteism\/wp-content\/uploads\/2021\/12\/PalestineQumsiyehDecember2021MEE-1024x690.jpg 1024w, https:\/\/reteitalianaism.it\/reteism\/wp-content\/uploads\/2021\/12\/PalestineQumsiyehDecember2021MEE-768x518.jpg 768w, https:\/\/reteitalianaism.it\/reteism\/wp-content\/uploads\/2021\/12\/PalestineQumsiyehDecember2021MEE-1536x1035.jpg 1536w, https:\/\/reteitalianaism.it\/reteism\/wp-content\/uploads\/2021\/12\/PalestineQumsiyehDecember2021MEE.jpg 1920w\" sizes=\"auto, (max-width: 469px) 100vw, 469px\" \/><\/a><p id=\"caption-attachment-16440\" class=\"wp-caption-text\">Fawz Atallah Qumsiyeh ricorda di aver distribuito doni ad altri bambini negli anni &#8217;40 (Akram Alwara\/MEE)<\/p><\/div>\n<p style=\"text-align: justify;\">Qumsiyeh \u00e8 ancora vivace mentre ricorda i Natali passati nella sua casa di Beit Sahour. Ha trascorso gran parte della sua lunga vita nella cittadina a sud-est di Betlemme dove, nella tradizione cristiana, si dice che gli angeli abbiano visitato i pastori per annunciare la nascita di Ges\u00f9.<\/p>\n<p style=\"text-align: justify;\">Cresciuta nella Palestina governata dagli inglesi negli anni &#8217;40, Qumsiyeh ricorda come lei e i suoi fratelli realizzassero decorazioni artigianali da appendere all&#8217;albero, nonch\u00e9 sacchetti di regali per altri bambini del loro quartiere, come marmi, clementine e una torta fatta in casa con noci e mandorle.<\/p>\n<p style=\"text-align: justify;\">\n<p><strong>Niente elettricit\u00e0, niente luci<\/strong><br \/>\n&#8220;All&#8217;epoca non c&#8217;era n\u00e9 elettricit\u00e0 n\u00e9 luci di Natale, quindi abbiamo realizzato tutte le decorazioni a mano&#8221;, ha detto.<\/p>\n<p style=\"text-align: justify;\">\u201cColoravamo le foglie, facevamo figure simili a fiori e pesci, tagliavamo la carta in forme e le appendevamo agli alberi.<\/p>\n<p style=\"text-align: justify;\">\u201cBeit Sahour era povera allora e non c&#8217;erano negozi di giocattoli. Ma mio padre, che era il preside della scuola, era benestante, e andava a Gerusalemme, riempiva la macchina di giocattoli e tornava a darli a tutti. Mio padre era orfano da bambino ed era importante per lui&#8221;.<\/p>\n<p style=\"text-align: justify;\">\nNata nel 1932, Qumsiyeh ha terminato il liceo nel 1948 e si \u00e8 iscritta a una scuola di formazione per insegnanti per donne a Gerusalemme.<\/p>\n<p style=\"text-align: justify;\">Ma la sua carriera \u00e8 stata immediatamente interrotta dalla guerra civile, dalla dichiarazione di indipendenza di Israele e dagli eventi violenti noti ai palestinesi come la Nakba, quando centinaia di migliaia di persone sono fuggite o sono state cacciate dalle loro terre dalle forze paramilitari ebraiche.<\/p>\n<p style=\"text-align: justify;\">Il college di addestramento si trovava ora in un&#8217;area all&#8217;interno dei confini israeliani che divenne famosa come sede di un centro per gli interrogatori e di una prigione per palestinesi nota come Maskobiyeh.<\/p>\n<p style=\"text-align: justify;\">&#8220;Tutte le scuole sono state chiuse e sono state riaperte solo nel 1950, quando ho iniziato a insegnare in una scuola per orfani&#8221;, ha detto Qumsiyeh.<\/p>\n<p style=\"text-align: justify;\">Due anni dopo si \u00e8 trasferita in una scuola a Betlemme e poi, dopo essersi sposata, torn\u00f2 a Beit Sahour, seguendo le orme del padre come preside di una scuola.<\/p>\n<p style=\"text-align: justify;\">&#8220;Anche allora gli alberi erano ancora naturali e sarebbero stati venduti sul retro dei camion che sarebbero stati portati da dentro 48 [le terre della Palestina storica ora all&#8217;interno di Israele]&#8221;, ha detto.<\/p>\n<p style=\"text-align: justify;\">&#8220;Ora c&#8217;\u00e8 un insediamento ad Abu Ghneim e tutti i nostri alberi sono di plastica importata dalla Cina, insapore e inodore. Niente compensa davvero l&#8217;odore di quelli naturali&#8221;.<\/p>\n<p style=\"text-align: justify;\"><strong>&#8216;Giorni bellissimi&#8217;<\/strong><br \/>\nMaurice Michel, 87 anni, ricorda che una volta c&#8217;era un vero pino a Manger Square, piantato accanto a una stazione di polizia che si trovava l\u00ec durante il mandato britannico sul sito dell&#8217;attuale Centro per la pace di Betlemme, che veniva decorato ogni Natale.<\/p>\n<div id=\"attachment_16441\" style=\"width: 467px\" class=\"wp-caption aligncenter\"><a href=\"http:\/\/reteitalianaism.it\/reteism\/index.php\/2021\/12\/24\/natale-a-betlemme-da-giorni-di-meraviglia-a-un-albero-di-plastica\/palestinemicheldecember2021mee\/\" rel=\"attachment wp-att-16441\"><img loading=\"lazy\" decoding=\"async\" aria-describedby=\"caption-attachment-16441\" class=\" wp-image-16441\" src=\"http:\/\/reteitalianaism.it\/reteism\/wp-content\/uploads\/2021\/12\/PalestineMichelDecember2021MEE-300x203.jpg\" alt=\"\" width=\"457\" height=\"309\" srcset=\"https:\/\/reteitalianaism.it\/reteism\/wp-content\/uploads\/2021\/12\/PalestineMichelDecember2021MEE-300x203.jpg 300w, https:\/\/reteitalianaism.it\/reteism\/wp-content\/uploads\/2021\/12\/PalestineMichelDecember2021MEE-1024x693.jpg 1024w, https:\/\/reteitalianaism.it\/reteism\/wp-content\/uploads\/2021\/12\/PalestineMichelDecember2021MEE-768x520.jpg 768w, https:\/\/reteitalianaism.it\/reteism\/wp-content\/uploads\/2021\/12\/PalestineMichelDecember2021MEE-1536x1039.jpg 1536w, https:\/\/reteitalianaism.it\/reteism\/wp-content\/uploads\/2021\/12\/PalestineMichelDecember2021MEE.jpg 1920w\" sizes=\"auto, (max-width: 457px) 100vw, 457px\" \/><\/a><p id=\"caption-attachment-16441\" class=\"wp-caption-text\">Maurice Michel tiene in mano una scatola fotografica che dice sia stata usata da suo padre (Akram Alwara\/MEE)<\/p><\/div>\n<p style=\"text-align: justify;\">Fotografo in pensione, ma ancora attivo, Michel parla nel suo studio, circondato da attrezzature vintage accuratamente organizzate, bobine cinematografiche, proiettori e vassoi di diapositive che testimoniano la passione della sua vita.<\/p>\n<p style=\"text-align: justify;\">Mostra a MEE una telecamera usata da suo padre, morto quando aveva sei mesi. Quindi estrae dai suoi archivi una stampa datata 1930 che mostra l&#8217;albero proteso verso il campanile della Chiesa della Nativit\u00e0.<\/p>\n<p style=\"text-align: justify;\">\u201cL&#8217;albero \u00e8 rimasto a lungo, e la gente andava a farsi fotografare davanti a causa delle decorazioni che lo adornavano. Anche l&#8217;esercito giordano suonava strumenti vicino all&#8217;albero&#8221;, ha detto, riferendosi al periodo tra il 1948 e il 1967, quando la Cisgiordania era sotto il controllo giordano.<\/p>\n<p style=\"text-align: justify;\">\u201cSono stati giorni bellissimi.\u00a0La gente portava i pini nelle loro case e le decorava. Il Natale \u00e8 stato pi\u00f9 bello e pi\u00f9 semplice allora, e abbiamo davvero sentito la vacanza e l&#8217;abbiamo anticipata con entusiasmo&#8221;.<\/p>\n<p style=\"text-align: justify;\">L&#8217;albero \u00e8 stato sradicato quando la stazione di polizia \u00e8 stata demolita. Ci sono ancora alcuni alberi intorno a Manger Square, incluso un alto pino fuori dal Peace Center, ma nessuno \u00e8 decorato a Natale.<\/p>\n<p style=\"text-align: justify;\"><strong>Tradizione pagana<\/strong><br \/>\nSecondo Mazin Qumsiyeh, professore all&#8217;Universit\u00e0 di Betlemme e fondatore e direttore del Museo Palestinese di Storia Naturale, l&#8217;usanza moderna tra i cristiani palestinesi di decorare gli alberi a Natale \u00e8 stata una diretta conseguenza del dominio coloniale britannico fino al 1948.<\/p>\n<div id=\"attachment_16442\" style=\"width: 475px\" class=\"wp-caption aligncenter\"><a href=\"http:\/\/reteitalianaism.it\/reteism\/index.php\/2021\/12\/24\/natale-a-betlemme-da-giorni-di-meraviglia-a-un-albero-di-plastica\/palestinemangersquaremee\/\" rel=\"attachment wp-att-16442\"><img loading=\"lazy\" decoding=\"async\" aria-describedby=\"caption-attachment-16442\" class=\" wp-image-16442\" src=\"http:\/\/reteitalianaism.it\/reteism\/wp-content\/uploads\/2021\/12\/PalestineMangerSquareMEE-300x202.jpg\" alt=\"\" width=\"465\" height=\"313\" srcset=\"https:\/\/reteitalianaism.it\/reteism\/wp-content\/uploads\/2021\/12\/PalestineMangerSquareMEE-300x202.jpg 300w, https:\/\/reteitalianaism.it\/reteism\/wp-content\/uploads\/2021\/12\/PalestineMangerSquareMEE-1024x690.jpg 1024w, https:\/\/reteitalianaism.it\/reteism\/wp-content\/uploads\/2021\/12\/PalestineMangerSquareMEE-768x518.jpg 768w, https:\/\/reteitalianaism.it\/reteism\/wp-content\/uploads\/2021\/12\/PalestineMangerSquareMEE-1536x1035.jpg 1536w, https:\/\/reteitalianaism.it\/reteism\/wp-content\/uploads\/2021\/12\/PalestineMangerSquareMEE.jpg 1920w\" sizes=\"auto, (max-width: 465px) 100vw, 465px\" \/><\/a><p id=\"caption-attachment-16442\" class=\"wp-caption-text\">Piazza della Mangiatoia, 1930<br \/>Un&#8217;immagine dalla collezione di Maurice Michel che mostra l&#8217;albero che un tempo decorava la Piazza della Mangiatoia a Natale (Akram Alwara\/MEE)<\/p><\/div>\n<p style=\"text-align: justify;\">Sottolinea che la tradizione europea degli alberi di Natale pu\u00f2 essere fatta risalire alle feste pagane precristiane quando i pini venivano usati per celebrare il solstizio d&#8217;inverno.<\/p>\n<p style=\"text-align: justify;\">\u201cGli inglesi ci hanno imposto queste tradizioni occidentali e capitaliste. Prima non c&#8217;erano decorazioni e il Natale era considerato una festa esclusivamente religiosa&#8221;, ha detto Qumsiyeh, che \u00e8 il figlio di Fawz Atallah Qumsiyeh.<\/p>\n<p style=\"text-align: justify;\">\u201cL&#8217;usanza di fare regali ai poveri, tuttavia, era presente da prima del mandato britannico. Mio padre si sarebbe recato a Damasco e a Beirut in preparazione del Natale. Oggi non possiamo nemmeno raggiungere Gerusalemme. Anche allora, per\u00f2, i regali erano modesti e non erano giocattoli come oggi\u00bb.<\/p>\n<p style=\"text-align: justify;\">In un negozio di articoli da regalo a Betlemme, Louis Michel indica un pezzo di carta fotocopiato che mostra due foto in bianco e nero di Jabal Abu-Ghneim.<\/p>\n<p style=\"text-align: justify;\">Nella prima, datata 1997, la sommit\u00e0 della collina di Gerusalemme Est \u00e8 densamente boscosa. Molti degli alberi sono stati piantati sotto il dominio britannico come parte di una politica di forestazione che ha visto colonie di pini europei sostituire specie autoctone come ulivi e viti, trasformando il paesaggio naturale e le terre agricole tradizionalmente terrazzate della Palestina storica.<\/p>\n<p style=\"text-align: justify;\">Israele ha continuato a piantare gli alberi, che sono cresciuti sulle rovine dei villaggi palestinesi e delle fattorie demolite dal 1948. Gli alberi altamente infiammabili sono stati collegati ai recenti incendi boschivi in \u200b\u200bIsraele e Palestina.<\/p>\n<p style=\"text-align: justify;\">Nella seconda foto, datata 2003, tutti gli alberi sono spariti, sostituiti dalle case bianche e dai condomini dell&#8217;insediamento di Har Homa ancora in espansione. Come tutti gli insediamenti israeliani a Gerusalemme Est occupata e in Cisgiordania, Har Homa \u00e8 illegale secondo il diritto internazionale.<\/p>\n<p style=\"text-align: justify;\">\u201cC&#8217;erano cos\u00ec tanti cipressi e pini. Abu-Ghneim vantava alcuni degli alberi pi\u00f9 belli della zona, ed erano cos\u00ec grandi che facevano paura&#8221;, ha detto Michel, che ha 61 anni.<\/p>\n<p style=\"text-align: justify;\">\u201cPrima del 1967, potevamo camminare lungo il fianco della collina fino alla Porta di Damasco a Gerusalemme. Poi, dopo la Seconda Intifada, abbatterono gli alberi e vi costruirono l&#8217;insediamento di Har Homa\u201d.<\/p>\n<p style=\"text-align: justify;\"><strong>&#8216;La magia \u00e8 andata&#8217;<\/strong><br \/>\nIl negozio di Michel \u00e8 un&#8217;azienda di famiglia dal 1918. Ricorda di aver trascorso il periodo natalizio l\u00ec quando suo padre lo gestiva negli anni &#8217;60, vendendo souvenir ai turisti cristiani.<\/p>\n<p style=\"text-align: justify;\">\u201cRicordo ancora quei giorni di meraviglia. Oggi la magia \u00e8 svanita e le persone vengono solo a farsi un selfie davanti a un albero di plastica&#8221;, ha detto, sollevando una collana di rosari di plastica di fabbricazione cinese.<\/p>\n<div id=\"attachment_16443\" style=\"width: 494px\" class=\"wp-caption aligncenter\"><a href=\"http:\/\/reteitalianaism.it\/reteism\/index.php\/2021\/12\/24\/natale-a-betlemme-da-giorni-di-meraviglia-a-un-albero-di-plastica\/palestinelouismicheldecember2021mee\/\" rel=\"attachment wp-att-16443\"><img loading=\"lazy\" decoding=\"async\" aria-describedby=\"caption-attachment-16443\" class=\" wp-image-16443\" src=\"http:\/\/reteitalianaism.it\/reteism\/wp-content\/uploads\/2021\/12\/PalestineLouisMichelDecember2021MEE-300x202.jpg\" alt=\"\" width=\"484\" height=\"326\" srcset=\"https:\/\/reteitalianaism.it\/reteism\/wp-content\/uploads\/2021\/12\/PalestineLouisMichelDecember2021MEE-300x202.jpg 300w, https:\/\/reteitalianaism.it\/reteism\/wp-content\/uploads\/2021\/12\/PalestineLouisMichelDecember2021MEE-1024x690.jpg 1024w, https:\/\/reteitalianaism.it\/reteism\/wp-content\/uploads\/2021\/12\/PalestineLouisMichelDecember2021MEE-768x518.jpg 768w, https:\/\/reteitalianaism.it\/reteism\/wp-content\/uploads\/2021\/12\/PalestineLouisMichelDecember2021MEE-1536x1035.jpg 1536w, https:\/\/reteitalianaism.it\/reteism\/wp-content\/uploads\/2021\/12\/PalestineLouisMichelDecember2021MEE.jpg 1920w\" sizes=\"auto, (max-width: 484px) 100vw, 484px\" \/><\/a><p id=\"caption-attachment-16443\" class=\"wp-caption-text\">Louis Michel tiene in mano un&#8217;immagine che mostra Jabal Abu-Ghneim nel 1997 e l&#8217;insediamento di Har Homa nel 2003 (Akram Alwara\/MEE)<\/p><\/div>\n<p style=\"text-align: justify;\">&#8220;Questo costa nove shekel, quindi la gente ha iniziato a comprarli invece di perline locali in legno d&#8217;ulivo che costano 35 shekel. L&#8217;apertura del mercato alla Cina ha devastato la produzione locale&#8221;.<\/p>\n<p style=\"text-align: justify;\">Alle parole di Michel fa eco Eli Shehadeh, ex sindaco di Beit Jala, una piccola cittadina a nord-ovest di Betlemme.<\/p>\n<p style=\"text-align: justify;\">&#8220;L&#8217;albero di Natale di Beit Jala \u00e8 artificiale e, dalla mia esperienza di lavoro municipale, non c&#8217;\u00e8 un solo albero vero in tutta la Cisgiordania&#8221;, ha detto Shehadeh.<\/p>\n<p style=\"text-align: justify;\">\u201cLa Chiesa greco-ortodossa aveva un pino naturale che veniva decorato ogni anno ma che \u00e8 morto anni fa. Ora tutti gli alberi provengono dalla Cina; La plastica cinese ha occupato il Paese\u201d.<\/p>\n","protected":false},"excerpt":{"rendered":"<p>https:\/\/www.middleeasteye.net\/ \u00a024 dicembre 2021 \u00a0 Lubna Masarwa\u00a0 Gli anziani palestinesi ricordano le feste passate pi\u00f9 semplici, le decorazioni artigianali, i viaggi di shopping a Damasco e Beirut e si lamentano dell&#8217;occupazione da parte di merci cinesi Oggigiorno l&#8217;albero di Natale &hellip; <a href=\"https:\/\/reteitalianaism.it\/reteism\/index.php\/2021\/12\/24\/natale-a-betlemme-da-giorni-di-meraviglia-a-un-albero-di-plastica\/\">Continue reading <span class=\"meta-nav\">&rarr;<\/span><\/a><\/p>\n","protected":false},"author":2,"featured_media":0,"comment_status":"open","ping_status":"open","sticky":false,"template":"","format":"standard","meta":{"footnotes":""},"categories":[3,68],"tags":[37,42],"class_list":["post-16437","post","type-post","status-publish","format-standard","hentry","category-info","category-opinioni","tag-occupazione","tag-resistenza"],"_links":{"self":[{"href":"https:\/\/reteitalianaism.it\/reteism\/index.php\/wp-json\/wp\/v2\/posts\/16437","targetHints":{"allow":["GET"]}}],"collection":[{"href":"https:\/\/reteitalianaism.it\/reteism\/index.php\/wp-json\/wp\/v2\/posts"}],"about":[{"href":"https:\/\/reteitalianaism.it\/reteism\/index.php\/wp-json\/wp\/v2\/types\/post"}],"author":[{"embeddable":true,"href":"https:\/\/reteitalianaism.it\/reteism\/index.php\/wp-json\/wp\/v2\/users\/2"}],"replies":[{"embeddable":true,"href":"https:\/\/reteitalianaism.it\/reteism\/index.php\/wp-json\/wp\/v2\/comments?post=16437"}],"version-history":[{"count":2,"href":"https:\/\/reteitalianaism.it\/reteism\/index.php\/wp-json\/wp\/v2\/posts\/16437\/revisions"}],"predecessor-version":[{"id":16445,"href":"https:\/\/reteitalianaism.it\/reteism\/index.php\/wp-json\/wp\/v2\/posts\/16437\/revisions\/16445"}],"wp:attachment":[{"href":"https:\/\/reteitalianaism.it\/reteism\/index.php\/wp-json\/wp\/v2\/media?parent=16437"}],"wp:term":[{"taxonomy":"category","embeddable":true,"href":"https:\/\/reteitalianaism.it\/reteism\/index.php\/wp-json\/wp\/v2\/categories?post=16437"},{"taxonomy":"post_tag","embeddable":true,"href":"https:\/\/reteitalianaism.it\/reteism\/index.php\/wp-json\/wp\/v2\/tags?post=16437"}],"curies":[{"name":"wp","href":"https:\/\/api.w.org\/{rel}","templated":true}]}}