{"id":16536,"date":"2022-01-14T21:08:53","date_gmt":"2022-01-14T20:08:53","guid":{"rendered":"http:\/\/reteitalianaism.it\/reteism\/?p=16536"},"modified":"2022-01-14T21:08:53","modified_gmt":"2022-01-14T20:08:53","slug":"un-caffe-a-gaza-celebra-la-fermezza-palestinese-e-la-volonta-di-tornare","status":"publish","type":"post","link":"https:\/\/reteitalianaism.it\/reteism\/index.php\/2022\/01\/14\/un-caffe-a-gaza-celebra-la-fermezza-palestinese-e-la-volonta-di-tornare\/","title":{"rendered":"Un caff\u00e8 a Gaza celebra la fermezza palestinese e la volont\u00e0 di tornare"},"content":{"rendered":"<p style=\"text-align: justify;\"><a href=\"https:\/\/mondoweiss.net\/2022\/01\/a-cafe-in-gaza-celebrates-palestinian-steadfastness-and-the-will-to-return\/?utm_content=bufferb4138&amp;utm_medium=social&amp;utm_source=facebook&amp;utm_campaign=buffer&amp;fbclid=IwAR1txUl_mRVRnCttaZ45XM-AJQDalJUS7_CEwwMRkUy6d1X1LY9njfmIKB4\">https:\/\/mondoweiss.net\/<\/a><\/p>\n<p style=\"text-align: justify;\"><strong>13 GENNAIO 2022 \u00a0 \u00a0<\/strong><em>Ahmed Dremly<\/em><br \/>\nUn nuovo caff\u00e8 a Gaza \u00e8 un luogo di incontro con un messaggio: &#8220;abbiamo una casa e ci torneremo&#8221;.<\/p>\n<div id=\"attachment_16537\" style=\"width: 506px\" class=\"wp-caption aligncenter\"><a href=\"http:\/\/reteitalianaism.it\/reteism\/index.php\/2022\/01\/14\/un-caffe-a-gaza-celebra-la-fermezza-palestinese-e-la-volonta-di-tornare\/image1-8-1024x554\/\" rel=\"attachment wp-att-16537\"><img loading=\"lazy\" decoding=\"async\" aria-describedby=\"caption-attachment-16537\" class=\" wp-image-16537\" src=\"http:\/\/reteitalianaism.it\/reteism\/wp-content\/uploads\/2022\/01\/image1-8-1024x554-1-300x162.jpeg\" alt=\"\" width=\"496\" height=\"268\" srcset=\"https:\/\/reteitalianaism.it\/reteism\/wp-content\/uploads\/2022\/01\/image1-8-1024x554-1-300x162.jpeg 300w, https:\/\/reteitalianaism.it\/reteism\/wp-content\/uploads\/2022\/01\/image1-8-1024x554-1-768x416.jpeg 768w, https:\/\/reteitalianaism.it\/reteism\/wp-content\/uploads\/2022\/01\/image1-8-1024x554-1.jpeg 1024w\" sizes=\"auto, (max-width: 496px) 100vw, 496px\" \/><\/a><p id=\"caption-attachment-16537\" class=\"wp-caption-text\">Gli abitanti di Gaza si divertono in &#8220;Handl Hon&#8221; (Foto di: Suhail Nassar)<\/p><\/div>\n<p style=\"text-align: justify;\">Ragheed e Rana Moharm, insieme alla loro piccola figlia Tulip di otto anni, hanno deciso di aprire un piccolo salone culturale e un caff\u00e8 nella Striscia di Gaza chiamato Handl Hon, che significa &#8220;rimarremo qui&#8221;.<\/p>\n<p style=\"text-align: justify;\">Ragheed, 35 anni, \u00e8 uno dei profughi palestinesi che hanno ancora fiducia nel ritorno alle terre della sua famiglia a Jaffa, occupata dall&#8217;occupazione israeliana nel 1948.<!--more--><\/p>\n<p style=\"text-align: justify;\">Si \u00e8 impegnato a rimanere a Gaza anche se tutti i suoi parenti sono in Europa.<\/p>\n<p style=\"text-align: justify;\">&#8220;Ho ricevuto molti inviti dai miei parenti in Europa, Brasile, Emirati Arabi Uniti e Svezia, ma ho scelto di rimanere a Gaza&#8221;, mi ha detto Ragheed. &#8220;Anche con la vita dura qui a causa della cattiva situazione economica e del PTSD delle guerre, \u00e8 ancora la nostra Palestina&#8221;.<\/p>\n<p style=\"text-align: justify;\">Ragheed dice di non amare la Palestina pi\u00f9 dei palestinesi che vivono all&#8217;estero, \u00e8 solo che coloro che se ne sono andati non potrebbero vivere in mezzo alle guerre e alle restrizioni israeliane. Invece di sfuggire alla pressione di vivere nella Striscia di Gaza, che \u00e8 sotto l&#8217;assedio soffocante di Israele, preferisce rimanere a Gaza.<\/p>\n<p style=\"text-align: justify;\">Ragheed ha lavorato come receptionist in un hotel di Gaza per pi\u00f9 di 15 anni. A settembre 2020 ha lasciato per mancanza di ospiti a causa dell&#8217;emergenza Covid-19.<\/p>\n<p style=\"text-align: justify;\">Ragheed ha aperto \u201cHandl Hon\u201d in via Wehda, nel mezzo di Gaza, il 15 novembre, la stessa data del giorno dell&#8217;indipendenza palestinese. &#8220;Ho scelto di aprire il caff\u00e8 quel giorno perch\u00e9 significa molto per me e per tutti i palestinesi&#8221;, ha detto.<\/p>\n<div id=\"attachment_16538\" style=\"width: 347px\" class=\"wp-caption alignright\"><a href=\"http:\/\/reteitalianaism.it\/reteism\/index.php\/2022\/01\/14\/un-caffe-a-gaza-celebra-la-fermezza-palestinese-e-la-volonta-di-tornare\/image2-2-768x960\/\" rel=\"attachment wp-att-16538\"><img loading=\"lazy\" decoding=\"async\" aria-describedby=\"caption-attachment-16538\" class=\" wp-image-16538\" src=\"http:\/\/reteitalianaism.it\/reteism\/wp-content\/uploads\/2022\/01\/image2-2-768x960-1-240x300.jpeg\" alt=\"\" width=\"337\" height=\"421\" srcset=\"https:\/\/reteitalianaism.it\/reteism\/wp-content\/uploads\/2022\/01\/image2-2-768x960-1-240x300.jpeg 240w, https:\/\/reteitalianaism.it\/reteism\/wp-content\/uploads\/2022\/01\/image2-2-768x960-1.jpeg 768w\" sizes=\"auto, (max-width: 337px) 100vw, 337px\" \/><\/a><p id=\"caption-attachment-16538\" class=\"wp-caption-text\">Ragheed e i suoi amici hanno disegnato il nome di ogni citt\u00e0 o villaggio palestinese sui muri di &#8220;Handl Hon&#8221;<\/p><\/div>\n<p style=\"text-align: justify;\">\n<p>Il piccolo caff\u00e8 \u00e8 pieno di dettagli. Le pareti del caff\u00e8 sono adornate con foto di molti autori e artisti palestinesi come Edward Said e Mahmoud Darwish. Ci sono libri e romanzi per scrittori arabi e stranieri in ogni angolo del luogo, dando agli avventori la possibilit\u00e0 di leggere. Oltre alla musica classica che \u00e8 sempre in onda nel bar, ci sono anche strumenti musicali come un oud e un violino nel bar se qualcuno degli ospiti suonasse della musica.<\/p>\n<p style=\"text-align: justify;\">Il bar serve deliziose bevande a base di caff\u00e8 caldo e freddo a prezzi ragionevoli, che sono anche alla portata di tutta la popolazione di Gaza.<\/p>\n<p style=\"text-align: justify;\">Il piccolo salotto culturale \u00e8 sempre pieno di musicisti, attori, scrittori, fotografi e abitanti di Gaza giovani e meno giovani che si divertono a prendere il caff\u00e8 per entrare in contatto, leggere libri, lavorare sul proprio laptop, suonare musica o cantare canzoni storiche.<\/p>\n<p style=\"text-align: justify;\">&#8220;Come traduttrice freelance, trovo Handl Hon il miglior caff\u00e8 per me per sfuggire al rumore di casa mia&#8221;, mi ha detto sorridendo Basma, 24 anni, uno degli avventori del caff\u00e8. &#8220;Lavoro sul mio laptop mentre bevo la tazza di cappuccino dal gusto pi\u00f9 piacevole fatta da Ragheed.&#8221;<\/p>\n<p style=\"text-align: justify;\">&#8220;Ascoltando Fairouz, &#8216;una famosa cantante araba&#8217;, mi godo sempre la tazza di t\u00e8 mattutina con Ragheed ogni giorno&#8221;, mi ha detto Yehia, 30 anni, musicista Oud, del caff\u00e8<\/p>\n<p style=\"text-align: justify;\">Rana, la moglie di Ragheed, \u00e8 un funzionario amministrativo in un&#8217;organizzazione musicale a Gaza. Dopo il lavoro, finisce la sua giornata al bar.<a href=\"http:\/\/reteitalianaism.it\/reteism\/index.php\/2022\/01\/14\/un-caffe-a-gaza-celebra-la-fermezza-palestinese-e-la-volonta-di-tornare\/image0-2-768x769\/\" rel=\"attachment wp-att-16539\"><img loading=\"lazy\" decoding=\"async\" class=\"wp-image-16539 alignleft\" src=\"http:\/\/reteitalianaism.it\/reteism\/wp-content\/uploads\/2022\/01\/image0-2-768x769-1-300x300.jpeg\" alt=\"\" width=\"343\" height=\"343\" srcset=\"https:\/\/reteitalianaism.it\/reteism\/wp-content\/uploads\/2022\/01\/image0-2-768x769-1-300x300.jpeg 300w, https:\/\/reteitalianaism.it\/reteism\/wp-content\/uploads\/2022\/01\/image0-2-768x769-1-150x150.jpeg 150w, https:\/\/reteitalianaism.it\/reteism\/wp-content\/uploads\/2022\/01\/image0-2-768x769-1.jpeg 768w\" sizes=\"auto, (max-width: 343px) 100vw, 343px\" \/><\/a><\/p>\n<p style=\"text-align: justify;\">&#8220;Anche con le preziose possibilit\u00e0 di una vita migliore fuori dalla Palestina, sono sempre stato d&#8217;accordo con Ragheed a rimanere qui&#8221;, mi ha detto Rana.<\/p>\n<p style=\"text-align: justify;\">&#8220;Poich\u00e9 io e Ragheed abbiamo costruito Handl Hon con le nostre mani, costruiremo la nostra casa a Jaffa&#8221;, ha aggiunto Rana.<\/p>\n<p style=\"text-align: justify;\">Il padre di Ragheed era di Jaffa e raccontava a Ragheed di Jaffa, Haifa, Lod, Tiberiade, Ramla, Tiba e degli altri paesi e villaggi palestinesi occupati.<\/p>\n<p style=\"text-align: justify;\">&#8220;Ezz, mio \u200b\u200bpadre, mi ha parlato della coltivazione delle arance a Jaffa, che era popolare nell&#8217;esportazione di agrumi attraverso il porto di Jaffa in tutto il mondo&#8221;, mi ha detto Ragheed.<\/p>\n<p style=\"text-align: justify;\">Mi ha mostrato molte foto dell&#8217;album fotografico di suo padre per il porto di Giaffa, gli autobus palestinesi si spostavano liberamente tra le citt\u00e0 palestinesi e mi ha mostrato il treno di Gaza, che era collegato tra l&#8217;Egitto e Gaza.<\/p>\n<p style=\"text-align: justify;\">\u201cEzz mi ha regalato il suo speciale album fotografico. Mi ha anche dato il nostro titolo di propriet\u00e0 terriera; Gli ho promesso di tenerlo fino al nostro ritorno.<\/p>\n<p style=\"text-align: justify;\">Quando i palestinesi furono costretti a lasciare le loro terre nel 1948 presumevano che sarebbero tornati. Quindi, molti palestinesi hanno preso solo le chiavi delle loro case e i documenti del titolo fondiario perch\u00e9 temevano che sarebbero stati rubati.<\/p>\n<p style=\"text-align: justify;\">I palestinesi non presumevano che l&#8217;occupazione intendesse rubare la loro terra per sempre.<\/p>\n<p style=\"text-align: justify;\">Il sogno di tornare \u00e8 sempre nella mente dei palestinesi. &#8220;Per me, &#8220;Handl Hon&#8221; non \u00e8 solo un nome, ma un messaggio&#8221;, ha detto Ragheed quando gli ho chiesto del nome. Ha aggiunto: &#8220;\u00e8 un messaggio da me al mio piccolo Tulip che abbiamo una casa e ci torneremo&#8221;.<\/p>\n<p style=\"text-align: justify;\">La maggior parte dei palestinesi spera di pregare a Gerusalemme, celebrare a Betlemme, mangiare knafeh a Nablus, sedersi sulla spiaggia ad Akka, raccogliere olive a Nablus e guardare le fabbriche di vetro a Hebron. La maggior parte dei palestinesi spera di dormire senza pensare che saranno un bersaglio o che le loro case verranno rubate in qualsiasi momento senza motivo.<\/p>\n<p style=\"text-align: justify;\">Tutti i rifugiati palestinesi hanno nostalgia della propria casa e della propria terra. Trasmettono la loro nostalgia ai loro figli, e i loro figli la trasmetteranno ai loro.<\/p>\n<p style=\"text-align: justify;\">Ragheed non solo vuole che la sua piccola Tulip cresca con la consapevolezza di appartenere alla Palestina, ma che tutti i palestinesi lo facciano.<\/p>\n<p style=\"text-align: justify;\">Ragheed lo ha riassunto mentre guardava la foto di suo padre. Ha detto &#8220;mio padre era il passato&#8221;, poi si \u00e8 messo una mano sul petto e ha detto: &#8220;Io sono il presente&#8221;, poi ha messo la mano sulla testa della sua bambina e ha detto: &#8220;e lei \u00e8 il futuro&#8221;.<\/p>\n<p>&nbsp;<\/p>\n","protected":false},"excerpt":{"rendered":"<p>https:\/\/mondoweiss.net\/ 13 GENNAIO 2022 \u00a0 \u00a0Ahmed Dremly Un nuovo caff\u00e8 a Gaza \u00e8 un luogo di incontro con un messaggio: &#8220;abbiamo una casa e ci torneremo&#8221;. Ragheed e Rana Moharm, insieme alla loro piccola figlia Tulip di otto anni, hanno &hellip; <a href=\"https:\/\/reteitalianaism.it\/reteism\/index.php\/2022\/01\/14\/un-caffe-a-gaza-celebra-la-fermezza-palestinese-e-la-volonta-di-tornare\/\">Continue reading <span class=\"meta-nav\">&rarr;<\/span><\/a><\/p>\n","protected":false},"author":2,"featured_media":0,"comment_status":"open","ping_status":"open","sticky":false,"template":"","format":"standard","meta":{"footnotes":""},"categories":[2,3,67],"tags":[156,24,116],"class_list":["post-16536","post","type-post","status-publish","format-standard","hentry","category-gaza-2","category-info","category-prigionieri","tag-assedio-di-gaza","tag-diritto-al-ritorno","tag-marcia-del-ritorno"],"_links":{"self":[{"href":"https:\/\/reteitalianaism.it\/reteism\/index.php\/wp-json\/wp\/v2\/posts\/16536","targetHints":{"allow":["GET"]}}],"collection":[{"href":"https:\/\/reteitalianaism.it\/reteism\/index.php\/wp-json\/wp\/v2\/posts"}],"about":[{"href":"https:\/\/reteitalianaism.it\/reteism\/index.php\/wp-json\/wp\/v2\/types\/post"}],"author":[{"embeddable":true,"href":"https:\/\/reteitalianaism.it\/reteism\/index.php\/wp-json\/wp\/v2\/users\/2"}],"replies":[{"embeddable":true,"href":"https:\/\/reteitalianaism.it\/reteism\/index.php\/wp-json\/wp\/v2\/comments?post=16536"}],"version-history":[{"count":2,"href":"https:\/\/reteitalianaism.it\/reteism\/index.php\/wp-json\/wp\/v2\/posts\/16536\/revisions"}],"predecessor-version":[{"id":16541,"href":"https:\/\/reteitalianaism.it\/reteism\/index.php\/wp-json\/wp\/v2\/posts\/16536\/revisions\/16541"}],"wp:attachment":[{"href":"https:\/\/reteitalianaism.it\/reteism\/index.php\/wp-json\/wp\/v2\/media?parent=16536"}],"wp:term":[{"taxonomy":"category","embeddable":true,"href":"https:\/\/reteitalianaism.it\/reteism\/index.php\/wp-json\/wp\/v2\/categories?post=16536"},{"taxonomy":"post_tag","embeddable":true,"href":"https:\/\/reteitalianaism.it\/reteism\/index.php\/wp-json\/wp\/v2\/tags?post=16536"}],"curies":[{"name":"wp","href":"https:\/\/api.w.org\/{rel}","templated":true}]}}