{"id":16800,"date":"2022-03-08T20:46:31","date_gmt":"2022-03-08T19:46:31","guid":{"rendered":"http:\/\/reteitalianaism.it\/reteism\/?p=16800"},"modified":"2022-03-16T20:43:17","modified_gmt":"2022-03-16T19:43:17","slug":"israele-mi-ha-arrestato-per-aver-protestato-contro-lassedio-di-gaza-ecco-perche-rifiuto-di-essere-processata","status":"publish","type":"post","link":"https:\/\/reteitalianaism.it\/reteism\/index.php\/2022\/03\/08\/israele-mi-ha-arrestato-per-aver-protestato-contro-lassedio-di-gaza-ecco-perche-rifiuto-di-essere-processata\/","title":{"rendered":"Israele mi ha arrestato per aver protestato contro l&#8217;assedio di Gaza. Ecco perch\u00e9 rifiuto di essere processata"},"content":{"rendered":"<p>8 marzo 2022 | <a href=\"https:\/\/www.972mag.com\/writer\/neta-golan\/\">Neta Golan<\/a><\/p>\n<p><a href=\"https:\/\/www.972mag.com\/israeli-refuse-court-arrest\/\">https:\/\/www.972mag.com\/israeli-refuse-court-arrest\/<\/a><\/p>\n<p><em>In quanto israeliana, mi ci sono voluti anni per disimparare il sionismo. Ora, la mia solidariet\u00e0 con i prigionieri palestinesi mi costringe a rifiutare una citazione in tribunale.<\/em><\/p>\n<div id=\"attachment_16801\" style=\"width: 490px\" class=\"wp-caption aligncenter\"><a href=\"http:\/\/reteitalianaism.it\/reteism\/wp-content\/uploads\/2022\/03\/WhatsApp-Image-2022-03-07-at-16.45.18-1000x668-1.jpeg\"><img loading=\"lazy\" decoding=\"async\" aria-describedby=\"caption-attachment-16801\" class=\" wp-image-16801\" src=\"http:\/\/reteitalianaism.it\/reteism\/wp-content\/uploads\/2022\/03\/WhatsApp-Image-2022-03-07-at-16.45.18-1000x668-1-300x200.jpeg\" alt=\"\" width=\"480\" height=\"320\" srcset=\"https:\/\/reteitalianaism.it\/reteism\/wp-content\/uploads\/2022\/03\/WhatsApp-Image-2022-03-07-at-16.45.18-1000x668-1-300x200.jpeg 300w, https:\/\/reteitalianaism.it\/reteism\/wp-content\/uploads\/2022\/03\/WhatsApp-Image-2022-03-07-at-16.45.18-1000x668-1-768x513.jpeg 768w, https:\/\/reteitalianaism.it\/reteism\/wp-content\/uploads\/2022\/03\/WhatsApp-Image-2022-03-07-at-16.45.18-1000x668-1.jpeg 1000w\" sizes=\"auto, (max-width: 480px) 100vw, 480px\" \/><\/a><p id=\"caption-attachment-16801\" class=\"wp-caption-text\">Neta Golan arrestata dalle forze israeliane durante una protesta a Turmus Ayya, Cisgiordania occupata, 19 dicembre 2014. (Per gentile concessione di Neta Golan)<\/p><\/div>\n<p>Il 21 febbraio sono andata da casa mia nella Citt\u00e0 Vecchia di Nablus, nella Cisgiordania occupata, in un negozio del centro, per inviare via fax una lettera alla Corte del Magistrato di Ashdod. Ero stata convocata l\u00ec dopo essere stata arrestata nel gennaio 2020 durante una protesta contro l&#8217;assedio di Gaza. Nella mia lettera, ho annunciato che non avevo intenzione di comparire all&#8217;udienza, in solidariet\u00e0 con i detenuti amministrativi palestinesi che sono in sciopero dal 1 gennaio, e stanno boicottando il sistema giudiziario militare per protestare contro la pratica abusiva della detenzione amministrativa.<\/p>\n<p>Il proprietario del negozio, che non aveva idea del contenuto della lettera, ha rifiutato di prendere i miei soldi. Poich\u00e9 vivo nelle comunit\u00e0 palestinesi da 22 anni, mi sono quasi abituata a questi gesti quotidiani di cortesia e generosit\u00e0. Sono solo un&#8217;espressione di una rete di sicurezza invisibile che ho imparato a conoscere e da cui dipendo. Ogni societ\u00e0 ha i suoi problemi, ma mi sento incredibilmente fortunata ad avere l&#8217;onore di vivere con i palestinesi.<\/p>\n<p>Ma non \u00e8 stato sempre cos\u00ec. Cresciuta a Tel Aviv in una famiglia di ebrei ashkenaziti, la narrazione che ho sentito era che noi israeliani eravamo moralmente superiori agli &#8220;arabi&#8221;. Mio padre ci diceva di tenere d&#8217;occhio borse e tasche ogni volta che entravamo in un&#8217;area palestinese. Mia nonna ci avvertiva che &#8220;un arabo ti abbraccer\u00e0 con una mano e ti pugnaler\u00e0 alle spalle con un&#8217;altra&#8221; e ci diceva quando sedevamo a tavola che &#8220;l&#8217;unico buon arabo \u00e8 un arabo morto&#8221;.<!--more--><\/p>\n<p>Avevo 16 anni quando scoppi\u00f2 la Prima Intifada. Sapevo molto poco dell&#8217;occupazione e niente della Nakba, ma capivo che i palestinesi stavano combattendo per la loro libert\u00e0 e noi, in risposta, li stavamo uccidendo. Quando furono firmati gli Accordi di Oslo speravo che le cose cambiassero in meglio e volevo far parte di quel cambiamento. Non sapevo che si sarebbero trasformati in un altro meccanismo per l&#8217;espropriazione dei palestinesi.<\/p>\n<p>Ho iniziato a viaggiare in Cisgiordania negli anni &#8217;90. Per il primo anno e mezzo ero terrorizzata ogni volta che salivo su un minibus palestinese in partenza da Gerusalemme Est occupata; Ero sicura che tutti intorno a me volessero uccidermi. E ogni volta, dopo che la mia ansia si era placata, mi rendevo conto che non lo facevano. Che, in effetti, non si preoccupavano affatto di me: avevano in mente altre cose legate alla loro stessa vita. Sono rimasta scioccata nello scoprire che &#8220;loro&#8221; erano veri esseri umani.<\/p>\n<div id=\"attachment_16802\" style=\"width: 495px\" class=\"wp-caption aligncenter\"><a href=\"http:\/\/reteitalianaism.it\/reteism\/wp-content\/uploads\/2022\/03\/MG_9421-1280x853-1.jpg\"><img loading=\"lazy\" decoding=\"async\" aria-describedby=\"caption-attachment-16802\" class=\" wp-image-16802\" src=\"http:\/\/reteitalianaism.it\/reteism\/wp-content\/uploads\/2022\/03\/MG_9421-1280x853-1-300x200.jpg\" alt=\"\" width=\"485\" height=\"323\" srcset=\"https:\/\/reteitalianaism.it\/reteism\/wp-content\/uploads\/2022\/03\/MG_9421-1280x853-1-300x200.jpg 300w, https:\/\/reteitalianaism.it\/reteism\/wp-content\/uploads\/2022\/03\/MG_9421-1280x853-1-1024x682.jpg 1024w, https:\/\/reteitalianaism.it\/reteism\/wp-content\/uploads\/2022\/03\/MG_9421-1280x853-1-768x512.jpg 768w, https:\/\/reteitalianaism.it\/reteism\/wp-content\/uploads\/2022\/03\/MG_9421-1280x853-1.jpg 1280w\" sizes=\"auto, (max-width: 485px) 100vw, 485px\" \/><\/a><p id=\"caption-attachment-16802\" class=\"wp-caption-text\">Neta Golan arrestata dai soldati israeliani durante una protesta di attivisti israeliani contro l&#8217;assedio di Gaza, dal lato israeliano della recinzione, dicembre 2018. (Oren Ziv)<\/p><\/div>\n<p>Dopo un lungo processo di fissazione della mia paura, mi sono resa conto che, nonostante nessuno avesse menzionato la Nakba durante la mia infanzia, alle persone le cui case, tombe e alberi erano tutt&#8217;intorno a me era stato impedito di tornare qui, mentre a me era permesso essere qui al loro posto. Non sorprende che li temessi: \u00e8 la stessa paura che tutti i colonialisti o beneficiari di sistemi razzisti sviluppano nei confronti delle persone che hanno spostato o oppresso.<\/p>\n<p>In quanto israeliani siamo nati nel progetto sionista, che si basa sull&#8217;espropriazione in corso dei palestinesi indigeni. Ma esistono alternative a questo progetto di sottomissione: possiamo vivere accanto ai palestinesi piuttosto che a loro spese. E come cittadini israeliani, possiamo usare i privilegi concessici dal regime dell&#8217;apartheid per smantellare il sistema di discriminazione e oppressione. Per il bene di tutti coloro che vivono qui, indipendentemente dalla nazionalit\u00e0 o dalla religione, possiamo unirci alla lotta per la liberazione della Palestina.<\/p>\n<p>Le politiche dell&#8217;apartheid prosperano nell&#8217;oscurit\u00e0, ma quando prestiamo abbastanza attenzione ad esse, iniziano ad avvizzire. Questo \u00e8 il motivo per cui ho parlato alla corte di Amal Nakhleh, una palestinese di 18 anni che soffre di una grave malattia ed \u00e8 stata trattenuta in detenzione amministrativa per oltre un anno. I detenuti amministrativi sono trattenuti a tempo indeterminato sulla base di \u201cprove segrete\u201d secondo cui potrebbero commettere un reato futuro. I detenuti non vengono mai processati e n\u00e9 loro n\u00e9 i loro avvocati hanno accesso alle prove.<\/p>\n<p>Come parte dello sciopero dei detenuti amministrativi palestinesi, Amal ha boicottato la sua udienza davanti a un tribunale militare israeliano a gennaio. In sua assenza, il giudice ha approvato la richiesta dello Shin Bet di rinnovare la sua detenzione fino al 17 maggio, momento in cui potrebbe essere nuovamente prorogata. E di nuovo.<\/p>\n<div id=\"attachment_16803\" style=\"width: 507px\" class=\"wp-caption aligncenter\"><a href=\"http:\/\/reteitalianaism.it\/reteism\/wp-content\/uploads\/2022\/03\/892A1617-1280x853-1.jpg\"><img loading=\"lazy\" decoding=\"async\" aria-describedby=\"caption-attachment-16803\" class=\" wp-image-16803\" src=\"http:\/\/reteitalianaism.it\/reteism\/wp-content\/uploads\/2022\/03\/892A1617-1280x853-1-300x200.jpg\" alt=\"\" width=\"497\" height=\"331\" srcset=\"https:\/\/reteitalianaism.it\/reteism\/wp-content\/uploads\/2022\/03\/892A1617-1280x853-1-300x200.jpg 300w, https:\/\/reteitalianaism.it\/reteism\/wp-content\/uploads\/2022\/03\/892A1617-1280x853-1-1024x682.jpg 1024w, https:\/\/reteitalianaism.it\/reteism\/wp-content\/uploads\/2022\/03\/892A1617-1280x853-1-768x512.jpg 768w, https:\/\/reteitalianaism.it\/reteism\/wp-content\/uploads\/2022\/03\/892A1617-1280x853-1.jpg 1280w\" sizes=\"auto, (max-width: 497px) 100vw, 497px\" \/><\/a><p id=\"caption-attachment-16803\" class=\"wp-caption-text\">Attivisti israeliani e internazionali protestano dal lato israeliano della recinzione di Gaza in solidariet\u00e0 con la &#8220;Grande marcia del ritorno&#8221; dei palestinesi a Gaza, settembre 2018. (Oren Ziv)<\/p><\/div>\n<p>Ho detto alla corte che, a differenza di Amal, mi \u00e8 stata data l&#8217;opportunit\u00e0 di recarmi ad Ashdod e difendermi dalle accuse. Ma i diritti che mi sono stati concessi perch\u00e9 i miei nonni erano ebrei immigrati in Palestina dall&#8217;Europa sono negati ai palestinesi che vivono nei territori occupati da Israele nel 1967 e ai palestinesi espulsi violentemente dalla loro patria nel 1948, cos\u00ec come ai loro discendenti che Israele impedisce ancora di tornare.<\/p>\n<p>Se dovessi essere imprigionata, il mio privilegio di cittadina israeliana garantisce che sar\u00f2 rilasciato al termine della pena. Questo non \u00e8 vero per i due milioni di persone che sono state imprigionate negli ultimi 15 anni nella Striscia di Gaza assediata, inclusi circa un milione di bambini che sono nati e hanno vissuto tutta la loro vita sotto la costante minaccia di violenze mortali: il loro unico crimine \u00e8 che non sono nati da madri ebree.<\/p>\n<p>L&#8217;oppressione e l&#8217;apartheid sono disumanizzanti sia per le vittime che per i carnefici. Il godimento dei privilegi a spese degli altri non pu\u00f2 essere separato dalla paura, dal razzismo e dalla violenza incessante che lo sostiene. La giustizia, sotto forma di rimpatrio e risarcimenti per i profughi palestinesi, non liberer\u00e0 solo i palestinesi. Liberer\u00e0 anche noi.<\/p>\n<p><em>Neta Golan \u00e8 un&#8217;attivista israeliana anti-apartheid e membra attiva di Israelis Against Apartheid, Return Solidarity e Boycott From Within. Vive a Nablus con il suo partner, le loro figlie e il loro gatto. Questo \u00e8 considerato un atto illegale secondo le leggi israeliane sull&#8217;apartheid.<\/em><\/p>\n","protected":false},"excerpt":{"rendered":"<p>8 marzo 2022 | Neta Golan https:\/\/www.972mag.com\/israeli-refuse-court-arrest\/ In quanto israeliana, mi ci sono voluti anni per disimparare il sionismo. Ora, la mia solidariet\u00e0 con i prigionieri palestinesi mi costringe a rifiutare una citazione in tribunale. Il 21 febbraio sono andata &hellip; <a href=\"https:\/\/reteitalianaism.it\/reteism\/index.php\/2022\/03\/08\/israele-mi-ha-arrestato-per-aver-protestato-contro-lassedio-di-gaza-ecco-perche-rifiuto-di-essere-processata\/\">Continue reading <span class=\"meta-nav\">&rarr;<\/span><\/a><\/p>\n","protected":false},"author":6,"featured_media":0,"comment_status":"open","ping_status":"open","sticky":false,"template":"","format":"standard","meta":{"footnotes":""},"categories":[2,3],"tags":[9,120,156,275,270,70,25,165,157],"class_list":["post-16800","post","type-post","status-publish","format-standard","hentry","category-gaza-2","category-info","tag-apartheid","tag-arresti","tag-assedio-di-gaza","tag-break-the-siege","tag-breaking-the-siege","tag-detenzione-amministrativa","tag-gaza","tag-gaza-sotto-assedio","tag-striscia-di-gaza"],"_links":{"self":[{"href":"https:\/\/reteitalianaism.it\/reteism\/index.php\/wp-json\/wp\/v2\/posts\/16800","targetHints":{"allow":["GET"]}}],"collection":[{"href":"https:\/\/reteitalianaism.it\/reteism\/index.php\/wp-json\/wp\/v2\/posts"}],"about":[{"href":"https:\/\/reteitalianaism.it\/reteism\/index.php\/wp-json\/wp\/v2\/types\/post"}],"author":[{"embeddable":true,"href":"https:\/\/reteitalianaism.it\/reteism\/index.php\/wp-json\/wp\/v2\/users\/6"}],"replies":[{"embeddable":true,"href":"https:\/\/reteitalianaism.it\/reteism\/index.php\/wp-json\/wp\/v2\/comments?post=16800"}],"version-history":[{"count":1,"href":"https:\/\/reteitalianaism.it\/reteism\/index.php\/wp-json\/wp\/v2\/posts\/16800\/revisions"}],"predecessor-version":[{"id":16804,"href":"https:\/\/reteitalianaism.it\/reteism\/index.php\/wp-json\/wp\/v2\/posts\/16800\/revisions\/16804"}],"wp:attachment":[{"href":"https:\/\/reteitalianaism.it\/reteism\/index.php\/wp-json\/wp\/v2\/media?parent=16800"}],"wp:term":[{"taxonomy":"category","embeddable":true,"href":"https:\/\/reteitalianaism.it\/reteism\/index.php\/wp-json\/wp\/v2\/categories?post=16800"},{"taxonomy":"post_tag","embeddable":true,"href":"https:\/\/reteitalianaism.it\/reteism\/index.php\/wp-json\/wp\/v2\/tags?post=16800"}],"curies":[{"name":"wp","href":"https:\/\/api.w.org\/{rel}","templated":true}]}}