{"id":16894,"date":"2022-03-31T19:05:07","date_gmt":"2022-03-31T17:05:07","guid":{"rendered":"http:\/\/reteitalianaism.it\/reteism\/?p=16894"},"modified":"2022-03-31T19:05:07","modified_gmt":"2022-03-31T17:05:07","slug":"israele-cerca-vendetta-dopo-che-un-palestinese-ha-ucciso-5-persone-vicino-a-tel-aviv","status":"publish","type":"post","link":"https:\/\/reteitalianaism.it\/reteism\/index.php\/2022\/03\/31\/israele-cerca-vendetta-dopo-che-un-palestinese-ha-ucciso-5-persone-vicino-a-tel-aviv\/","title":{"rendered":"Israele cerca vendetta dopo che un palestinese ha ucciso 5 persone vicino a Tel Aviv"},"content":{"rendered":"<p style=\"text-align: justify;\"><a href=\"https:\/\/electronicintifada.net\/blogs\/tamara-nassar\/israel-seeks-revenge-after-palestinian-kills-5-near-tel-aviv\">https:\/\/electronicintifada.net\/<\/a><\/p>\n<p style=\"text-align: justify;\">\u00a0<strong> 30 marzo 2022 \u00a0<\/strong> \u00a0 \u00a0 \u00a0 \u00a0 \u00a0 \u00a0 \u00a0 <em>Tamara Nassar<\/em><\/p>\n<p style=\"text-align: justify;\">Cinque persone sono state uccise da un uomo armato palestinese nel terzo incidente di questo tipo nei giorni scorsi in Israele.<\/p>\n<div id=\"attachment_16895\" style=\"width: 508px\" class=\"wp-caption aligncenter\"><a href=\"http:\/\/reteitalianaism.it\/reteism\/index.php\/2022\/03\/31\/israele-cerca-vendetta-dopo-che-un-palestinese-ha-ucciso-5-persone-vicino-a-tel-aviv\/300322_-_dia-hamarsheh1\/\" rel=\"attachment wp-att-16895\"><img loading=\"lazy\" decoding=\"async\" aria-describedby=\"caption-attachment-16895\" class=\" wp-image-16895\" src=\"http:\/\/reteitalianaism.it\/reteism\/wp-content\/uploads\/2022\/03\/300322_-_dia-hamarsheh1-300x198.jpg\" alt=\"\" width=\"498\" height=\"329\" srcset=\"https:\/\/reteitalianaism.it\/reteism\/wp-content\/uploads\/2022\/03\/300322_-_dia-hamarsheh1-300x198.jpg 300w, https:\/\/reteitalianaism.it\/reteism\/wp-content\/uploads\/2022\/03\/300322_-_dia-hamarsheh1-768x508.jpg 768w, https:\/\/reteitalianaism.it\/reteism\/wp-content\/uploads\/2022\/03\/300322_-_dia-hamarsheh1.jpg 800w\" sizes=\"auto, (max-width: 498px) 100vw, 498px\" \/><\/a><p id=\"caption-attachment-16895\" class=\"wp-caption-text\">La casa della famiglia di Dia Hamarsheh, che ha effettuato una sparatoria a Bnei Brak, durante un raid dei soldati di occupazione israeliani nella citt\u00e0 occupata di Jenin in Cisgiordania il 30 marzo 2022. Ahmed Ibrahim APA images<\/p><\/div>\n<p style=\"text-align: justify;\">Marted\u00ec sera, Dia Hamarsheh ha aperto il fuoco in due diverse aree di Bnei Brak, un sobborgo di Tel Aviv.<\/p>\n<p style=\"text-align: justify;\">Usando un&#8217;arma d&#8217;assalto, Hamarsheh avrebbe sparato a un uomo all&#8217;interno di un minimarket, che \u00e8 fuggito in un edificio vicino, ha riferito il quotidiano di Tel Aviv Haaretz.<\/p>\n<p style=\"text-align: justify;\">Ha poi sparato a un uomo in sella a una motocicletta ma l&#8217;ha mancato. Ha anche sparato a un&#8217;auto, uccidendone l&#8217;autista.<\/p>\n<p style=\"text-align: justify;\">La polizia israeliana ha detto che Hamarsheh \u00e8 stato ucciso da uno dei suoi ufficiali, Amir Khoury, che \u00e8 stato chiamato sul posto. Khoury \u00e8 stato ferito a morte dall&#8217;uomo armato.<\/p>\n<p style=\"text-align: justify;\">Secondo quanto riferito, gli altri quattro uccisi erano civili. Includono il 29enne Avishai Yehezkel e il 36enne Yaakov Shalom, oltre a due cittadini ucraini i cui nomi non sono ancora stati resi noti, ha confermato l&#8217;ambasciata ucraina in Israele.<!--more--><\/p>\n<p style=\"text-align: justify;\">Una donna israeliana ha raccontato ai giornalisti di aver visto un&#8217;auto nera fermarsi e due uomini uscire dal veicolo. Ha detto che uno di loro ha detto a lei e a un&#8217;altra donna con un bambino di stare lontano dalla scena, in un apparente tentativo di evitare di prendere di mira donne e bambini.<\/p>\n<p style=\"text-align: justify;\">Secondo quanto riferito, Hamarsheh, un 26enne della citt\u00e0 occupata di Yabad, nella Cisgiordania, vicino a Jenin, si trovava in Israele senza un permesso.<br \/>\nSecondo quanto riferito, Hamarsheh era affiliato a Fatah, il partito al governo dell&#8217;Autorit\u00e0 Palestinese, durante la sua precedente prigionia nelle carceri israeliane.<\/p>\n<p style=\"text-align: justify;\">Tuttavia, secondo Haaretz, &#8220;fonti di sicurezza non associano l&#8217;attacco di marted\u00ec all&#8217;organizzazione&#8221;.<\/p>\n<p style=\"text-align: justify;\">Piuttosto, le autorit\u00e0 israeliane &#8220;credono che sia stato ispirato dagli attacchi della scorsa settimana in Israele e non sia stato sostenuto da alcuna organizzazione specifica&#8221;, ha aggiunto il quotidiano israeliano.<\/p>\n<p style=\"text-align: justify;\">Subito dopo la sparatoria, decine di israeliani sono scesi in strada a Bnei Brak cantando &#8220;morte agli arabi&#8221;, suscitando timori di vendetta tra i lavoratori palestinesi.<\/p>\n<p style=\"text-align: justify;\">La mattina dopo, i lavoratori palestinesi del quartiere sarebbero stati molestati e aggrediti da gruppi di giovani ebrei.<\/p>\n<p style=\"text-align: justify;\"><strong>Motivazioni oscuranti<\/strong><br \/>\nL&#8217;apparato di sicurezza israeliano ha innalzato i suoi stati di allerta al livello pi\u00f9 alto.<\/p>\n<p style=\"text-align: justify;\">L&#8217;ultima volta che \u00e8 stato cos\u00ec alto \u00e8 stato durante la rivolta dello scorso maggio nella Palestina storica, quando l&#8217;esercito israeliano ha compiuto una follia omicida di 11 giorni nella Striscia di Gaza assediata e in tutta la Cisgiordania occupata.<\/p>\n<p style=\"text-align: justify;\">Nella sola Gaza, sono stati uccisi pi\u00f9 di 250 palestinesi, inclusi almeno 67 bambini. Israele ha cancellato intere famiglie nelle loro case.<\/p>\n<p style=\"text-align: justify;\">Quel massacro \u00e8 stato compiuto sotto l&#8217;autorit\u00e0 e le istruzioni del ministro della Difesa israeliano Benny Gantz, che marted\u00ec ha visitato il re Abdullah di Giordania ad Amman per discutere di possibili disordini durante il Ramadan, che inizier\u00e0 la prossima settimana.<\/p>\n<p style=\"text-align: justify;\">La Giordania si autodefinisce il custode dei luoghi santi di Gerusalemme. \u00c8 stato verso la fine del Ramadan dell&#8217;anno scorso che \u00e8 iniziata la rivolta palestinese, innescata dalle intensificate mosse di Israele per pulire etnicamente le famiglie palestinesi nella Gerusalemme est occupata.<\/p>\n<p style=\"text-align: justify;\">Il monarca ha ospitato mercoled\u00ec il presidente israeliano Isaac Herzog ad Amman in un raro incontro pubblico tra capi di stato israeliani e giordani.<\/p>\n<p style=\"text-align: justify;\">Secondo quanto riferito, il re Abdullah ha condannato le uccisioni perpetrate da Hamarsheh il giorno precedente.<br \/>\nI recenti attacchi in Israele sono stati collegati dalle autorit\u00e0 israeliane al gruppo dello Stato islamico, noto anche come ISIS, o sono stati definiti attacchi imitatori dagli analisti.<\/p>\n<p style=\"text-align: justify;\">Non \u00e8 chiaro quali prove abbia Israele di tali connessioni ISIS, ma questo potrebbe essere un mezzo per tarpare tutta la resistenza palestinese.<\/p>\n<p style=\"text-align: justify;\">Queste affermazioni dovrebbero, tuttavia, essere viste con scetticismo.<\/p>\n<p style=\"text-align: justify;\">Un cittadino beduino \u00e8 stato precedentemente ucciso dalla polizia israeliana nel 2017 e poi incastrato come sostenitore dell&#8217;ISIS.<\/p>\n<p style=\"text-align: justify;\">Questo si \u00e8 rivelato falso.<\/p>\n<p style=\"text-align: justify;\">Nel 2020, l&#8217;allora primo ministro israeliano Benjamin Netanyahu si \u00e8 scusato con la famiglia dell&#8217;uomo per l&#8217;affermazione infondata di essere coinvolto nell&#8217;ISIS.<\/p>\n<p style=\"text-align: justify;\">Inoltre, l&#8217;ISIS, che a volte \u00e8 anche conosciuto con il suo acronimo arabo Daesh, ha poca storia di qualcosa di pi\u00f9 che ostilit\u00e0 retorica nei confronti di Israele. In effetti, l&#8217;autoproclamato stato ebraico e l&#8217;autoproclamato Stato islamico sono sembrati tacitamente collusi, sulla base della loro reciproca ostilit\u00e0 nei confronti del governo siriano.<\/p>\n<p style=\"text-align: justify;\">Nel 2017, Moshe Yaalon, ex ministro della Difesa israeliano, ha rivelato che i combattenti dell&#8217;ISIS nelle alture del Golan in Siria avevano attaccato un&#8217;unit\u00e0 israeliana e poi si erano scusati con Israele.<\/p>\n<p style=\"text-align: justify;\">&#8220;Di recente c&#8217;\u00e8 stato un caso in cui Daesh ha aperto il fuoco e si \u00e8 scusato&#8221;, ha dichiarato Yaalon, in riferimento a un incidente che i media israeliani hanno detto \u00e8 avvenuto nel novembre 2016.<\/p>\n<p style=\"text-align: justify;\">Il Jerusalem Post, un quotidiano israeliano di destra, ha anche messo in dubbio le affermazioni dell&#8217;ISIS secondo cui sarebbe stato coinvolto nella sparatoria di domenica ad Hadera che ha ucciso due membri della polizia paramilitare di frontiera israeliana.<\/p>\n<p style=\"text-align: justify;\">\u201cPretese come questa richiedono maggiori conferme perch\u00e9 l&#8217;Isis o le reti affiliate all&#8217;Isis spesso rivendicano la responsabilit\u00e0 di attacchi in cui non hanno avuto alcun ruolo o che hanno semplicemente ispirato&#8221;, ha affermato il quotidiano<\/p>\n<p style=\"text-align: justify;\"><strong>\u201cPressione psicologica\u201d<\/strong><br \/>\nLa motivazione pi\u00f9 ovvia, e quella suggerita dal padre di Hamarsheh ai media locali, \u00e8 che suo figlio era probabilmente motivato dalla vita oppressiva sotto l&#8217;occupazione militare israeliana.<\/p>\n<p style=\"text-align: justify;\">&#8220;Alla fine, le sue azioni non sono venute fuori dal nulla&#8221;, ha detto il padre di Hamarsheh.<br \/>\n&#8220;Chiaramente, era sottoposto a molte pressioni psicologiche a causa della situazione in cui ci troviamo e dell&#8217;assedio in cui viviamo&#8221;, ha aggiunto.<\/p>\n<p style=\"text-align: justify;\">\u201cL&#8217;assedio, la vita dura, le uccisioni quotidiane, le notizie che sentiamo. Questo soffoca i giovani. Fa perdere il controllo alle cose, come quello che \u00e8 successo a lui&#8221;.<\/p>\n<div id=\"attachment_16896\" style=\"width: 504px\" class=\"wp-caption aligncenter\"><a href=\"http:\/\/reteitalianaism.it\/reteism\/index.php\/2022\/03\/31\/israele-cerca-vendetta-dopo-che-un-palestinese-ha-ucciso-5-persone-vicino-a-tel-aviv\/300322_-_dia-hamarsheh2\/\" rel=\"attachment wp-att-16896\"><img loading=\"lazy\" decoding=\"async\" aria-describedby=\"caption-attachment-16896\" class=\" wp-image-16896\" src=\"http:\/\/reteitalianaism.it\/reteism\/wp-content\/uploads\/2022\/03\/300322_-_dia-hamarsheh2-300x195.jpg\" alt=\"\" width=\"494\" height=\"321\" srcset=\"https:\/\/reteitalianaism.it\/reteism\/wp-content\/uploads\/2022\/03\/300322_-_dia-hamarsheh2-300x195.jpg 300w, https:\/\/reteitalianaism.it\/reteism\/wp-content\/uploads\/2022\/03\/300322_-_dia-hamarsheh2-768x498.jpg 768w, https:\/\/reteitalianaism.it\/reteism\/wp-content\/uploads\/2022\/03\/300322_-_dia-hamarsheh2.jpg 800w\" sizes=\"auto, (max-width: 494px) 100vw, 494px\" \/><\/a><p id=\"caption-attachment-16896\" class=\"wp-caption-text\">Il padre di Dia Hamarsheh, che ha effettuato un attacco a fuoco a Bnei Brak in Israele, si trova fuori dalla sua casa durante un raid dei soldati di occupazione israeliani nella citt\u00e0 occupata di Jenin, in Cisgiordania, il 30 marzo 2022. Ahmed Ibrahim Immagini dell&#8217;APA<\/p><\/div>\n<p style=\"text-align: justify;\">Dopo l&#8217;attacco, le forze di occupazione israeliane hanno fatto irruzione nella casa della famiglia Hamarsheh e arrestato e interrogato i membri della famiglia.<\/p>\n<p style=\"text-align: justify;\">Il padre di Hamarsheh ha detto che durante il raid i soldati di occupazione hanno &#8220;torturato&#8221; l&#8217;altro figlio, ma gli ufficiali israeliani gli hanno detto di non interferire.<\/p>\n<p style=\"text-align: justify;\">Le forze israeliane hanno anche misurato la casa in preparazione della demolizione.<\/p>\n<p style=\"text-align: justify;\">Tali demolizioni punitive delle case, che Israele usa solo contro i palestinesi e mai contro gli ebrei, sono una forma di punizione collettiva \u2013 un crimine di guerra.<\/p>\n<p style=\"text-align: justify;\">Suo padre ha detto che suo figlio viveva al terzo piano dell&#8217;edificio con suo fratello, ma che le forze di occupazione vogliono demolire anche la casa di famiglia perch\u00e9 suo figlio la visitava.<\/p>\n<p style=\"text-align: justify;\">&#8220;Supponiamo che venga a casa, vuoi demolire la mia casa?&#8221; disse il padre.<\/p>\n<p style=\"text-align: justify;\">\u201cCammina anche per strada, che ne dici di andare a scavare nella strada dove cammina lui. Se entra in un istituto, vai a demolire anche quello. Questo \u00e8 irragionevole&#8221;.<\/p>\n<p><em>Ali Abunimah ha contribuito all&#8217;analisi.<\/em><\/p>\n<p>&nbsp;<\/p>\n","protected":false},"excerpt":{"rendered":"<p>https:\/\/electronicintifada.net\/ \u00a0 30 marzo 2022 \u00a0 \u00a0 \u00a0 \u00a0 \u00a0 \u00a0 \u00a0 \u00a0 Tamara Nassar Cinque persone sono state uccise da un uomo armato palestinese nel terzo incidente di questo tipo nei giorni scorsi in Israele. Marted\u00ec sera, Dia Hamarsheh &hellip; <a href=\"https:\/\/reteitalianaism.it\/reteism\/index.php\/2022\/03\/31\/israele-cerca-vendetta-dopo-che-un-palestinese-ha-ucciso-5-persone-vicino-a-tel-aviv\/\">Continue reading <span class=\"meta-nav\">&rarr;<\/span><\/a><\/p>\n","protected":false},"author":2,"featured_media":0,"comment_status":"open","ping_status":"open","sticky":false,"template":"","format":"standard","meta":{"footnotes":""},"categories":[3],"tags":[430,150,155],"class_list":["post-16894","post","type-post","status-publish","format-standard","hentry","category-info","tag-territori-del-48","tag-violenza-dellesercito","tag-west-bank-occupata"],"_links":{"self":[{"href":"https:\/\/reteitalianaism.it\/reteism\/index.php\/wp-json\/wp\/v2\/posts\/16894","targetHints":{"allow":["GET"]}}],"collection":[{"href":"https:\/\/reteitalianaism.it\/reteism\/index.php\/wp-json\/wp\/v2\/posts"}],"about":[{"href":"https:\/\/reteitalianaism.it\/reteism\/index.php\/wp-json\/wp\/v2\/types\/post"}],"author":[{"embeddable":true,"href":"https:\/\/reteitalianaism.it\/reteism\/index.php\/wp-json\/wp\/v2\/users\/2"}],"replies":[{"embeddable":true,"href":"https:\/\/reteitalianaism.it\/reteism\/index.php\/wp-json\/wp\/v2\/comments?post=16894"}],"version-history":[{"count":2,"href":"https:\/\/reteitalianaism.it\/reteism\/index.php\/wp-json\/wp\/v2\/posts\/16894\/revisions"}],"predecessor-version":[{"id":16898,"href":"https:\/\/reteitalianaism.it\/reteism\/index.php\/wp-json\/wp\/v2\/posts\/16894\/revisions\/16898"}],"wp:attachment":[{"href":"https:\/\/reteitalianaism.it\/reteism\/index.php\/wp-json\/wp\/v2\/media?parent=16894"}],"wp:term":[{"taxonomy":"category","embeddable":true,"href":"https:\/\/reteitalianaism.it\/reteism\/index.php\/wp-json\/wp\/v2\/categories?post=16894"},{"taxonomy":"post_tag","embeddable":true,"href":"https:\/\/reteitalianaism.it\/reteism\/index.php\/wp-json\/wp\/v2\/tags?post=16894"}],"curies":[{"name":"wp","href":"https:\/\/api.w.org\/{rel}","templated":true}]}}