{"id":17051,"date":"2022-05-07T22:11:19","date_gmt":"2022-05-07T20:11:19","guid":{"rendered":"http:\/\/reteitalianaism.it\/reteism\/?p=17051"},"modified":"2022-05-10T22:11:20","modified_gmt":"2022-05-10T20:11:20","slug":"come-misura-punitiva-israele-fa-saltare-in-aria-la-casa-di-un-detenuto-palestinese-a-jenin","status":"publish","type":"post","link":"https:\/\/reteitalianaism.it\/reteism\/index.php\/2022\/05\/07\/come-misura-punitiva-israele-fa-saltare-in-aria-la-casa-di-un-detenuto-palestinese-a-jenin\/","title":{"rendered":"Come misura punitiva, &#8220;Israele&#8221; fa saltare in aria la casa di un detenuto palestinese a Jenin"},"content":{"rendered":"<p style=\"text-align: justify;\"><a href=\"https:\/\/qudsnen.co\/as-punitive-measure-israel-blows-up-house-of-palestinian-detainee-in-jenin\/\">https:\/\/qudsnen.co\/<\/a><br \/>\nJenin (QNN)- Sabato mattina le forze di occupazione israeliane hanno fatto saltare in aria una casa del detenuto palestinese nella citt\u00e0 di Silat al-Harithiya a Jenin, come misura punitiva poich\u00e9 \u00e8 accusato di aver condotto un&#8217;operazione di sparatoria a dicembre insieme ad altri cinque.<\/p>\n<div id=\"attachment_17052\" style=\"width: 507px\" class=\"wp-caption aligncenter\"><a href=\"http:\/\/reteitalianaism.it\/reteism\/index.php\/2022\/05\/07\/come-misura-punitiva-israele-fa-saltare-in-aria-la-casa-di-un-detenuto-palestinese-a-jenin\/f8e5bd71-2b58-4124-9d10-87310e32e5f7-1024x768\/\" rel=\"attachment wp-att-17052\"><img loading=\"lazy\" decoding=\"async\" aria-describedby=\"caption-attachment-17052\" class=\" wp-image-17052\" src=\"http:\/\/reteitalianaism.it\/reteism\/wp-content\/uploads\/2022\/05\/F8E5BD71-2B58-4124-9D10-87310E32E5F7-1024x768-1-300x225.jpeg\" alt=\"\" width=\"497\" height=\"373\" srcset=\"https:\/\/reteitalianaism.it\/reteism\/wp-content\/uploads\/2022\/05\/F8E5BD71-2B58-4124-9D10-87310E32E5F7-1024x768-1-300x225.jpeg 300w, https:\/\/reteitalianaism.it\/reteism\/wp-content\/uploads\/2022\/05\/F8E5BD71-2B58-4124-9D10-87310E32E5F7-1024x768-1-768x576.jpeg 768w, https:\/\/reteitalianaism.it\/reteism\/wp-content\/uploads\/2022\/05\/F8E5BD71-2B58-4124-9D10-87310E32E5F7-1024x768-1.jpeg 1024w\" sizes=\"auto, (max-width: 497px) 100vw, 497px\" \/><\/a><p id=\"caption-attachment-17052\" class=\"wp-caption-text\">Immagine della casa del detenuto palestinese Omar Jaradat, fatta saltare in aria dalle forze di occupazione israeliane nella citt\u00e0 di Silat al-Harithiya a Jenin, come misura punitiva, il 7 maggio 2022.<\/p><\/div>\n<p style=\"text-align: justify;\">Fonti locali hanno riferito che le forze di occupazione israeliane, nelle prime ore di questa mattina, hanno fatto irruzione nella citt\u00e0 di Silat al-Harithiya e ne hanno circondato gli ingressi.<\/p>\n<p style=\"text-align: justify;\">Le forze hanno poi assalito la casa del detenuto palestinese nelle carceri israeliane, Omar Jaradat, e l&#8217;hanno fatta saltare in aria, trasformandola in macerie, dopo aver piazzato ordigni esplosivi nei suoi muri.<!--more--><\/p>\n<blockquote class=\"twitter-tweet\" data-width=\"550\" data-dnt=\"true\">\n<p lang=\"ar\" dir=\"rtl\">\u062a\u063a\u0637\u064a\u0629 \u0635\u062d\u0641\u064a\u0629: &quot;\u0627\u0644\u0627\u062d\u062a\u0644\u0627\u0644 \u064a\u0642\u0648\u0645 \u0628\u062a\u0641\u062c\u064a\u0631 \u0645\u0646\u0632\u0644 \u0627\u0644\u0623\u0633\u064a\u0631  \u0639\u0645\u0631 \u062c\u0640\u0640\u0640\u0631\u0627\u062f\u0627\u062a \u0641\u064a \u0628\u0644\u062f\u0629 \u0633\u064a\u0644\u0629 \u0627\u0644\u062d\u0627\u0631\u062b\u064a\u0629 \u063a\u0631\u0628 \u062c\u0646\u064a\u0646&quot;. <a href=\"https:\/\/t.co\/nrQde4o5yb\">pic.twitter.com\/nrQde4o5yb<\/a><\/p>\n<p>&mdash; \u0634\u0628\u0643\u0629 \u0642\u062f\u0633 \u0627\u0644\u0625\u062e\u0628\u0627\u0631\u064a\u0629 (@qudsn) <a href=\"https:\/\/twitter.com\/qudsn\/status\/1522801898008555521?ref_src=twsrc%5Etfw\">May 7, 2022<\/a><\/p><\/blockquote>\n<p><script async src=\"https:\/\/platform.twitter.com\/widgets.js\" charset=\"utf-8\"><\/script><\/p>\n<blockquote class=\"twitter-tweet\" data-width=\"550\" data-dnt=\"true\">\n<p lang=\"ar\" dir=\"rtl\">\u0634\u0627\u0647\u062f| \u062a\u063a\u0637\u064a\u0629 \u0635\u062d\u0641\u064a\u0629: &quot;\u062a\u0635\u0627\u0639\u062f \u0627\u0644\u062f\u062e\u0627\u0646 \u0645\u0646 \u0645\u0646\u0632\u0644 \u0627\u0644\u0623\u0633\u064a\u0631 \u0639\u0645\u0631 \u062c\u0631\u0627\u062f\u0627\u062a \u0628\u0627\u0644\u0633\u064a\u0644\u0629 \u0627\u0644\u062d\u0627\u0631\u062b\u064a\u0629 \u0639\u0642\u0628 \u062a\u0641\u062c\u064a\u0631\u0647 \u0645\u0646 \u0642\u0628\u0644 \u0642\u0648\u0627\u062a \u0627\u0644\u0627\u062d\u062a\u0644\u0627\u0644&quot;. <a href=\"https:\/\/t.co\/c8u5Ohrlt9\">pic.twitter.com\/c8u5Ohrlt9<\/a><\/p>\n<p>&mdash; \u0634\u0628\u0643\u0629 \u0642\u062f\u0633 \u0627\u0644\u0625\u062e\u0628\u0627\u0631\u064a\u0629 (@qudsn) <a href=\"https:\/\/twitter.com\/qudsn\/status\/1522787339713531904?ref_src=twsrc%5Etfw\">May 7, 2022<\/a><\/p><\/blockquote>\n<p><script async src=\"https:\/\/platform.twitter.com\/widgets.js\" charset=\"utf-8\"><\/script><\/p>\n<p style=\"text-align: justify;\">A gennaio, le autorit\u00e0 di occupazione hanno informato quattro famiglie palestinesi della loro decisione di demolire le loro case nella citt\u00e0 di Silat al-Harithiya, come misura punitiva poich\u00e9 i loro figli sono accusati di aver compiuto il presunto attentato.<\/p>\n<p style=\"text-align: justify;\">Quella volta le forze di occupazione israeliane hanno fatto irruzione nella citt\u00e0 di Silat al-Harithiya e hanno preso le misure delle quattro case: casa di Ahmed Muhammad Yassin Jaradat, padre dei fratelli Ghaith e Omar che sono accusati di aver compiuto l&#8217;operazione di sparatoria avvenuta il 16 dicembre, vicino all&#8217;insediamento illegale di Homesh, a nord di Nablus, lasciando morto un colono israeliano, e le case di Muhammad Youssef Jaradat, Ibrahim Musa Tahaineh, Mahmoud Ghaleb Jaradat e Taher Abu Salah, tutti accusati di aver aiutato i due fratelli .<\/p>\n<p style=\"text-align: justify;\">Le forze di occupazione hanno arrestato i giovani dopo aver fatto irruzione nelle loro case a Jenin e averle messe sottosopra.<\/p>\n<p style=\"text-align: justify;\">Da quel momento, i residenti delle case hanno portato via i mobili; le operazioni di demolizione renderanno senza casa oltre 30 persone.<\/p>\n<p style=\"text-align: justify;\">A febbraio, l&#8217;occupazione ha fatto saltare in aria la casa di Mahmoud Ghaleb Jaradat.<\/p>\n<p style=\"text-align: justify;\">Lo stato di occupazione israeliano ha utilizzato la demolizione delle case come misura punitiva collettiva contro le famiglie dei palestinesi, che svolgono operazioni di resistenza.<\/p>\n<p style=\"text-align: justify;\">Centinaia di case sono state demolite nell&#8217;ambito di questa politica dal 1967, lasciando migliaia di palestinesi senza casa nonostante non avessero commesso rati e non fossero sospettati di alcun illecito.<\/p>\n<p style=\"text-align: justify;\">Questa politica costituisce una punizione collettiva, che \u00e8 vietata e viola le disposizioni vincolanti del diritto internazionale: nella Convenzione di Ginevra (&#8220;Nessuna persona protetta pu\u00f2 essere punita per un reato che non ha commesso personalmente. Sanzioni collettive e parimenti tutte le misure di intimidazione o di il terrorismo \u00e8 proibito, \u00e8 vietato il saccheggio, \u00e8 vietata la rappresaglia contro le persone protette e le loro propriet\u00e0\u201d.<\/p>\n","protected":false},"excerpt":{"rendered":"<p>https:\/\/qudsnen.co\/ Jenin (QNN)- Sabato mattina le forze di occupazione israeliane hanno fatto saltare in aria una casa del detenuto palestinese nella citt\u00e0 di Silat al-Harithiya a Jenin, come misura punitiva poich\u00e9 \u00e8 accusato di aver condotto un&#8217;operazione di sparatoria a &hellip; <a href=\"https:\/\/reteitalianaism.it\/reteism\/index.php\/2022\/05\/07\/come-misura-punitiva-israele-fa-saltare-in-aria-la-casa-di-un-detenuto-palestinese-a-jenin\/\">Continue reading <span class=\"meta-nav\">&rarr;<\/span><\/a><\/p>\n","protected":false},"author":2,"featured_media":0,"comment_status":"open","ping_status":"open","sticky":false,"template":"","format":"standard","meta":{"footnotes":""},"categories":[3,67],"tags":[21,176,23,150],"class_list":["post-17051","post","type-post","status-publish","format-standard","hentry","category-info","category-prigionieri","tag-demolizioni","tag-diritti-fondamentali","tag-diritti-umani","tag-violenza-dellesercito"],"_links":{"self":[{"href":"https:\/\/reteitalianaism.it\/reteism\/index.php\/wp-json\/wp\/v2\/posts\/17051","targetHints":{"allow":["GET"]}}],"collection":[{"href":"https:\/\/reteitalianaism.it\/reteism\/index.php\/wp-json\/wp\/v2\/posts"}],"about":[{"href":"https:\/\/reteitalianaism.it\/reteism\/index.php\/wp-json\/wp\/v2\/types\/post"}],"author":[{"embeddable":true,"href":"https:\/\/reteitalianaism.it\/reteism\/index.php\/wp-json\/wp\/v2\/users\/2"}],"replies":[{"embeddable":true,"href":"https:\/\/reteitalianaism.it\/reteism\/index.php\/wp-json\/wp\/v2\/comments?post=17051"}],"version-history":[{"count":2,"href":"https:\/\/reteitalianaism.it\/reteism\/index.php\/wp-json\/wp\/v2\/posts\/17051\/revisions"}],"predecessor-version":[{"id":17054,"href":"https:\/\/reteitalianaism.it\/reteism\/index.php\/wp-json\/wp\/v2\/posts\/17051\/revisions\/17054"}],"wp:attachment":[{"href":"https:\/\/reteitalianaism.it\/reteism\/index.php\/wp-json\/wp\/v2\/media?parent=17051"}],"wp:term":[{"taxonomy":"category","embeddable":true,"href":"https:\/\/reteitalianaism.it\/reteism\/index.php\/wp-json\/wp\/v2\/categories?post=17051"},{"taxonomy":"post_tag","embeddable":true,"href":"https:\/\/reteitalianaism.it\/reteism\/index.php\/wp-json\/wp\/v2\/tags?post=17051"}],"curies":[{"name":"wp","href":"https:\/\/api.w.org\/{rel}","templated":true}]}}