{"id":17174,"date":"2022-06-05T16:26:44","date_gmt":"2022-06-05T14:26:44","guid":{"rendered":"http:\/\/reteitalianaism.it\/reteism\/?p=17174"},"modified":"2022-06-05T16:26:45","modified_gmt":"2022-06-05T14:26:45","slug":"la-pulizia-etnica-di-masafer-yatta-la-nuova-strategia-di-annessione-di-israele-in-palestina","status":"publish","type":"post","link":"https:\/\/reteitalianaism.it\/reteism\/index.php\/2022\/06\/05\/la-pulizia-etnica-di-masafer-yatta-la-nuova-strategia-di-annessione-di-israele-in-palestina\/","title":{"rendered":"La pulizia etnica di Masafer Yatta: la nuova strategia di annessione di Israele in Palestina"},"content":{"rendered":"<p style=\"text-align: justify;\"><a href=\"https:\/\/www.palestinechronicle.com\/the-ethnic-cleansing-of-masafer-yatta-israels-new-annexation-strategy-in-palestine\/\">https:\/\/www.palestinechronicle.com\/<\/a><br \/>\n<strong>1 giugno 2022<\/strong> \u00a0 \u00a0 \u00a0 \u00a0 \u00a0 \u00a0 \u00a0 \u00a0 <em>Ramzy Baroud<\/em><\/p>\n<p style=\"text-align: justify;\">La Corte Suprema israeliana ha deciso che la regione palestinese di Masafer Yatta, situata sulle colline meridionali di Hebron, sar\u00e0 interamente occupata dall&#8217;esercito israeliano e che una popolazione di oltre 1.000 palestinesi sar\u00e0 espulsa.<\/p>\n<div id=\"attachment_17175\" style=\"width: 501px\" class=\"wp-caption aligncenter\"><a href=\"http:\/\/reteitalianaism.it\/reteism\/index.php\/2022\/06\/05\/la-pulizia-etnica-di-masafer-yatta-la-nuova-strategia-di-annessione-di-israele-in-palestina\/masafer-school-678x455\/\" rel=\"attachment wp-att-17175\"><img loading=\"lazy\" decoding=\"async\" aria-describedby=\"caption-attachment-17175\" class=\" wp-image-17175\" src=\"http:\/\/reteitalianaism.it\/reteism\/wp-content\/uploads\/2022\/06\/Masafer-School-678x455-1-300x201.png\" alt=\"\" width=\"491\" height=\"329\" srcset=\"https:\/\/reteitalianaism.it\/reteism\/wp-content\/uploads\/2022\/06\/Masafer-School-678x455-1-300x201.png 300w, https:\/\/reteitalianaism.it\/reteism\/wp-content\/uploads\/2022\/06\/Masafer-School-678x455-1.png 678w\" sizes=\"auto, (max-width: 491px) 100vw, 491px\" \/><\/a><p id=\"caption-attachment-17175\" class=\"wp-caption-text\">Le forze israeliane demoliscono le strutture palestinesi a Masafer Yatta. (Foto: tramite ActiveStills)<\/p><\/div>\n<p style=\"text-align: justify;\">La decisione della Corte israeliana, del 4 maggio, non \u00e8 stata solo scioccante. L&#8217;occupazione militare israeliana non consiste solo in soldati armati, ma in strutture politiche, militari, economiche e legali, dedicate all&#8217;espansione degli insediamenti ebraici illegali e alla lenta &#8211; e talvolta non cos\u00ec lenta &#8211; espulsione dei palestinesi.<\/p>\n<p style=\"text-align: justify;\">Quando i palestinesi affermano che la Nakba, o Catastrofe \u2013 che ha portato alla pulizia etnica della Palestina nel 1948 e all&#8217;instaurazione dello stato di Israele sulle sue rovine \u2013 \u00e8 un progetto continuo e incompiuto, intendono esattamente questo. La pulizia etnica dei palestinesi di Gerusalemme est e il tormento senza fine dei beduini palestinesi nel Naqab e, ora, a Masafer Yatta, sono tutte testimonianze di questa realt\u00e0.<!--more--><\/p>\n<p style=\"text-align: justify;\">Tuttavia, Masafer Yatta \u00e8 particolarmente speciale. Nel caso della Gerusalemme Est occupata, ad esempio, Israele ha avanzato un&#8217;affermazione fallace e astorica secondo cui Gerusalemme \u00e8 la capitale eterna e indivisa del popolo ebraico. Combinava la sua narrativa infondata con un&#8217;azione militare sul campo, seguita da un processo sistematico che mirava ad aumentare la popolazione ebraica e ad espellere gli originari abitanti nativi della citt\u00e0. Nozioni come &#8220;Grande Gerusalemme&#8221; e strutture legali e politiche, come quella del piano generale di Gerusalemme del 2000, hanno tutte contribuito a trasformare la maggioranza palestinese una volta assoluta a Gerusalemme in una minoranza sempre pi\u00f9 piccola.<\/p>\n<p style=\"text-align: justify;\">Con il Naqab, gli obiettivi simili di Israele furono messi in moto gi\u00e0 nel 1948 e di nuovo nel 1951. Questo processo di pulizia etnica dei nativi rimane in vigore fino ad oggi.<\/p>\n<p style=\"text-align: justify;\">Sebbene Masafer Yatta faccia parte degli stessi progetti coloniali, la sua unicit\u00e0 deriva dal fatto che si trova nell&#8217;Area C della Cisgiordania occupata.<\/p>\n<p style=\"text-align: justify;\">Nel luglio 2020, Israele avrebbe deciso di posticipare i suoi piani per annettere quasi il 40% della Cisgiordania, forse temendo una ribellione palestinese e una condanna internazionale indesiderata. Tuttavia, il piano \u00e8 proseguito nella pratica.<\/p>\n<p style=\"text-align: justify;\">Inoltre, una reale annessione delle regioni della Cisgiordania significherebbe che Israele diventerebbe responsabile del benessere di intere comunit\u00e0 palestinesi. In quanto stato coloniale di coloni, Israele vuole la terra, ma non il popolo. Nel calcolo di Tel Aviv, l&#8217;annessione senza l&#8217;espulsione della popolazione potrebbe portare a un incubo demografico; da qui, la necessit\u00e0 di Israele di reinventare il suo piano di annessione.<\/p>\n<p style=\"text-align: justify;\">Sebbene Israele abbia presumibilmente ritardato l&#8217;annessione de jure, \u00e8 proseguita con una forma di annessione de facto, che ha generato poca attenzione da parte dei media internazionali.<\/p>\n<p style=\"text-align: justify;\">La decisione del tribunale israeliano su Masafer Yatta, che \u00e8 gi\u00e0 in corso con l&#8217;espulsione della famiglia Najjar l&#8217;11 maggio, \u00e8 un passo importante verso l&#8217;annessione dell&#8217;Area C. Se Israele pu\u00f2 sfrattare gli abitanti di dodici villaggi, con una popolazione di oltre 1.000 palestinesi, senza ostacoli, sono previste altre espulsioni di questo tipo, non solo a sud di Hebron, ma in tutti i territori palestinesi occupati.<\/p>\n<p style=\"text-align: justify;\">Gli abitanti dei villaggi palestinesi di Masafer Yatta e la loro rappresentanza legale sanno benissimo che nessuna vera &#8220;giustizia&#8221; pu\u00f2 essere ottenuta dal sistema giudiziario israeliano. Continuano comunque a combattere la guerra legale, nella speranza che una combinazione di fattori, tra cui la solidariet\u00e0 in Palestina e la pressione dall&#8217;esterno, possa alla fine riuscire a costringere Israele a ritardare la distruzione pianificata e l&#8217;ebraizzazione dell&#8217;intera regione.<\/p>\n<p style=\"text-align: justify;\">Tuttavia, sembra che gli sforzi palestinesi, in corso dal 1997, stiano fallendo. La decisione della Corte Suprema israeliana si basa sull&#8217;idea erronea e assolutamente bizzarra che i palestinesi di quell&#8217;area non potevano dimostrare di appartenervi prima del 1980, quando il governo israeliano decise di trasformare l&#8217;area nella &#8220;Firing Zone 918&#8221;.<\/p>\n<p style=\"text-align: justify;\">Purtroppo, la difesa palestinese era in parte basata su documenti dell&#8217;era giordana e documenti ufficiali delle Nazioni Unite che riportavano gli attacchi israeliani a diversi villaggi di Masafer Yatta nel 1966. Il governo giordano, che ha amministrato la Cisgiordania fino al 1967, ha risarcito alcuni residenti per la perdita delle loro \u201ccase di pietra\u201d \u2013 non tende \u2013 animali e altre propriet\u00e0 che sono state distrutte dall&#8217;esercito israeliano. I palestinesi hanno cercato di utilizzare queste prove per dimostrare che sono esistiti, non come persone nomadi ma come comunit\u00e0 radicate. Ci\u00f2 non \u00e8 stato convincente per la corte israeliana, che ha favorito l&#8217;argomento dei militari sui diritti della popolazione nativa.<\/p>\n<p style=\"text-align: justify;\">Le zone di tiro israeliane occupano quasi il 18 per cento della dimensione totale della West Bank. \u00c8 uno dei tanti stratagemmi usati dal governo israeliano per rivendicare legalmente la terra palestinese e, alla fine, anni dopo, rivendicare anche la propriet\u00e0 legale. Molte di queste zone di tiro esistono nell&#8217;Area C e vengono utilizzate come uno dei metodi israeliani volti ad appropriarsi ufficialmente della terra palestinese con il supporto dei tribunali israeliani.<\/p>\n<p style=\"text-align: justify;\">Ora che l&#8217;esercito israeliano \u00e8 riuscito ad acquisire Masafer Yatta \u2013 una regione che va dai 32 ai 56 kmq \u2013 sulla base di scuse del tutto fragili, diventer\u00e0 molto pi\u00f9 facile garantire la pulizia etnica di molte comunit\u00e0 simili in varie parti della Palestina occupata.<\/p>\n<p style=\"text-align: justify;\">Mentre le discussioni e la copertura mediatica del programma di annessione di Israele in Cisgiordania e nella Valle del Giordano si sono in gran parte placate, Israele si sta ora preparando per un programma di annessione graduale. Invece di annettere il 40% della Cisgiordania tutto in una volta, Israele sta ora annettendo tratti di terra e regioni pi\u00f9 piccole, come Masafer Yatta, separatamente. Tel Aviv alla fine collegher\u00e0 tutte queste aree annesse attraverso tangenziali per soli ebrei alle pi\u00f9 grandi infrastrutture degli insediamenti ebraici in Cisgiordania.<\/p>\n<p style=\"text-align: justify;\">Questa strategia alternativa non solo consente a Israele di evitare le critiche internazionali, ma consentir\u00e0 anche a Israele di annettere alla fine la terra palestinese espellendo progressivamente i palestinesi, aiutando Tel Aviv a prevenire gli squilibri demografici prima che si verifichino.<\/p>\n<p style=\"text-align: justify;\">Quello che sta accadendo a Masafer Yatta non \u00e8 solo il pi\u00f9 grande piano di pulizia etnica portato avanti da Israele dal 1967, ma la mossa dovrebbe essere considerata un primo passo in un piano molto pi\u00f9 ampio di appropriazione illegale della terra, pulizia etnica e annessione di massa ufficiale.<\/p>\n<p style=\"text-align: justify;\">Israele non deve avere successo in Masafer Yatta, perch\u00e9 se lo far\u00e0, il suo schema originale di annessione di massa diventer\u00e0 una realt\u00e0 in pochissimo tempo.<\/p>\n","protected":false},"excerpt":{"rendered":"<p>https:\/\/www.palestinechronicle.com\/ 1 giugno 2022 \u00a0 \u00a0 \u00a0 \u00a0 \u00a0 \u00a0 \u00a0 \u00a0 Ramzy Baroud La Corte Suprema israeliana ha deciso che la regione palestinese di Masafer Yatta, situata sulle colline meridionali di Hebron, sar\u00e0 interamente occupata dall&#8217;esercito israeliano e che &hellip; <a href=\"https:\/\/reteitalianaism.it\/reteism\/index.php\/2022\/06\/05\/la-pulizia-etnica-di-masafer-yatta-la-nuova-strategia-di-annessione-di-israele-in-palestina\/\">Continue reading <span class=\"meta-nav\">&rarr;<\/span><\/a><\/p>\n","protected":false},"author":2,"featured_media":0,"comment_status":"open","ping_status":"open","sticky":false,"template":"","format":"standard","meta":{"footnotes":""},"categories":[68],"tags":[345,37,41],"class_list":["post-17174","post","type-post","status-publish","format-standard","hentry","category-opinioni","tag-masafer-yatta","tag-occupazione","tag-pulizia-etnica"],"_links":{"self":[{"href":"https:\/\/reteitalianaism.it\/reteism\/index.php\/wp-json\/wp\/v2\/posts\/17174","targetHints":{"allow":["GET"]}}],"collection":[{"href":"https:\/\/reteitalianaism.it\/reteism\/index.php\/wp-json\/wp\/v2\/posts"}],"about":[{"href":"https:\/\/reteitalianaism.it\/reteism\/index.php\/wp-json\/wp\/v2\/types\/post"}],"author":[{"embeddable":true,"href":"https:\/\/reteitalianaism.it\/reteism\/index.php\/wp-json\/wp\/v2\/users\/2"}],"replies":[{"embeddable":true,"href":"https:\/\/reteitalianaism.it\/reteism\/index.php\/wp-json\/wp\/v2\/comments?post=17174"}],"version-history":[{"count":2,"href":"https:\/\/reteitalianaism.it\/reteism\/index.php\/wp-json\/wp\/v2\/posts\/17174\/revisions"}],"predecessor-version":[{"id":17177,"href":"https:\/\/reteitalianaism.it\/reteism\/index.php\/wp-json\/wp\/v2\/posts\/17174\/revisions\/17177"}],"wp:attachment":[{"href":"https:\/\/reteitalianaism.it\/reteism\/index.php\/wp-json\/wp\/v2\/media?parent=17174"}],"wp:term":[{"taxonomy":"category","embeddable":true,"href":"https:\/\/reteitalianaism.it\/reteism\/index.php\/wp-json\/wp\/v2\/categories?post=17174"},{"taxonomy":"post_tag","embeddable":true,"href":"https:\/\/reteitalianaism.it\/reteism\/index.php\/wp-json\/wp\/v2\/tags?post=17174"}],"curies":[{"name":"wp","href":"https:\/\/api.w.org\/{rel}","templated":true}]}}