{"id":17292,"date":"2022-07-05T22:06:57","date_gmt":"2022-07-05T20:06:57","guid":{"rendered":"http:\/\/reteitalianaism.it\/reteism\/?p=17292"},"modified":"2022-07-05T22:07:42","modified_gmt":"2022-07-05T20:07:42","slug":"i-giubbotti-della-stampa-non-riusciranno-a-proteggerti-i-giornalisti-raccontano-gli-attacchi-dellesercito-israeliano","status":"publish","type":"post","link":"https:\/\/reteitalianaism.it\/reteism\/index.php\/2022\/07\/05\/i-giubbotti-della-stampa-non-riusciranno-a-proteggerti-i-giornalisti-raccontano-gli-attacchi-dellesercito-israeliano\/","title":{"rendered":"&#8220;I giubbotti della stampa non riusciranno a proteggerti&#8221;: i giornalisti raccontano gli attacchi dell&#8217;esercito israeliano"},"content":{"rendered":"<p>1 giugno 2022 | di <a href=\"https:\/\/www.972mag.com\/writer\/vera-sajrawi\/\">Vera Sajrawi <\/a><\/p>\n<p><a href=\"https:\/\/www.972mag.com\/palestinian-journalists-israeli-army-attacks\/\">https:\/\/www.972mag.com\/palestinian-journalists-israeli-army-attacks\/ <\/a><\/p>\n<div id=\"attachment_17293\" style=\"width: 484px\" class=\"wp-caption aligncenter\"><a href=\"http:\/\/reteitalianaism.it\/reteism\/wp-content\/uploads\/2022\/07\/1.jpg\"><img loading=\"lazy\" decoding=\"async\" aria-describedby=\"caption-attachment-17293\" class=\" wp-image-17293\" src=\"http:\/\/reteitalianaism.it\/reteism\/wp-content\/uploads\/2022\/07\/1-300x200.jpg\" alt=\"\" width=\"474\" height=\"316\" srcset=\"https:\/\/reteitalianaism.it\/reteism\/wp-content\/uploads\/2022\/07\/1-300x200.jpg 300w, https:\/\/reteitalianaism.it\/reteism\/wp-content\/uploads\/2022\/07\/1-768x513.jpg 768w, https:\/\/reteitalianaism.it\/reteism\/wp-content\/uploads\/2022\/07\/1.jpg 1000w\" sizes=\"auto, (max-width: 474px) 100vw, 474px\" \/><\/a><p id=\"caption-attachment-17293\" class=\"wp-caption-text\">Lacrimogeni sparati dall&#8217;esercito israeliano si abbattono sui giornalisti palestinesi durante la 27a protesta del venerd\u00ec della &#8220;Grande Marcia del Ritorno&#8221; vicino alla recinzione Gaza-Israele, Striscia di Gaza, 28 settembre 2018. (Mohammed Zaanoun\/Activestills)<\/p><\/div>\n<p><span lang=\"it\">La prima volta che ho sperimentato la violenza delle forze israeliane come giornalista \u00e8 stato poco dopo il mio ritorno dagli Stati Uniti nel 2014, dove avevo trascorso alcuni anni a studiare e lavorare nei media. Un regista di documentari mi ha chiesto di aiutarlo a seguire la protesta annuale del Nakba Day a Betlemme. A quel punto avevo gi\u00e0 lavorato nella Cisgiordania occupata, ma mai a Betlemme, dove le forze israeliane sono note per l&#8217;uso eccessivo della forza a distanza ravvicinata. Ci sono frammenti di quel giorno che non solo ricordo ancora, ma mi sembra di rivivere anche a livello fisico, non importa quanta terapia faccia o quanto cerchi di guarire.<br \/>\n<\/span><\/p>\n<p><span lang=\"it\">Ricordo il momento in cui i soldati israeliani hanno attaccato i giornalisti. Eravamo tutti ammassati in un angolo al lato dei soldati e dei manifestanti, vestiti con tutti gli indumenti protettivi. I nostri caschi e giubbotti erano chiaramente etichettati come &#8220;stampa&#8221;. Da questo, e dal fatto che tenevamo in mano telecamere e microfoni, non c&#8217;era modo di confondersi sul fatto che fossimo giornalisti. N\u00e9 c&#8217;erano manifestanti vicino a noi.<\/span><\/p>\n<p><!--more--><\/p>\n<div id=\"attachment_17294\" style=\"width: 462px\" class=\"wp-caption aligncenter\"><a href=\"http:\/\/reteitalianaism.it\/reteism\/wp-content\/uploads\/2022\/07\/2.jpg\"><img loading=\"lazy\" decoding=\"async\" aria-describedby=\"caption-attachment-17294\" class=\" wp-image-17294\" src=\"http:\/\/reteitalianaism.it\/reteism\/wp-content\/uploads\/2022\/07\/2-300x200.jpg\" alt=\"\" width=\"452\" height=\"301\" srcset=\"https:\/\/reteitalianaism.it\/reteism\/wp-content\/uploads\/2022\/07\/2-300x200.jpg 300w, https:\/\/reteitalianaism.it\/reteism\/wp-content\/uploads\/2022\/07\/2-1024x683.jpg 1024w, https:\/\/reteitalianaism.it\/reteism\/wp-content\/uploads\/2022\/07\/2-768x512.jpg 768w, https:\/\/reteitalianaism.it\/reteism\/wp-content\/uploads\/2022\/07\/2.jpg 1500w\" sizes=\"auto, (max-width: 452px) 100vw, 452px\" \/><\/a><p id=\"caption-attachment-17294\" class=\"wp-caption-text\">Donne che passano accanto a un murale in onore della giornalista palestinese Shireen Abu Akleh a Gaza City, 12 maggio 2022. (Mohammed Zaanoun\/Activestills)<\/p><\/div>\n<p><span lang=\"it\">Eppure, all&#8217;improvviso, i soldati ci hanno caricato, spingendoci e urlandoci di lasciare la scena. Prima ancora che avessimo la possibilit\u00e0 di muoverci hanno sparato granate assordanti e gas lacrimogeni. I suoni erano assordanti e l&#8217;aria bruciava. Mentre lottavo per indossare la maschera antigas, uno dei soldati si \u00e8 avvicinato a me e mi ha urlato in faccia. Poi mi ha schiacciato tra il suo fucile e un muro vicino mentre mi urlava nell&#8217;orecchio di muovermi. Fortunatamente, il regista americano con cui mi trovavo \u00e8 intervenuto e ha detto al soldato che saremmo andati via. Avevo ancora gli occhi chiusi e ricordo di aver pensato, come facevo da bambino, che se non avessi guardato i mostri (che, allora, erano immaginari e si nascondevano sotto il mio letto), non avrebbero potuto uccidermi. Non appena ho indossato la maschera antigas, ho visto i soldati spingere un altro giornalista. Non ha urlato o pianto come me, continuava ad abbracciare la sua macchina fotografica e ad alzarla in aria per proteggerla. Alla fine lo hanno trattenuto. \u00c8 stata la prima volta che ho visto l&#8217;esercito trattenere un giornalista davanti ai miei occhi. Volevo salvarlo, andare a urlare ai soldati di lasciarci in pace, ma ero troppo terrorizzato per dire qualsiasi cosa.<\/span><\/p>\n<p><span lang=\"it\">Le forze israeliane attaccano, arrestano e talvolta uccidono regolarmente giornalisti palestinesi semplicemente per aver svolto il loro lavoro. Secondo l&#8217;Unione dei giornalisti palestinesi, dall&#8217;anno 2000 fino a 55 giornalisti palestinesi sono stati uccisi dalle forze israeliane.<br \/>\n<\/span><\/p>\n<p><span lang=\"it\">Dall&#8217;inizio del 2022, il Centro palestinese per lo sviluppo e le libert\u00e0 dei media (MADA) ha registrato 215 attacchi ai giornalisti palestinesi da parte delle forze israeliane. Nel frattempo, secondo la Palestine Prisoners&#8217; Society, 15 giornalisti palestinesi si trovano attualmente nelle carceri israeliane, di cui uno in detenzione amministrativa.<br \/>\n<\/span><\/p>\n<p><span lang=\"it\">Oltre ai traumi fisici che a volte affrontiamo, dobbiamo anche sopportare costantemente il trauma emotivo di testimoniare e documentare l&#8217;oppressione della nostra gente e dei nostri colleghi per mano delle forze occupanti. L&#8217;uccisione di Shireen Abu Akleh all&#8217;inizio di questo mese ha fatto riemergere quel trauma collettivo per tutti noi. Dopo l&#8217;uccisione di Shireen, la rivista +972 ha parlato con tre giornalisti della Striscia di Gaza e della Cisgiordania per far luce sulle loro esperienze di lavoro sul campo mentre erano sotto occupazione e assedio. Ecco le loro storie.<\/span><\/p>\n<p><b><span lang=\"it\">&#8216;Mi sentivo come se un missile mi avesse colpito&#8217;<\/span><\/b><\/p>\n<p><span lang=\"it\">Mo&#8217;ath Amarnnih \u00e8 un fotoreporter che fotografa da quando aveva 10 anni. Nel novembre 2019, mentre seguiva una protesta contro la confisca dei terreni a Khirbet Safa, poche miglia a nord di Hebron, Amarn\u00ech \u00e8 stato colpito al volto con un proiettile di gomma e ha perso l&#8217;occhio. &#8220;Quel giorno, la brutalizzazione \u00e8 stata mostruosa&#8221;, dice a +972. \u201cNon appena la gente ha iniziato a radunarsi, l&#8217;esercito ha iniziato a sparare dozzine di lacrimogeni. Poi c&#8217;\u00e8 stato un momento di calma, ma il mio istinto mi ha detto che sarebbe successo qualcosa di peggio&#8221;. Amarnnih stava filmando da una posizione dietro un mucchio di terra che nascondeva la parte inferiore del suo corpo e indossava un giubbotto e un casco. &#8220;Pensavo che questo mi avrebbe protetto dai loro proiettili&#8221;, dice. Ma non era abbastanza. &#8220;Quando vieni colpito da un proiettile, non ne senti il suono&#8221;, dice Amarnnih. \u201cMi sono sentito come se un missile mi avesse colpito e la mia testa fosse stata spazzata via. Non capivo cosa mi stesse succedendo. Ero privo di sensi e per alcuni secondi tutta la mia vita \u00e8 balenata davanti ai miei occhi. Non sapevo se fossi vivo o morto&#8221;.<\/span><\/p>\n<div id=\"attachment_17295\" style=\"width: 420px\" class=\"wp-caption aligncenter\"><a href=\"http:\/\/reteitalianaism.it\/reteism\/wp-content\/uploads\/2022\/07\/3.jpeg\"><img loading=\"lazy\" decoding=\"async\" aria-describedby=\"caption-attachment-17295\" class=\" wp-image-17295\" src=\"http:\/\/reteitalianaism.it\/reteism\/wp-content\/uploads\/2022\/07\/3-300x300.jpeg\" alt=\"\" width=\"410\" height=\"410\" srcset=\"https:\/\/reteitalianaism.it\/reteism\/wp-content\/uploads\/2022\/07\/3-300x300.jpeg 300w, https:\/\/reteitalianaism.it\/reteism\/wp-content\/uploads\/2022\/07\/3-1024x1024.jpeg 1024w, https:\/\/reteitalianaism.it\/reteism\/wp-content\/uploads\/2022\/07\/3-150x150.jpeg 150w, https:\/\/reteitalianaism.it\/reteism\/wp-content\/uploads\/2022\/07\/3-768x768.jpeg 768w, https:\/\/reteitalianaism.it\/reteism\/wp-content\/uploads\/2022\/07\/3.jpeg 1080w\" sizes=\"auto, (max-width: 410px) 100vw, 410px\" \/><\/a><p id=\"caption-attachment-17295\" class=\"wp-caption-text\">Mo&#8217;ath Amarnnih, fotoreporter palestinese a cui i soldati israeliani hanno sparato in un occhio nel 2019, a casa sua con i suoi figli. (Per gentile concessione di Amarn\u00ech)<\/p><\/div>\n<p><span lang=\"it\">Secondo Amarrih, l&#8217;esercito non ha fornito alcuna assistenza medica dopo che gli hanno sparato. Invece sono arrivati i soldati e gli hanno fatto delle foto, mentre gli aiuti sono arrivati da altri giornalisti presenti sul posto. Pi\u00f9 tardi, quando il suo avvocato ha chiesto alla polizia i risultati delle loro indagini sull&#8217;incidente, gli hanno detto che l&#8217;esercito ha concluso che il proiettile non era il loro. \u201cFino ad oggi non riesco ancora a credere di essere sopravvissuto\u201d, continua. \u201cVivo ancora con il proiettile in testa. Mi hanno sparato in un occhio, la parte pi\u00f9 importante del mio corpo per il mio lavoro&#8221;. Per diversi anni dopo l&#8217;incidente, Amarrih non \u00e8 stato fisicamente in grado di tornare a scattare fotografie. &#8220;Quando mettevo a fuoco l&#8217;occhio che vedeva sull&#8217;obiettivo della fotocamera, cadevo in buchi nel terreno&#8221;, dice. Ha anche avuto un blocco emotivo: &#8220;Ogni volta che guardavo nell&#8217;obiettivo, un flashback mi riportava al momento in cui mi hanno sparato&#8221;. Amarrih dice di aver ricevuto il supporto emotivo di cui aveva bisogno dopo l&#8217;incidente dalla sua famiglia e dai suoi colleghi, anche loro traumatizzati da ci\u00f2 cui avevano assistito. Ma il trauma riaffiora ancora, come \u00e8 accaduto dopo la recente uccisione di Shireen Abu Akleh. &#8220;Ho visto me stesso nella sua uccisione&#8221;, dice Amarn\u00ech. \u201cNon capivo che fosse il suo funerale, mi sentivo come se fossi stato portato nella sua bara. Pensavo mi stessero seppellendo&#8221;. Riflettendo, Amarnnih vede questo incidente come parte di uno schema. \u201cQuando non ci sono scontri, l&#8217;esercito attacca i giornalisti\u201d, dice. \u201cDanno di matto, come se avessero visto il diavolo. A volte preferiamo non indossare giubbotti stampa, poich\u00e9 non vogliamo che ci riconoscano e ci prendano di mira. Ci sopprimono perch\u00e9 le nostre foto dimostrano al mondo che sono un esercito criminale. Vogliamo che il mondo intero sappia quanto soffriamo per mostrare loro il quadro completo. Abbiamo bisogno di protezione internazionale. Vogliamo che il mondo ritenga Israele responsabile dei suoi attacchi contro di noi\u201d.<\/span><\/p>\n<p><span lang=\"it\"><b>&#8220;Li ho sentiti ridere, dicevano &#8216;l&#8217;ho preso&#8221;&#8221;\u00a0<\/b><br \/>\n<\/span><\/p>\n<p><span lang=\"it\">Mohammad al-Azza \u00e8 nato nel campo profughi di Aida vicino a Betlemme, dove vive oggi. Nel 2013 stava lavorando come direttore delle comunicazioni in un centro giovanile del campo, documentando la vita nel campo attraverso foto e video, quando ha sentito spari all&#8217;esterno. Ha subito preso in mano la sua macchina fotografica. &#8220;Ho visto un gruppo di soldati che sono scesi dalla loro base a 150 metri dall&#8217;ingresso dell&#8217;Aida&#8221;, racconta a +972. \u201cSono uscito sul balcone al secondo piano e ho iniziato a scattare foto. Ero solo.&#8221;<\/span>\u00a0<span lang=\"it\"><br \/>\n<\/span><\/p>\n<p><span lang=\"it\">Mentre i soldati continuavano ad avvicinarsi all&#8217;ingresso del campo hanno sparato gas lacrimogeni, bombe sonore e proiettili di gomma contro un gruppo di giovani palestinesi che stavano cercando di resistere al loro ingresso. Poi al-Azza ha visto il comandante dell&#8217;unit\u00e0 dell&#8217;esercito indicarlo mentre parlava al telefono. &#8220;Di solito, quando i militari fanno irruzione nel campo, mi urlano di lasciare la scena, mi maledicono o sparano granate assordanti e gas lacrimogeni verso di me&#8221;, dice. \u201cQuel giorno, non mi hanno preso in giro. \u00c8 stato strano, ma ho continuato a scattare foto, in particolare del comandante che ha passato del tempo a prendere la mira con il suo fucile e poi a sparare verso i bambini&#8221;. Ad un certo punto i soldati hanno urlato ad al-Azza di tornare a casa, cos\u00ec ha cominciato ad uscire dal balcone. Ma all&#8217;improvviso, con la coda dell&#8217;occhio, ha notato una scintilla di fuoco e si \u00e8 accorto subito che proveniva dal fucile di uno dei soldati. Il proiettile rivestito di gomma ha colpito Mohammad in faccia, sulla guancia destra. &#8220;Ho urlato cos\u00ec forte&#8221;, dice.<\/span><\/p>\n<div id=\"attachment_17296\" style=\"width: 516px\" class=\"wp-caption aligncenter\"><a href=\"http:\/\/reteitalianaism.it\/reteism\/wp-content\/uploads\/2022\/07\/4.jpg\"><img loading=\"lazy\" decoding=\"async\" aria-describedby=\"caption-attachment-17296\" class=\" wp-image-17296\" src=\"http:\/\/reteitalianaism.it\/reteism\/wp-content\/uploads\/2022\/07\/4-300x200.jpg\" alt=\"\" width=\"506\" height=\"337\" srcset=\"https:\/\/reteitalianaism.it\/reteism\/wp-content\/uploads\/2022\/07\/4-300x200.jpg 300w, https:\/\/reteitalianaism.it\/reteism\/wp-content\/uploads\/2022\/07\/4-1024x683.jpg 1024w, https:\/\/reteitalianaism.it\/reteism\/wp-content\/uploads\/2022\/07\/4-768x512.jpg 768w, https:\/\/reteitalianaism.it\/reteism\/wp-content\/uploads\/2022\/07\/4.jpg 1500w\" sizes=\"auto, (max-width: 506px) 100vw, 506px\" \/><\/a><p id=\"caption-attachment-17296\" class=\"wp-caption-text\">Palestinesi feriti dalle forze israeliane, tra cui un giornalista, arrivano all&#8217;ospedale al-Najjar durante le proteste notturne vicino alla recinzione a est di Rafah, nel sud della Striscia di Gaza, il 24 ottobre 2018. (Abed Rahim Khatib\/Flash90)<\/p><\/div>\n<p><span lang=\"it\">&#8220;Ho sentito i soldati e il comandante che ridevano, dicevano &#8216;l&#8217;ho preso.&#8217; La mia faccia era coperta di sangue e l&#8217;amico che \u00e8 venuto ad aiutarmi \u00e8 andato fuori di testa quando l&#8217;ha visto&#8221;. Poich\u00e9 l&#8217;esercito aveva bloccato il campo, l&#8217;ambulanza non \u00e8 riuscita a raggiungere al-Azza. \u201cHo camminato con il mio amico, sanguinando pesantemente. I soldati ci hanno detto di fermarci, ma abbiamo continuato a camminare verso casa mia e hanno iniziato a spararci lacrimogeni\u201d. Il vicino di Al-Azza lo ha portato in macchina in ospedale, usando una strada secondaria per evitare i soldati. &#8220;Tutte le ossa sul lato destro della mia faccia erano fratturate e il mio occhio \u00e8 caduto perch\u00e9 le ossa che lo circondavano non lo reggevano pi\u00f9&#8221;, continua al-Azza. \u201cSono stato in sala operatoria per nove ore. Mi hanno preso le ossa dall&#8217;anca e me le hanno piantate in faccia, e hanno anche usato il platino al posto delle ossa facciali che erano state frantumate&#8221;. L&#8217;esercito ha accusato al-Azza di lanciare pietre contro i soldati e i media israeliani hanno ripetuto a pappagallo le affermazioni dell&#8217;esercito. Ma al-Azza aveva fotografato il comandante, cos\u00ec ha deciso di denunciarlo. &#8220;L&#8217;esercito ha iniziato a chiedere di me a ogni singola persona arrestata dal campo nel tentativo di accusarmi di qualcosa, per contrastare la mia causa&#8221;, dice.<\/span><\/p>\n<div id=\"attachment_17297\" style=\"width: 444px\" class=\"wp-caption aligncenter\"><a href=\"http:\/\/reteitalianaism.it\/reteism\/wp-content\/uploads\/2022\/07\/5.jpeg\"><img loading=\"lazy\" decoding=\"async\" aria-describedby=\"caption-attachment-17297\" class=\" wp-image-17297\" src=\"http:\/\/reteitalianaism.it\/reteism\/wp-content\/uploads\/2022\/07\/5-300x300.jpeg\" alt=\"\" width=\"434\" height=\"434\" srcset=\"https:\/\/reteitalianaism.it\/reteism\/wp-content\/uploads\/2022\/07\/5-300x300.jpeg 300w, https:\/\/reteitalianaism.it\/reteism\/wp-content\/uploads\/2022\/07\/5-150x150.jpeg 150w, https:\/\/reteitalianaism.it\/reteism\/wp-content\/uploads\/2022\/07\/5.jpeg 720w\" sizes=\"auto, (max-width: 434px) 100vw, 434px\" \/><\/a><p id=\"caption-attachment-17297\" class=\"wp-caption-text\">Mohammad al-Azza, giornalista palestinese del campo profughi di Aida, che \u00e8 stato colpito in faccia da soldati israeliani nel 2013 e successivamente molestato e minacciato dall&#8217;esercito. (Per gentile concessione di al-Azza)<\/p><\/div>\n<p>Dopo aver trascorso due settimane ricoverato in due diversi ospedali e 10 ore in operazioni, ad al-Azza \u00e8 stato permesso di tornare a casa e continuare a visitare i medici per ulteriori cure mediche. La prima notte dopo essere stato dimesso dall&#8217;ospedale, per\u00f2, l&#8217;esercito ha fatto irruzione nella sua casa. Hanno sfondato la porta e distrutto tutto in casa, prima di minacciare sua madre: &#8220;Se non viene da noi, te lo riportiamo morto&#8221;. Al-Azza non era a casa quella notte, n\u00e9 \u00e8 tornato a casa per diverse settimane per evitare l&#8217;esercito e continuare le sue cure mediche. \u201cContinuavano a irrompere in casa nostra e a picchiare la mia famiglia\u201d, dice. &#8220;Una volta hanno arrestato mio padre e mio fratello e mi hanno fatto chiamare per costituirmi, ma ho rifiutato&#8221;.<\/p>\n<p><span lang=\"it\"><b>&#8220;Quando c&#8217;\u00e8 una telecamera, vanno nel panico&#8221;\u00a0<\/b><br \/>\n<\/span><\/p>\n<p><span lang=\"it\">Dopo due estenuanti mesi trascorsi lontano da casa, al-Azza ha deciso di tornare. L&#8217;esercito ha subito fatto irruzione nella sua casa. &#8220;Hanno iniziato a picchiarmi&#8221;, ricorda. \u201cLi ho implorati di non colpirmi in faccia, ma mi hanno colpito deliberatamente sulla ferita. Il sangue \u00e8 iniziato a colare lungo il collo e il petto. \u201cMi hanno portato al centro interrogatori di Etzion; Indossavo i pantaloncini e si sono rifiutati di farmi cambiare o mettere le scarpe, o di ricevere cure mediche\u201d, continua al-Azza. Dopo quattro giorni di detenzione, l&#8217;esercito ha iniziato a interrogarlo e ha cercato di costringerlo a firmare una confessione, cosa che si \u00e8 rifiutato di fare. Alla fine l&#8217;esercito ha portato al-Azza in un ospedale di Gerusalemme in modo che potesse essere visitato da un oculista. In poco tempo, tuttavia, si \u00e8 reso conto del vero motivo per cui lo avevano portato l\u00ec: volevano il parere di un medico che contrastasse la causa di al-Azza, in cui affermava come la sua vista fosse stata danneggiata dalla ferita. \u201cContinuavo a chiedere al dottore quali esami stesse facendo e lui non mi ha risposto\u201d, spiega al-Azza. \u201cLe forze israeliane erano presenti con noi nella stanza. Sono sicuro che avessero un accordo&#8221;. Successivamente, i soldati lo hanno riportato al centro di detenzione di Ofer dove ha trascorso altri 10 giorni prima di essere rilasciato su cauzione. Ha continuato a portare avanti la sua causa contro l&#8217;esercito.<\/span><\/p>\n<div id=\"attachment_17298\" style=\"width: 453px\" class=\"wp-caption aligncenter\"><a href=\"http:\/\/reteitalianaism.it\/reteism\/wp-content\/uploads\/2022\/07\/6.jpg\"><img loading=\"lazy\" decoding=\"async\" aria-describedby=\"caption-attachment-17298\" class=\" wp-image-17298\" src=\"http:\/\/reteitalianaism.it\/reteism\/wp-content\/uploads\/2022\/07\/6-300x200.jpg\" alt=\"\" width=\"443\" height=\"295\" srcset=\"https:\/\/reteitalianaism.it\/reteism\/wp-content\/uploads\/2022\/07\/6-300x200.jpg 300w, https:\/\/reteitalianaism.it\/reteism\/wp-content\/uploads\/2022\/07\/6-1024x683.jpg 1024w, https:\/\/reteitalianaism.it\/reteism\/wp-content\/uploads\/2022\/07\/6-768x512.jpg 768w, https:\/\/reteitalianaism.it\/reteism\/wp-content\/uploads\/2022\/07\/6-1536x1025.jpg 1536w, https:\/\/reteitalianaism.it\/reteism\/wp-content\/uploads\/2022\/07\/6.jpg 2048w\" sizes=\"auto, (max-width: 443px) 100vw, 443px\" \/><\/a><p id=\"caption-attachment-17298\" class=\"wp-caption-text\">Un poliziotto di frontiera israeliano ordina a un giornalista palestinese di lasciare la zona durante una protesta contro la chiusura di Shuhada Street ai palestinesi, nella citt\u00e0 di Hebron, in Cisgiordania, il 21 febbraio 2014. (Oren Ziv\/Activestills)<\/p><\/div>\n<p><span lang=\"it\">&#8220;Ogni mese per tre anni sono andato a Ofer per l&#8217;ennesima sessione del tribunale nel mio caso&#8221;, continua. \u201cLe autorit\u00e0 israeliane mi hanno vietato di recarmi negli Stati Uniti per un intervento chirurgico di ricostruzione facciale e hanno continuato a cercare di costringermi ad abbandonare il caso, anche inventando una serie di accuse contro di me. Il mio caso \u00e8 ancora all&#8217;Alta Corte. Non so dove sia oggi\u201d. Come Amarnnih, al-Azza vede un modello nel modo in cui le forze israeliane prendono di mira i giornalisti palestinesi durante le proteste. &#8220;I soldati prendono sempre di mira i giornalisti prima con bombe [sonore e gas lacrimogeni] e ci urlano di andarcene in modo che possano operare liberamente&#8221;, dice.\u00a0<b><br \/>\n<\/b><\/span><\/p>\n<p><span lang=\"it\">\u201cQuando c&#8217;\u00e8 una telecamera, vanno nel panico. Non vogliono che il mondo veda [cosa stanno facendo]\u201d.<br \/>\n<\/span><\/p>\n<p><span lang=\"it\">Quando gli chiedo perch\u00e9 continui a tornare sul campo nonostante il rischio di ferirsi o addirittura di morire, in quanto giornalista palestinese, risponde che \u00e8 suo dovere continuare. &#8220;Gli israeliani sono preoccupati per la loro immagine, quindi cercano di impedire ai palestinesi di documentare i loro crimini&#8221;, dice. \u201cVogliono decidere la narrazione e apparire potenti e umani, quando in realt\u00e0 \u00e8 l&#8217;esatto opposto. &#8220;L&#8217;esercito ha fatto irruzione nel mio campo profughi ogni giorno e ha confiscato i miei filmati, e una volta ha rotto la mia macchina fotografica&#8221;, continua. \u201cMa non avrei mai pensato che sarei stato preso di mira deliberatamente, forse solo ferito per errore. Sono stato molto fortunato a sopravvivere, perch\u00e9 sparandomi in faccia intendevano uccidermi. Ma non ho paura, anzi, mi sento come se non avessi niente da perdere\u201d.<br \/>\n<\/span><\/p>\n<p><b><span lang=\"it\">\u00a0<\/span><\/b><\/p>\n<p><span lang=\"it\"><b>&#8220;La mia vita sarebbe potuta finire in pochi secondi&#8221;\u00a0<\/b><br \/>\n<\/span><\/p>\n<p><span lang=\"it\">Youmna al-Sayed lavora come corrispondente in lingua inglese di Al Jazeera nella Striscia di Gaza assediata. \u00c8 originaria dell&#8217;Egitto ed \u00e8 nata in Sud Africa, dove ha trascorso gran parte della sua vita prima di sposare un palestinese di Gaza e trasferirsi con lui nella striscia. Hanno quattro figli di et\u00e0 compresa tra i quattro e gli undici anni. Al-Sayed si era gi\u00e0 abituata ai soldati israeliani che sparavano granate assordanti &#8211; e spesso fuoco vivo &#8211; contro i giornalisti mentre seguivano le manifestazioni presso la recinzione Israele-Gaza, in particolare durante la Grande Marcia del Ritorno. Ma gli eventi del maggio 2021, e in particolare gli attacchi aerei di Israele sulla striscia durante quel mese, erano al di l\u00e0 di qualsiasi cosa potesse immaginare. Durante quei giorni, dice a +972, &#8220;nessun posto era sicuro&#8221;.<\/span><span lang=\"it\">Ricorda che era seduta nella sua macchina quando le forze israeliane hanno bombardato un altro veicolo a pochi metri di distanza. &#8220;La mia vita sarebbe potuta finire in pochi secondi&#8221;, dice al-Sayed. &#8220;La nostra auto ha colpito il marciapiede a causa dell&#8217;impatto del missile e ho riportato dei lividi per aver colpito la testa sul cruscotto. Non ho sentito alcun dolore perch\u00e9 ero troppo scioccata per capire cosa fosse appena successo. L&#8217;autista mi ha parlato e ha iniziato a scuotermi, ma non riuscivo a sentire la sua voce. Mi sentivo come se potessi vedere i miei figli davanti ai miei occhi&#8221;.<\/span><\/p>\n<div id=\"attachment_17299\" style=\"width: 493px\" class=\"wp-caption aligncenter\"><a href=\"http:\/\/reteitalianaism.it\/reteism\/wp-content\/uploads\/2022\/07\/7.jpeg\"><img loading=\"lazy\" decoding=\"async\" aria-describedby=\"caption-attachment-17299\" class=\" wp-image-17299\" src=\"http:\/\/reteitalianaism.it\/reteism\/wp-content\/uploads\/2022\/07\/7-300x169.jpeg\" alt=\"\" width=\"483\" height=\"272\" srcset=\"https:\/\/reteitalianaism.it\/reteism\/wp-content\/uploads\/2022\/07\/7-300x169.jpeg 300w, https:\/\/reteitalianaism.it\/reteism\/wp-content\/uploads\/2022\/07\/7.jpeg 727w\" sizes=\"auto, (max-width: 483px) 100vw, 483px\" \/><\/a><p id=\"caption-attachment-17299\" class=\"wp-caption-text\">Youmna al-Sayed, giornalista egiziana e corrispondente inglese di Al Jazeera a Gaza, ferita da un attacco aereo israeliano nel maggio 2021. (Per gentile concessione di al-Sayed)<\/p><\/div>\n<p>Poco dopo i paramedici sono arrivati sul posto e al-Sayed si \u00e8 ritrovata nell&#8217;ospedale di Al-Shifa, un luogo che conosceva bene per averne spesso riportato notizie, ma dove ora era una paziente. &#8220;Ho continuato dopo quell&#8217;incidente, ma mentirei se dicessi che non provo ancora le stesse sensazioni di shock da quel giorno fino ad oggi&#8221;. Per prepararsi a qualsiasi possibilit\u00e0 di violenza, al-Sayed afferma che lei e i suoi colleghi si assicurano di indossare indumenti protettivi ogni volta che denunciano, anche se ci\u00f2 non aiuta molto di fronte ai bombardamenti israeliani. \u201cProviamo a fare tutto il possibile per mostrare chi siamo e perch\u00e9 non dovremmo essere presi di mira. Ma i giornalisti possono essere presi di mira in qualsiasi momento, ovunque, con giubbotti e caschi della stampa: niente di tutto ci\u00f2 ti terr\u00e0 al sicuro. Non importa se non sei palestinese: se sei un giornalista che segue Gaza, sei un possibile bersaglio\u201d. La soluzione, crede, \u00e8 ritenere Israele responsabile dei suoi crimini contro i giornalisti \u201cche sono solo messaggeri, proprio come farebbe la comunit\u00e0 internazionale con qualsiasi [altro] paese che prende di mira i giornalisti. Solo allora Israele sar\u00e0 dissuaso\u201d.<\/p>\n<div><\/div>\n","protected":false},"excerpt":{"rendered":"<p>1 giugno 2022 | di Vera Sajrawi https:\/\/www.972mag.com\/palestinian-journalists-israeli-army-attacks\/ La prima volta che ho sperimentato la violenza delle forze israeliane come giornalista \u00e8 stato poco dopo il mio ritorno dagli Stati Uniti nel 2014, dove avevo trascorso alcuni anni a studiare &hellip; <a href=\"https:\/\/reteitalianaism.it\/reteism\/index.php\/2022\/07\/05\/i-giubbotti-della-stampa-non-riusciranno-a-proteggerti-i-giornalisti-raccontano-gli-attacchi-dellesercito-israeliano\/\">Continue reading <span class=\"meta-nav\">&rarr;<\/span><\/a><\/p>\n","protected":false},"author":6,"featured_media":0,"comment_status":"open","ping_status":"open","sticky":false,"template":"","format":"standard","meta":{"footnotes":""},"categories":[3,68],"tags":[121,441,442,191,292],"class_list":["post-17292","post","type-post","status-publish","format-standard","hentry","category-info","category-opinioni","tag-giornalisti","tag-shireen","tag-shireen-abu-akleh","tag-violenza-delle-forze-israeliane","tag-violenza-delle-iof"],"_links":{"self":[{"href":"https:\/\/reteitalianaism.it\/reteism\/index.php\/wp-json\/wp\/v2\/posts\/17292","targetHints":{"allow":["GET"]}}],"collection":[{"href":"https:\/\/reteitalianaism.it\/reteism\/index.php\/wp-json\/wp\/v2\/posts"}],"about":[{"href":"https:\/\/reteitalianaism.it\/reteism\/index.php\/wp-json\/wp\/v2\/types\/post"}],"author":[{"embeddable":true,"href":"https:\/\/reteitalianaism.it\/reteism\/index.php\/wp-json\/wp\/v2\/users\/6"}],"replies":[{"embeddable":true,"href":"https:\/\/reteitalianaism.it\/reteism\/index.php\/wp-json\/wp\/v2\/comments?post=17292"}],"version-history":[{"count":1,"href":"https:\/\/reteitalianaism.it\/reteism\/index.php\/wp-json\/wp\/v2\/posts\/17292\/revisions"}],"predecessor-version":[{"id":17300,"href":"https:\/\/reteitalianaism.it\/reteism\/index.php\/wp-json\/wp\/v2\/posts\/17292\/revisions\/17300"}],"wp:attachment":[{"href":"https:\/\/reteitalianaism.it\/reteism\/index.php\/wp-json\/wp\/v2\/media?parent=17292"}],"wp:term":[{"taxonomy":"category","embeddable":true,"href":"https:\/\/reteitalianaism.it\/reteism\/index.php\/wp-json\/wp\/v2\/categories?post=17292"},{"taxonomy":"post_tag","embeddable":true,"href":"https:\/\/reteitalianaism.it\/reteism\/index.php\/wp-json\/wp\/v2\/tags?post=17292"}],"curies":[{"name":"wp","href":"https:\/\/api.w.org\/{rel}","templated":true}]}}