{"id":17339,"date":"2022-07-14T21:36:09","date_gmt":"2022-07-14T19:36:09","guid":{"rendered":"http:\/\/reteitalianaism.it\/reteism\/?p=17339"},"modified":"2022-07-14T21:37:27","modified_gmt":"2022-07-14T19:37:27","slug":"stati-uniti-e-israele-firmano-una-dichiarazione-congiunta-giurano-di-contrastare-liran-nucleare","status":"publish","type":"post","link":"https:\/\/reteitalianaism.it\/reteism\/index.php\/2022\/07\/14\/stati-uniti-e-israele-firmano-una-dichiarazione-congiunta-giurano-di-contrastare-liran-nucleare\/","title":{"rendered":"Stati Uniti e Israele firmano una dichiarazione congiunta, giurano di contrastare l&#8217;Iran nucleare"},"content":{"rendered":"<p style=\"text-align: justify;\"><a href=\"https:\/\/www.middleeasteye.net\/news\/us-israel-sign-joint-declaration-vow-counter-nuclear-iran\">https:\/\/www.middleeasteye.net\/<\/a><\/p>\n<p style=\"text-align: justify;\"><strong>14 luglio 2022<\/strong><\/p>\n<p style=\"text-align: justify;\">Washington condanna gli &#8220;attacchi terroristici contro cittadini israeliani&#8221; ma non fa menzione degli abusi israeliani contro i palestinesi.<\/p>\n<div id=\"attachment_17340\" style=\"width: 503px\" class=\"wp-caption aligncenter\"><a href=\"http:\/\/reteitalianaism.it\/reteism\/index.php\/2022\/07\/14\/stati-uniti-e-israele-firmano-una-dichiarazione-congiunta-giurano-di-contrastare-liran-nucleare\/us-israel-biden-lapid-agreement-july-2022-afp\/\" rel=\"attachment wp-att-17340\"><img loading=\"lazy\" decoding=\"async\" aria-describedby=\"caption-attachment-17340\" class=\" wp-image-17340\" src=\"http:\/\/reteitalianaism.it\/reteism\/wp-content\/uploads\/2022\/07\/us-israel-biden-lapid-agreement-july-2022-afp-300x169.jpeg\" alt=\"\" width=\"493\" height=\"278\" srcset=\"https:\/\/reteitalianaism.it\/reteism\/wp-content\/uploads\/2022\/07\/us-israel-biden-lapid-agreement-july-2022-afp-300x169.jpeg 300w, https:\/\/reteitalianaism.it\/reteism\/wp-content\/uploads\/2022\/07\/us-israel-biden-lapid-agreement-july-2022-afp-1024x576.jpeg 1024w, https:\/\/reteitalianaism.it\/reteism\/wp-content\/uploads\/2022\/07\/us-israel-biden-lapid-agreement-july-2022-afp-768x432.jpeg 768w, https:\/\/reteitalianaism.it\/reteism\/wp-content\/uploads\/2022\/07\/us-israel-biden-lapid-agreement-july-2022-afp.jpeg 1400w\" sizes=\"auto, (max-width: 493px) 100vw, 493px\" \/><\/a><p id=\"caption-attachment-17340\" class=\"wp-caption-text\">Il presidente degli Stati Uniti Joe Biden e il primo ministro israeliano Yair Lapid firmano un impegno di sicurezza a Gerusalemme.<\/p><\/div>\n<p style=\"text-align: justify;\">Il presidente degli Stati Uniti Joe Biden e il primo ministro israeliano Yair Lapid hanno firmato gioved\u00ec un accordo di partenariato strategico bilaterale, in cui Washington ha affermato che utilizzer\u00e0 &#8220;tutti gli elementi del suo potere nazionale&#8221; per impedire all&#8217;Iran di ottenere un&#8217;arma nucleare.<\/p>\n<p style=\"text-align: justify;\">L&#8217;accordo, firmato dai due leader durante la visita di Biden in Israele, delinea una serie di questioni di partenariato bilaterale, dal promuovere la normalizzazione di Israele con i paesi arabi all&#8217;assicurare un programma di esenzione dal visto per gli israeliani che entrano negli Stati Uniti.<!--more--><\/p>\n<p style=\"text-align: justify;\">La visita di Biden in Medio Oriente significa una maggiore repressione per i palestinesi e gli attivisti del Golfo, affermano gli esperti.<\/p>\n<p>In prima linea nell&#8217;accordo c&#8217;era l&#8217;impegno degli Stati Uniti a contrastare il programma nucleare iraniano, una preoccupazione evidenziata nell&#8217;ultimo anno da Israele e da un certo numero di paesi del Golfo Arabo, tra cui l&#8217;Arabia Saudita e gli Emirati Arabi Uniti. L&#8217;Iran nega di cercare armi nucleari e ha affermato che le sue ricerche nucleari sono esclusivamente per i suoi bisogni energetici.<\/p>\n<p style=\"text-align: justify;\">&#8220;Gli Stati Uniti sottolineano che parte integrante di questo impegno \u00e8 l&#8217;impegno a non consentire mai all&#8217;Iran di acquisire un&#8217;arma nucleare e che sono disposti a utilizzare tutti gli elementi del loro potere nazionale per garantire tale risultato&#8221;, si legge nella dichiarazione.<\/p>\n<p style=\"text-align: justify;\">La dichiarazione arriva nel mezzo di colloqui nucleari in stallo con l&#8217;Iran, in cui l&#8217;amministrazione Biden e l&#8217;amministrazione del presidente iraniano Ibrahim Raisi hanno cercato per mesi di ottenere un&#8217;intesa per tornare all&#8217;accordo del 2015, che l&#8217;ex presidente degli Stati Uniti Donald Trump ha abbandonato unilateralmente nel 2018.<\/p>\n<p style=\"text-align: justify;\">&#8220;Continuo a credere che la diplomazia sia il modo migliore per raggiungere questo risultato&#8221;, ha detto Biden durante una conferenza stampa con Lapid a Gerusalemme, ma ha aggiunto che &#8220;continueremo a lavorare con Israele per contrastare altre minacce provenienti dall&#8217;Iran in tutta la regione &#8220;.<\/p>\n<p style=\"text-align: justify;\">Comprendeva anche l&#8217;impegno degli Stati Uniti a continuare a svolgere un ruolo attivo nell&#8217;ulteriore avanzamento degli accordi di normalizzazione mediati da Trump tra Israele e quattro paesi arabi: Emirati Arabi Uniti, Bahrain, Marocco e Sudan.<\/p>\n<p style=\"text-align: justify;\">La dichiarazione ha osservato che questo problema far\u00e0 parte della visita di Biden in Arabia Saudita alla fine di questa settimana, sebbene il presidente degli Stati Uniti abbia anche affermato che la piena normalizzazione tra Riyadh e Israele \u00e8 un passo lontano da ora.<\/p>\n<p style=\"text-align: justify;\">&#8220;Quando domani vedr\u00f2 la leadership saudita, porter\u00f2 un messaggio diretto, un messaggio di pace e straordinarie opportunit\u00e0 che una regione integrata pi\u00f9 stabile potrebbe portare alla regione e, francamente, al mondo intero&#8221;, ha detto Biden durante il conferenza stampa.<\/p>\n<p style=\"text-align: justify;\"><strong>Appello congiunto contro il movimento BDS<\/strong><br \/>\nNella dichiarazione di gioved\u00ec, gli Stati Uniti e Israele hanno anche concordato di combattere il movimento a guida palestinese per il boicottaggio, il disinvestimento e le sanzioni (BDS), una campagna che \u00e8 stata elevata alla scena nazionale nella politica americana.<\/p>\n<p style=\"text-align: justify;\">&#8220;Gli Stati Uniti e Israele affermano che continueranno a lavorare insieme per combattere tutti gli sforzi per boicottare o delegittimare Israele, per negare il suo diritto all&#8217;autodifesa o per individuarlo ingiustamente in qualsiasi forum, comprese le Nazioni Unite o la Corte penale internazionale&#8221;, si legge nella nota.<\/p>\n<p style=\"text-align: justify;\">&#8220;Pur rispettando pienamente il diritto alla libert\u00e0 di espressione, respingono fermamente la campagna BDS&#8221;.<\/p>\n<p style=\"text-align: justify;\">Negli ultimi anni, il movimento BDS \u00e8 stato portato all&#8217;attenzione nazionale, con pi\u00f9 di 30 stati degli Stati Uniti che hanno approvato una legislazione che richiede agli appaltatori statali di firmare un impegno a non boicottare Israele. Le legislazioni sono state accolte con azioni legali in un certo numero di questi stati, in cui le organizzazioni per i diritti umani sostengono che le leggi violano le leggi statunitensi sulla libert\u00e0 di parola.<\/p>\n<p style=\"text-align: justify;\">La questione del boicottaggio di Israele \u00e8 entrata nella mischia anche l&#8217;anno scorso, quando il produttore di gelato Ben &amp; Jerry&#8217;s con sede nel Vermont ha annunciato che non avrebbe pi\u00f9 venduto i suoi prodotti negli insediamenti israeliani nella Cisgiordania occupata. Mentre Ben &amp; Jerry&#8217;s ha sottolineato che avrebbe continuato a operare in Israele, la notizia \u00e8 stata accolta con condanna sia dai leader israeliani che dagli stati statunitensi, accusando la compagnia di boicottare Israele.<\/p>\n<p style=\"text-align: justify;\">La dichiarazione di gioved\u00ec ha riaffermato il sostegno alla soluzione dei due stati per israeliani e palestinesi, ma l&#8217;amministrazione Biden \u00e8 stata criticata dai sostenitori palestinesi per non aver prestato attenzione alla difficile situazione dei palestinesi.<\/p>\n<p style=\"text-align: justify;\">La visita di Biden \u00e8 stata vista da molti palestinesi come un&#8217;estensione della decennale fedelt\u00e0 di Washington a Israele\u00a0a scapito dei diritti e della libert\u00e0 dei palestinesi.<\/p>\n<p style=\"text-align: justify;\">La dichiarazione di gioved\u00ec afferma anche che Stati Uniti e Israele &#8220;condannano la deplorevole serie di attacchi terroristici contro cittadini israeliani negli ultimi mesi e affermano la necessit\u00e0 di confrontarsi con forze radicali, come Hamas&#8221;, ma non menzionano gli abusi israeliani contro i palestinesi.<\/p>\n<p style=\"text-align: justify;\">Biden visiter\u00e0 venerd\u00ec i territori palestinesi occupati da Israele, dove incontrer\u00e0 il presidente dell&#8217;Autorit\u00e0 palestinese Mahmoud Abbas e altri leader palestinesi. Tuttavia, non \u00e8 chiaro se l&#8217;uccisione della giornalista palestinese Shireen Abu Akleh sar\u00e0 menzionata durante il loro incontro.<\/p>\n<p style=\"text-align: justify;\">Abu Akleh, giornalista veterana di Al Jazeera arabo e cittadina statunitense, \u00e8 stato ucciso a colpi di arma da fuoco dalle forze israeliane a maggio mentre seguiva un raid israeliano nella citt\u00e0 palestinese di Jenin. Gli Stati Uniti hanno concluso all&#8217;inizio di questo mese che Abu Akleh \u00e8 stata uccisa per &#8220;incidente&#8221;, in una dichiarazione che ha indignato i palestinesi.<\/p>\n<p style=\"text-align: justify;\">Dimitri Diliani, un membro anziano del partito Fatah di Abbas che sostiene una fazione anti-Abbas, ha detto al Washington Post che Abbas non dovrebbe sollevare il caso dell&#8217;omicidio di Abu Akleh.<\/p>\n<p style=\"text-align: justify;\">&#8220;Gli Stati Uniti, e quindi l&#8217;Autorit\u00e0 Palestinese, hanno deciso di vendere il sangue di Shireen e dei cittadini americani per sostenere l&#8217;insabbiamento israeliano&#8221;, ha detto Diliani.<\/p>\n<p style=\"text-align: justify;\">Gli Stati Uniti non hanno accettato l&#8217;invito della famiglia di Abu Akleh a incontrarsi durante la sua visita, ma il Dipartimento di Stato ha invece invitato la famiglia a incontrarsi a Washington.<\/p>\n","protected":false},"excerpt":{"rendered":"<p>https:\/\/www.middleeasteye.net\/ 14 luglio 2022 Washington condanna gli &#8220;attacchi terroristici contro cittadini israeliani&#8221; ma non fa menzione degli abusi israeliani contro i palestinesi. Il presidente degli Stati Uniti Joe Biden e il primo ministro israeliano Yair Lapid hanno firmato gioved\u00ec un &hellip; <a href=\"https:\/\/reteitalianaism.it\/reteism\/index.php\/2022\/07\/14\/stati-uniti-e-israele-firmano-una-dichiarazione-congiunta-giurano-di-contrastare-liran-nucleare\/\">Continue reading <span class=\"meta-nav\">&rarr;<\/span><\/a><\/p>\n","protected":false},"author":2,"featured_media":0,"comment_status":"open","ping_status":"open","sticky":false,"template":"","format":"standard","meta":{"footnotes":""},"categories":[3],"tags":[23,37],"class_list":["post-17339","post","type-post","status-publish","format-standard","hentry","category-info","tag-diritti-umani","tag-occupazione"],"_links":{"self":[{"href":"https:\/\/reteitalianaism.it\/reteism\/index.php\/wp-json\/wp\/v2\/posts\/17339","targetHints":{"allow":["GET"]}}],"collection":[{"href":"https:\/\/reteitalianaism.it\/reteism\/index.php\/wp-json\/wp\/v2\/posts"}],"about":[{"href":"https:\/\/reteitalianaism.it\/reteism\/index.php\/wp-json\/wp\/v2\/types\/post"}],"author":[{"embeddable":true,"href":"https:\/\/reteitalianaism.it\/reteism\/index.php\/wp-json\/wp\/v2\/users\/2"}],"replies":[{"embeddable":true,"href":"https:\/\/reteitalianaism.it\/reteism\/index.php\/wp-json\/wp\/v2\/comments?post=17339"}],"version-history":[{"count":3,"href":"https:\/\/reteitalianaism.it\/reteism\/index.php\/wp-json\/wp\/v2\/posts\/17339\/revisions"}],"predecessor-version":[{"id":17343,"href":"https:\/\/reteitalianaism.it\/reteism\/index.php\/wp-json\/wp\/v2\/posts\/17339\/revisions\/17343"}],"wp:attachment":[{"href":"https:\/\/reteitalianaism.it\/reteism\/index.php\/wp-json\/wp\/v2\/media?parent=17339"}],"wp:term":[{"taxonomy":"category","embeddable":true,"href":"https:\/\/reteitalianaism.it\/reteism\/index.php\/wp-json\/wp\/v2\/categories?post=17339"},{"taxonomy":"post_tag","embeddable":true,"href":"https:\/\/reteitalianaism.it\/reteism\/index.php\/wp-json\/wp\/v2\/tags?post=17339"}],"curies":[{"name":"wp","href":"https:\/\/api.w.org\/{rel}","templated":true}]}}