{"id":17354,"date":"2022-07-17T19:38:23","date_gmt":"2022-07-17T17:38:23","guid":{"rendered":"http:\/\/reteitalianaism.it\/reteism\/?p=17354"},"modified":"2022-07-17T19:38:23","modified_gmt":"2022-07-17T17:38:23","slug":"biden-afferma-che-gli-stati-uniti-attribuiranno-la-responsabilita-per-la-morte-di-abu-akleh","status":"publish","type":"post","link":"https:\/\/reteitalianaism.it\/reteism\/index.php\/2022\/07\/17\/biden-afferma-che-gli-stati-uniti-attribuiranno-la-responsabilita-per-la-morte-di-abu-akleh\/","title":{"rendered":"Biden afferma che gli Stati Uniti attribuiranno la responsabilit\u00e0 per la morte di Abu Akleh"},"content":{"rendered":"<p>17 luglio 2022<\/p>\n<p><a href=\"https:\/\/qudsnen.co\/biden-claims-us-will-achieve-accountability-for-abu-akleh-shooting-death\/\">https:\/\/qudsnen.co\/biden-claims-us-will-achieve-accountability-for-abu-akleh-shooting-death\/<\/a><\/p>\n<div id=\"attachment_17355\" style=\"width: 471px\" class=\"wp-caption aligncenter\"><a href=\"http:\/\/reteitalianaism.it\/reteism\/wp-content\/uploads\/2022\/07\/9605A83E-65F5-4CCB-927F-0FA41A94F5FB-1024x682-1.jpeg\"><img loading=\"lazy\" decoding=\"async\" aria-describedby=\"caption-attachment-17355\" class=\" wp-image-17355\" src=\"http:\/\/reteitalianaism.it\/reteism\/wp-content\/uploads\/2022\/07\/9605A83E-65F5-4CCB-927F-0FA41A94F5FB-1024x682-1-300x200.jpeg\" alt=\"\" width=\"461\" height=\"307\" srcset=\"https:\/\/reteitalianaism.it\/reteism\/wp-content\/uploads\/2022\/07\/9605A83E-65F5-4CCB-927F-0FA41A94F5FB-1024x682-1-300x200.jpeg 300w, https:\/\/reteitalianaism.it\/reteism\/wp-content\/uploads\/2022\/07\/9605A83E-65F5-4CCB-927F-0FA41A94F5FB-1024x682-1-768x512.jpeg 768w, https:\/\/reteitalianaism.it\/reteism\/wp-content\/uploads\/2022\/07\/9605A83E-65F5-4CCB-927F-0FA41A94F5FB-1024x682-1.jpeg 1024w\" sizes=\"auto, (max-width: 461px) 100vw, 461px\" \/><\/a><p id=\"caption-attachment-17355\" class=\"wp-caption-text\">Un giornalista palestinese protesta contro la morte della giornalista veterana di Al Jazeera Shireen Abu Akleh durante una manifestazione a Betlemme, l&#8217;11 maggio 2022 (AFP)<\/p><\/div>\n<p>Betlemme (QNN)- Il presidente degli Stati Uniti Joe Biden ha affermato venerd\u00ec che il governo degli Stati Uniti sta insistendo per attribuire la responsabilit\u00e0 per l&#8217;uccisione a colpi di arma da fuoco della giornalista palestinese-americana di Al Jazeera Shireen Abu Akleh.<\/p>\n<p>&#8220;Gli Stati Uniti continueranno a insistere su un resoconto completo e trasparente della sua morte e continueranno a difendere la libert\u00e0 dei media in tutto il mondo&#8221;, ha detto Biden venerd\u00ec in una conferenza stampa congiunta con il presidente dell&#8217;Autorit\u00e0 Palestinese (AP) Mahmoud Abbas tenutasi presso il complesso presidenziale dell&#8217;Autorit\u00e0 Palestinese a Betlemme, nella Cisgiordania occupata meridionale, durante il tour di quattro giorni di Biden nella regione del Medio Oriente tra il 13 e il 16 luglio.<!--more--><\/p>\n<p>Nonostante indossasse un elmetto protettivo e un giubbotto antiproiettile blu chiaramente contrassegnati come &#8220;PRESS&#8221;, la giornalista 51enne \u00e8 stata colpita alla testa dalle forze israeliane mentre stava documentando un raid militare israeliano nel campo profughi di Jenin l&#8217;11 maggio. suscitando indignazione internazionale, e chiede responsabilit\u00e0 per gli attacchi ai giornalisti. Il giornalista ucciso ha seguito per 25 anni gli eventi e le aggressioni israeliane nel territorio palestinese occupato.<\/p>\n<p>Tuttavia, il presidente degli Stati Uniti non ha menzionato la responsabilit\u00e0 di Israele per l&#8217;uccisione del giornalista veterano.<\/p>\n<p>&#8220;Era una cittadina americana e un&#8217;orgogliosa palestinese&#8221;, ha detto Biden. &#8220;Spero che la sua eredit\u00e0 ispiri pi\u00f9 giovani a portare avanti il \u200b\u200bsuo lavoro di denunciare la verit\u00e0 e raccontare storie che troppo spesso vengono trascurate&#8221;.<\/p>\n<p>Prima della visita di Biden, attivisti, volontari e giornalisti hanno affisso cartelloni pubblicitari e grandi striscioni di Abu Akleh a Betlemme. Decine di palestinesi hanno anche protestato a circa un chilometro dal complesso presidenziale dell&#8217;Autorit\u00e0 Palestinese.<\/p>\n","protected":false},"excerpt":{"rendered":"<p>17 luglio 2022 https:\/\/qudsnen.co\/biden-claims-us-will-achieve-accountability-for-abu-akleh-shooting-death\/ Betlemme (QNN)- Il presidente degli Stati Uniti Joe Biden ha affermato venerd\u00ec che il governo degli Stati Uniti sta insistendo per attribuire la responsabilit\u00e0 per l&#8217;uccisione a colpi di arma da fuoco della giornalista palestinese-americana di &hellip; <a href=\"https:\/\/reteitalianaism.it\/reteism\/index.php\/2022\/07\/17\/biden-afferma-che-gli-stati-uniti-attribuiranno-la-responsabilita-per-la-morte-di-abu-akleh\/\">Continue reading <span class=\"meta-nav\">&rarr;<\/span><\/a><\/p>\n","protected":false},"author":6,"featured_media":0,"comment_status":"open","ping_status":"open","sticky":false,"template":"","format":"standard","meta":{"footnotes":""},"categories":[3],"tags":[9,153,442],"class_list":["post-17354","post","type-post","status-publish","format-standard","hentry","category-info","tag-apartheid","tag-liberta-di-espressione","tag-shireen-abu-akleh"],"_links":{"self":[{"href":"https:\/\/reteitalianaism.it\/reteism\/index.php\/wp-json\/wp\/v2\/posts\/17354","targetHints":{"allow":["GET"]}}],"collection":[{"href":"https:\/\/reteitalianaism.it\/reteism\/index.php\/wp-json\/wp\/v2\/posts"}],"about":[{"href":"https:\/\/reteitalianaism.it\/reteism\/index.php\/wp-json\/wp\/v2\/types\/post"}],"author":[{"embeddable":true,"href":"https:\/\/reteitalianaism.it\/reteism\/index.php\/wp-json\/wp\/v2\/users\/6"}],"replies":[{"embeddable":true,"href":"https:\/\/reteitalianaism.it\/reteism\/index.php\/wp-json\/wp\/v2\/comments?post=17354"}],"version-history":[{"count":1,"href":"https:\/\/reteitalianaism.it\/reteism\/index.php\/wp-json\/wp\/v2\/posts\/17354\/revisions"}],"predecessor-version":[{"id":17356,"href":"https:\/\/reteitalianaism.it\/reteism\/index.php\/wp-json\/wp\/v2\/posts\/17354\/revisions\/17356"}],"wp:attachment":[{"href":"https:\/\/reteitalianaism.it\/reteism\/index.php\/wp-json\/wp\/v2\/media?parent=17354"}],"wp:term":[{"taxonomy":"category","embeddable":true,"href":"https:\/\/reteitalianaism.it\/reteism\/index.php\/wp-json\/wp\/v2\/categories?post=17354"},{"taxonomy":"post_tag","embeddable":true,"href":"https:\/\/reteitalianaism.it\/reteism\/index.php\/wp-json\/wp\/v2\/tags?post=17354"}],"curies":[{"name":"wp","href":"https:\/\/api.w.org\/{rel}","templated":true}]}}