{"id":17434,"date":"2022-08-01T16:08:10","date_gmt":"2022-08-01T14:08:10","guid":{"rendered":"http:\/\/reteitalianaism.it\/reteism\/?p=17434"},"modified":"2022-08-01T16:08:10","modified_gmt":"2022-08-01T14:08:10","slug":"un-palestinese-disabile-colpito-dallesercito-israeliano-muore-per-le-ferite-riportate","status":"publish","type":"post","link":"https:\/\/reteitalianaism.it\/reteism\/index.php\/2022\/08\/01\/un-palestinese-disabile-colpito-dallesercito-israeliano-muore-per-le-ferite-riportate\/","title":{"rendered":"Un palestinese disabile colpito dall&#8217;esercito israeliano muore per le ferite riportate"},"content":{"rendered":"<p style=\"text-align: justify;\"><strong><a href=\"https:\/\/www.middleeasteye.net\/news\/disabled-palestinian-israel-army-shot-dies-wounds\">https:\/\/www.middleeasteye.net\/<\/a>\u00a0 \u00a0 \u00a0 \u00a0 \u00a0 \u00a0 \u00a030 luglio 2022<\/strong><\/p>\n<p style=\"text-align: justify;\">Hussein Qawariq, descritto dalla famiglia come affetto da un &#8220;disturbo mentale&#8221;, \u00e8 stato colpito a colpi di arma da fuoco marted\u00ec al posto di blocco vicino a Nablus.<\/p>\n<div style=\"width: 509px\" class=\"wp-caption alignnone\"><img loading=\"lazy\" decoding=\"async\" src=\"https:\/\/www.middleeasteye.net\/sites\/default\/files\/styles\/article_page\/public\/images-story\/Israeli%20army%20soldiers%20confront%20journalists%20approaching%20the%20Israeli-controlled%20Huwara%20checkpoint%20after%20an%20attempted%20stabbing%20attack%20there%2C%20near%20Nablus%20in%20the%20occupied%20West%20Bank%20on%20May%2017%2C%202022.jpg?itok=kMdyJaR6\" alt=\"Israeli army soldiers manning the Huwara checkpoint near Nablus in the occupied West Bank on 17 May 2022 (AFP)\" width=\"499\" height=\"332\" \/><p class=\"wp-caption-text\">Soldati dell&#8217;esercito israeliano che presidiano il checkpoint di Huwara vicino a Nablus nella Cisgiordania occupata il 17 maggio 2022 (AFP)<\/p><\/div>\n<p style=\"text-align: justify;\">Un uomo palestinese, descritto come sospetto dall&#8217;esercito israeliano e come disabile mentale dalla sua famiglia, \u00e8 morto sabato, quattro giorni dopo essere stato colpito dai soldati israeliani a un posto di blocco.<!--more--><\/p>\n<p style=\"text-align: justify;\">Hussein Qawariq, 59 anni, del villaggio di Awarta, \u00e8 stato colpito marted\u00ec dalle forze israeliane che presidiavano un posto di blocco a Huwara, vicino alla citt\u00e0 di Nablus, in Cisgiordania, ha affermato il ministero della salute palestinese.<\/p>\n<p style=\"text-align: justify;\">L&#8217;esercito israeliano ha detto all&#8217;AFP che i soldati &#8220;hanno avvistato un sospetto che si avvicinava a loro in una postazione militare&#8221; e inizialmente hanno sparato in aria senza &#8220;aver ricevuto risposta&#8221;.<\/p>\n<p style=\"text-align: justify;\">&#8220;Il sospetto ha continuato ad avvicinarsi ai soldati, che hanno risposto con il fuoco verso di lui. \u00c8 stato identificato un colpo&#8221;, ha detto l&#8217;esercito.<\/p>\n<p style=\"text-align: justify;\">Il sindaco di Huwara, Wajih Odeh, ha affermato che Qawariq era &#8220;disabile mentale&#8221;. Egli &#8220;raccoglieva bottiglie e lattine per strada e chiedeva soldi alle aziende della zona&#8221;, ha detto.<\/p>\n<p style=\"text-align: justify;\">Anche la famiglia di Qawariq ha detto che aveva un &#8220;disturbo mentale&#8221;, ha riferito l&#8217;agenzia di stampa palestinese WAFA. \u00c8 morto per le ferite riportate nel Rabin Medical Center in Israele, ha aggiunto.<\/p>\n<p style=\"text-align: justify;\">L&#8217;esercito ha detto che stava esaminando la sparatoria mortale.<\/p>\n<p style=\"text-align: justify;\">Almeno 54 palestinesi sono stati uccisi dalla fine di marzo, per lo pi\u00f9 in Cisgiordania. Hanno incluso sospetti militanti e anche non combattenti, tra cui il giornalista di Al Jazeera Shireen Abu Akleh, con doppia nazionalit\u00e0 palestinese-americana, che stava seguendo un raid israeliano a Jenin.<\/p>\n","protected":false},"excerpt":{"rendered":"<p>https:\/\/www.middleeasteye.net\/\u00a0 \u00a0 \u00a0 \u00a0 \u00a0 \u00a0 \u00a030 luglio 2022 Hussein Qawariq, descritto dalla famiglia come affetto da un &#8220;disturbo mentale&#8221;, \u00e8 stato colpito a colpi di arma da fuoco marted\u00ec al posto di blocco vicino a Nablus. Un uomo palestinese, &hellip; <a href=\"https:\/\/reteitalianaism.it\/reteism\/index.php\/2022\/08\/01\/un-palestinese-disabile-colpito-dallesercito-israeliano-muore-per-le-ferite-riportate\/\">Continue reading <span class=\"meta-nav\">&rarr;<\/span><\/a><\/p>\n","protected":false},"author":2,"featured_media":0,"comment_status":"open","ping_status":"open","sticky":false,"template":"","format":"standard","meta":{"footnotes":""},"categories":[3],"tags":[23,34,150],"class_list":["post-17434","post","type-post","status-publish","format-standard","hentry","category-info","tag-diritti-umani","tag-nablus","tag-violenza-dellesercito"],"_links":{"self":[{"href":"https:\/\/reteitalianaism.it\/reteism\/index.php\/wp-json\/wp\/v2\/posts\/17434","targetHints":{"allow":["GET"]}}],"collection":[{"href":"https:\/\/reteitalianaism.it\/reteism\/index.php\/wp-json\/wp\/v2\/posts"}],"about":[{"href":"https:\/\/reteitalianaism.it\/reteism\/index.php\/wp-json\/wp\/v2\/types\/post"}],"author":[{"embeddable":true,"href":"https:\/\/reteitalianaism.it\/reteism\/index.php\/wp-json\/wp\/v2\/users\/2"}],"replies":[{"embeddable":true,"href":"https:\/\/reteitalianaism.it\/reteism\/index.php\/wp-json\/wp\/v2\/comments?post=17434"}],"version-history":[{"count":1,"href":"https:\/\/reteitalianaism.it\/reteism\/index.php\/wp-json\/wp\/v2\/posts\/17434\/revisions"}],"predecessor-version":[{"id":17435,"href":"https:\/\/reteitalianaism.it\/reteism\/index.php\/wp-json\/wp\/v2\/posts\/17434\/revisions\/17435"}],"wp:attachment":[{"href":"https:\/\/reteitalianaism.it\/reteism\/index.php\/wp-json\/wp\/v2\/media?parent=17434"}],"wp:term":[{"taxonomy":"category","embeddable":true,"href":"https:\/\/reteitalianaism.it\/reteism\/index.php\/wp-json\/wp\/v2\/categories?post=17434"},{"taxonomy":"post_tag","embeddable":true,"href":"https:\/\/reteitalianaism.it\/reteism\/index.php\/wp-json\/wp\/v2\/tags?post=17434"}],"curies":[{"name":"wp","href":"https:\/\/api.w.org\/{rel}","templated":true}]}}