{"id":17521,"date":"2022-08-21T15:56:45","date_gmt":"2022-08-21T13:56:45","guid":{"rendered":"http:\/\/reteitalianaism.it\/reteism\/?p=17521"},"modified":"2022-08-30T22:00:29","modified_gmt":"2022-08-30T20:00:29","slug":"perche-il-mondo-e-cosi-indifferente-a-gaza","status":"publish","type":"post","link":"https:\/\/reteitalianaism.it\/reteism\/index.php\/2022\/08\/21\/perche-il-mondo-e-cosi-indifferente-a-gaza\/","title":{"rendered":"Perch\u00e9 il mondo \u00e8 cos\u00ec indifferente a Gaza?"},"content":{"rendered":"<p><a href=\"https:\/\/electronicintifada.net\/content\/why-world-so-indifferent-gaza\/36146\">https:\/\/electronicintifada.net\/<\/a><br \/>\n<strong>19 agosto 2022<\/strong>\u00a0 \u00a0 \u00a0 \u00a0 \u00a0 \u00a0 \u00a0 <em>Ghada Al-Haddad\u00a0<\/em><\/p>\n<div id=\"attachment_17522\" style=\"width: 507px\" class=\"wp-caption aligncenter\"><a href=\"http:\/\/reteitalianaism.it\/reteism\/index.php\/2022\/08\/21\/perche-il-mondo-e-cosi-indifferente-a-gaza\/khanyounisbombdamage\/\" rel=\"attachment wp-att-17522\"><img loading=\"lazy\" decoding=\"async\" aria-describedby=\"caption-attachment-17522\" class=\"wp-image-17522\" src=\"http:\/\/reteitalianaism.it\/reteism\/wp-content\/uploads\/2022\/08\/khanyounisbombdamage-300x200.jpeg\" alt=\"\" width=\"497\" height=\"331\" srcset=\"https:\/\/reteitalianaism.it\/reteism\/wp-content\/uploads\/2022\/08\/khanyounisbombdamage-300x200.jpeg 300w, https:\/\/reteitalianaism.it\/reteism\/wp-content\/uploads\/2022\/08\/khanyounisbombdamage-768x512.jpeg 768w, https:\/\/reteitalianaism.it\/reteism\/wp-content\/uploads\/2022\/08\/khanyounisbombdamage.jpeg 800w\" sizes=\"auto, (max-width: 497px) 100vw, 497px\" \/><\/a><p id=\"caption-attachment-17522\" class=\"wp-caption-text\">Un uomo mostra un disegno dall&#8217;interno di una casa danneggiata dall&#8217;ultimo assalto israeliano a Gaza. Immagini Ashraf AmraAPA<\/p><\/div>\n<p>Era circa l&#8217;orario delle preghiere pomeridiane quando mia sorella ha chiamato per avvertirci che c&#8217;era un&#8217;escalation, che la situazione sembrava pericolosa.<\/p>\n<p style=\"text-align: justify;\">\u00abAbbi cura di te\u00bb disse con voce tremante.<\/p>\n<p style=\"text-align: justify;\">\u201cDi nuovo guerra\u201d, sospir\u00f2 mio nipote, appena 16enne.<\/p>\n<p style=\"text-align: justify;\">La mia famiglia avrebbe dovuto fare visita a mia zia per congratularsi con lei per i risultati del tawjihi, o liceo, di sua figlia, che erano stati annunciati due settimane prima.<!--more--><\/p>\n<p style=\"text-align: justify;\">Questo era il piano.<\/p>\n<p style=\"text-align: justify;\">Ma i piani a Gaza si trasformano in polvere, proprio come gli edifici bombardati da Israele. E il bombardamento inizi\u00f2 quel venerd\u00ec, 5 agosto. Per i giorni successivi abbiamo vissuto in un&#8217;emergenza fin troppo familiare.<\/p>\n<p style=\"text-align: justify;\">All&#8217;improvviso, abbiamo dovuto annullare tutti i piani. Abbiamo deciso di restare a casa. Mio fratello ha acceso la radio. Odio la radio, \u00e8 sempre una brutta notizia. L&#8217;ho spenta. Mio fratello l&#8217;ha riaccesa. Sono scappato sui social. Tutti i feed di notizie dei miei amici erano pieni di post spaventosi su ci\u00f2 che stava arrivando.<\/p>\n<p style=\"text-align: justify;\">Soprattutto, i droni hanno iniziato a librarsi e ronzare. La colonna sonora che provocava ansia \u00e8 diventata sempre pi\u00f9 forte.<\/p>\n<p style=\"text-align: justify;\">Molti dei miei nipoti e nipoti erano in giro. Mi sono avvicinato per ascoltare la loro conversazione.<\/p>\n<p style=\"text-align: justify;\">&#8220;A quante guerre hai assistito?&#8221; uno ha chiesto. All&#8217;inizio pensavo stessero scherzando. Non lo erano.<\/p>\n<p style=\"text-align: justify;\">&#8220;Due guerre&#8221;, fu una risposta.<\/p>\n<p style=\"text-align: justify;\">&#8220;Tutte le guerre&#8221;, venne un altro.<\/p>\n<p style=\"text-align: justify;\">&#8220;Tutte le guerre tranne una&#8221;.<\/p>\n<p style=\"text-align: justify;\">&#8220;Ero qui quando \u00e8 scoppiata la guerra del 2014.&#8221;<\/p>\n<p style=\"text-align: justify;\"><strong>Tornare alla normalit\u00e0&#8217;<\/strong><br \/>\nCom&#8217;\u00e8 strano che misuriamo la nostra et\u00e0 dal numero di guerre a cui abbiamo assistito. O meglio, come non \u00e8 strano. L&#8217;aver vissuto guerre ripetute senza alcuna possibilit\u00e0 di riprendersi dal trauma lascia cicatrici emotive. Le persone sono arrabbiate. Le persone diventano ansiose. C&#8217;\u00e8 la depressione. C&#8217;\u00e8 abuso di sostanze.<\/p>\n<p style=\"text-align: justify;\">E ci poniamo domande che vengono da un&#8217;esperienza cos\u00ec amara. Durer\u00e0 quanto la guerra del 2014? Sar\u00e0 breve ma mortale come nel 2012? Sar\u00e0 come il 2021?<\/p>\n<p style=\"text-align: justify;\">La guerra, non importa quanto lunga o breve, \u00e8 guerra. I confronti non riescono a trasmettere che tutte le guerre sono fondamentalmente le stesse.<\/p>\n<p style=\"text-align: justify;\">Come si \u00e8 scoperto, ma come potevamo saperlo? \u2013 la guerra questa volta \u00e8 durata tre giorni. Ma era pur sempre guerra. La guerra riguarda le perdite, riguarda la morte e la distruzione. La guerra \u00e8 paura. La guerra \u00e8 ansia. La guerra \u00e8 impotenza. La guerra \u00e8 orrore. Questo ha mostrato, ancora una volta, la nostra incapacit\u00e0 di proteggere noi stessi, le nostre famiglie e i nostri cari.<\/p>\n<p style=\"text-align: justify;\">L&#8217;ONU ha confermato la morte di un totale di 46 palestinesi, inclusi 17 bambini. Il ministero della salute di Gaza ha riportato 360 feriti, tra cui almeno 151 bambini, 58 donne e 19 anziani.<\/p>\n<p style=\"text-align: justify;\">Pi\u00f9 domande. Le nostre vite sono cos\u00ec a buon mercato che nessuno si preoccupa di loro? Perch\u00e9 il mondo \u00e8 cos\u00ec indifferente a ci\u00f2 che ci sta accadendo, ma cos\u00ec arrabbiato per l&#8217;Ucraina?<\/p>\n<p style=\"text-align: justify;\">Le flagranti violazioni dei diritti umani, le guerre e i bombardamenti quasi costanti a Gaza, insieme al blocco israeliano durato 15 anni e al caos che i soldati israeliani provocano in Cisgiordania, dove i raid violenti sono la norma, hanno reso le nostre vite estremamente difficili, i nostri destini precari e il nostro futuro incerto.<\/p>\n<p style=\"text-align: justify;\">Le notti sono le peggiori. In guerra, la notte incute paura nel tuo cuore. All&#8217;improvviso, le brevi notti estive diventano insopportabilmente lunghe.<\/p>\n<p style=\"text-align: justify;\">Le notti sono per la morte. Sabato \u00e8 stato appena dopo il tramonto che abbiamo sentito del massacro di Rafah che ha ucciso sette persone, una delle quali solo di 13 anni.<\/p>\n<p style=\"text-align: justify;\">Le notti sono per la paura. Mio nipote di un anno e mezzo non smette di saltare in giro, sia dal divano che arrampicandosi in cucina o correndo. Per questo lo chiamiamo &#8220;scimmia&#8221;. Fu sorpreso una volta, quando una forte esplosione colp\u00ec nelle vicinanze. L&#8217;ho tenuto stretto. Potevo sentire il suo cuore battere troppo forte nel suo corpicino.<\/p>\n<p style=\"text-align: justify;\">Si dice che &#8220;tu possiedi il futuro&#8221;. Questo pu\u00f2 essere vero per il resto del mondo. Noi, qui a Gaza, non possediamo nulla, nemmeno domani sera.<\/p>\n<p style=\"text-align: justify;\">Il cessate il fuoco mediato da Egitto e ONU \u00e8 entrato in vigore il 7 agosto alle 23:30. Ci si aspetta di tornare alla &#8220;normalit\u00e0&#8221; come se nulla fosse. Dobbiamo solo far fronte: al trauma, alla paura, alla disoccupazione, alla povert\u00e0, all&#8217;insicurezza, alla mancanza di futuro, alla mancanza di opzioni.<\/p>\n<p style=\"text-align: justify;\">Cosa \u00e8 normale a Gaza? Non ci sono posti di lavoro, non c&#8217;\u00e8 libert\u00e0 di movimento, non ci sono prospettive. L&#8217;elettricit\u00e0 \u00e8 razionata. L&#8217;acqua \u00e8 contaminata e scarsa.<\/p>\n<p style=\"text-align: justify;\"><strong>Normale.<\/strong><\/p>\n<p style=\"text-align: justify;\">Abbiamo controllato tutti i nostri parenti. Abbiamo offerto le nostre condoglianze a coloro che sono in lutto. Sappiamo che questa non \u00e8 l&#8217;ultima volta che il sangue palestinese sar\u00e0 sparso cos\u00ec a buon mercato.<\/p>\n","protected":false},"excerpt":{"rendered":"<p>https:\/\/electronicintifada.net\/ 19 agosto 2022\u00a0 \u00a0 \u00a0 \u00a0 \u00a0 \u00a0 \u00a0 Ghada Al-Haddad\u00a0 Era circa l&#8217;orario delle preghiere pomeridiane quando mia sorella ha chiamato per avvertirci che c&#8217;era un&#8217;escalation, che la situazione sembrava pericolosa. \u00abAbbi cura di te\u00bb disse con voce &hellip; <a href=\"https:\/\/reteitalianaism.it\/reteism\/index.php\/2022\/08\/21\/perche-il-mondo-e-cosi-indifferente-a-gaza\/\">Continue reading <span class=\"meta-nav\">&rarr;<\/span><\/a><\/p>\n","protected":false},"author":2,"featured_media":0,"comment_status":"open","ping_status":"open","sticky":false,"template":"","format":"standard","meta":{"footnotes":""},"categories":[2,3],"tags":[14,25,150],"class_list":["post-17521","post","type-post","status-publish","format-standard","hentry","category-gaza-2","category-info","tag-bombardamento","tag-gaza","tag-violenza-dellesercito"],"_links":{"self":[{"href":"https:\/\/reteitalianaism.it\/reteism\/index.php\/wp-json\/wp\/v2\/posts\/17521","targetHints":{"allow":["GET"]}}],"collection":[{"href":"https:\/\/reteitalianaism.it\/reteism\/index.php\/wp-json\/wp\/v2\/posts"}],"about":[{"href":"https:\/\/reteitalianaism.it\/reteism\/index.php\/wp-json\/wp\/v2\/types\/post"}],"author":[{"embeddable":true,"href":"https:\/\/reteitalianaism.it\/reteism\/index.php\/wp-json\/wp\/v2\/users\/2"}],"replies":[{"embeddable":true,"href":"https:\/\/reteitalianaism.it\/reteism\/index.php\/wp-json\/wp\/v2\/comments?post=17521"}],"version-history":[{"count":2,"href":"https:\/\/reteitalianaism.it\/reteism\/index.php\/wp-json\/wp\/v2\/posts\/17521\/revisions"}],"predecessor-version":[{"id":17524,"href":"https:\/\/reteitalianaism.it\/reteism\/index.php\/wp-json\/wp\/v2\/posts\/17521\/revisions\/17524"}],"wp:attachment":[{"href":"https:\/\/reteitalianaism.it\/reteism\/index.php\/wp-json\/wp\/v2\/media?parent=17521"}],"wp:term":[{"taxonomy":"category","embeddable":true,"href":"https:\/\/reteitalianaism.it\/reteism\/index.php\/wp-json\/wp\/v2\/categories?post=17521"},{"taxonomy":"post_tag","embeddable":true,"href":"https:\/\/reteitalianaism.it\/reteism\/index.php\/wp-json\/wp\/v2\/tags?post=17521"}],"curies":[{"name":"wp","href":"https:\/\/api.w.org\/{rel}","templated":true}]}}