{"id":17529,"date":"2022-08-23T11:33:34","date_gmt":"2022-08-23T09:33:34","guid":{"rendered":"http:\/\/reteitalianaism.it\/reteism\/?p=17529"},"modified":"2022-08-23T11:34:14","modified_gmt":"2022-08-23T09:34:14","slug":"gruppo-per-i-diritti-dei-palestinesi-vuole-protezione-internazionale-per-il-suo-staff","status":"publish","type":"post","link":"https:\/\/reteitalianaism.it\/reteism\/index.php\/2022\/08\/23\/gruppo-per-i-diritti-dei-palestinesi-vuole-protezione-internazionale-per-il-suo-staff\/","title":{"rendered":"Gruppo per i diritti dei palestinesi vuole protezione internazionale per il suo staff"},"content":{"rendered":"<p>23 agosto 2022<\/p>\n<p><a href=\"https:\/\/www.middleeastmonitor.com\/20220822-palestinian-rights-group-wants-international-protection-for-staff\/\">https:\/\/www.middleeastmonitor.com\/20220822-palestinian-rights-group-wants-international-protection-for-staff\/<\/a><\/p>\n<p><div id=\"attachment_17530\" style=\"width: 454px\" class=\"wp-caption aligncenter\"><a href=\"http:\/\/reteitalianaism.it\/reteism\/wp-content\/uploads\/2022\/08\/Capture-1.png\"><img loading=\"lazy\" decoding=\"async\" aria-describedby=\"caption-attachment-17530\" class=\" wp-image-17530\" src=\"http:\/\/reteitalianaism.it\/reteism\/wp-content\/uploads\/2022\/08\/Capture-1-300x192.png\" alt=\"\" width=\"444\" height=\"284\" srcset=\"https:\/\/reteitalianaism.it\/reteism\/wp-content\/uploads\/2022\/08\/Capture-1-300x192.png 300w, https:\/\/reteitalianaism.it\/reteism\/wp-content\/uploads\/2022\/08\/Capture-1-768x491.png 768w, https:\/\/reteitalianaism.it\/reteism\/wp-content\/uploads\/2022\/08\/Capture-1.png 831w\" sizes=\"auto, (max-width: 444px) 100vw, 444px\" \/><\/a><p id=\"caption-attachment-17530\" class=\"wp-caption-text\">Le forze israeliane hanno fatto irruzione e chiuso 7 ONG palestinesi a Ramallah, in Cisgiordania, il 18 agosto 2022 [Issam Rimawi\/Agenzia Anadolu]<\/p><\/div><span class=\"VIiyi\" lang=\"it\"><span class=\"JLqJ4b\" data-language-for-alternatives=\"it\" data-language-to-translate-into=\"en\" data-phrase-index=\"0\" data-number-of-phrases=\"1\"><span class=\"Q4iAWc\">Un noto gruppo per i diritti dei palestinesi ha chiesto luned\u00ec alla comunit\u00e0 internazionale di intervenire immediatamente per proteggere i gruppi della societ\u00e0 civile palestinese e il loro personale presi di mira dalle autorit\u00e0 di occupazione israeliane. <\/span><\/span><\/span><\/p>\n<p><span class=\"VIiyi\" lang=\"it\"><span class=\"JLqJ4b\" data-language-for-alternatives=\"it\" data-language-to-translate-into=\"en\" data-phrase-index=\"0\" data-number-of-phrases=\"1\"><span class=\"Q4iAWc\">Ai capi dei principali gruppi per i diritti umani nella Palestina occupata \u00e8 stato detto dall&#8217;agenzia di sicurezza interna israeliana, lo Shin Bet, di interrompere i loro legami con le organizzazioni &#8220;o altro&#8221;.\u00a0 <\/span><\/span><\/span><\/p>\n<p><span class=\"VIiyi\" lang=\"it\"><span class=\"JLqJ4b\" data-language-for-alternatives=\"it\" data-language-to-translate-into=\"en\" data-phrase-index=\"0\" data-number-of-phrases=\"1\"><span class=\"Q4iAWc\">Ci\u00f2 segue i raid delle forze di occupazione israeliane negli uffici di sette gruppi per i diritti dei palestinesi che sono stati dichiarati lo scorso ottobre dal ministro della Difesa israeliano Benny Gantz come &#8220;entit\u00e0 terroristiche&#8221;. <\/span><\/span><\/span><!--more--><\/p>\n<p><span class=\"VIiyi\" lang=\"it\"><span class=\"JLqJ4b\" data-language-for-alternatives=\"it\" data-language-to-translate-into=\"en\" data-phrase-index=\"0\" data-number-of-phrases=\"1\"><span class=\"Q4iAWc\">I beni dei gruppi per i diritti umani &#8220;rischiano di essere confiscati e i loro membri del personale presi di mira direttamente, arbitrariamente arrestati e imprigionati&#8221;. <\/span><\/span><\/span><\/p>\n<p><span class=\"VIiyi\" lang=\"it\"><span class=\"JLqJ4b\" data-language-for-alternatives=\"it\" data-language-to-translate-into=\"en\" data-phrase-index=\"0\" data-number-of-phrases=\"1\"><span class=\"Q4iAWc\">Al-Haq ha avvertito che &#8220;prendendo di mira le organizzazioni della societ\u00e0 civile palestinese, Israele sta&#8230; rimuovendo sistematicamente le istituzioni di monitoraggio e supervisione di fondamentale importanza, necessarie per una societ\u00e0 vitale e funzionante basata sui principi di democrazia, diritti umani e stato di diritto&#8221;.<\/span><\/span><\/span><!--more--><\/p>\n","protected":false},"excerpt":{"rendered":"<p>23 agosto 2022 https:\/\/www.middleeastmonitor.com\/20220822-palestinian-rights-group-wants-international-protection-for-staff\/ Un noto gruppo per i diritti dei palestinesi ha chiesto luned\u00ec alla comunit\u00e0 internazionale di intervenire immediatamente per proteggere i gruppi della societ\u00e0 civile palestinese e il loro personale presi di mira dalle autorit\u00e0 di occupazione &hellip; <a href=\"https:\/\/reteitalianaism.it\/reteism\/index.php\/2022\/08\/23\/gruppo-per-i-diritti-dei-palestinesi-vuole-protezione-internazionale-per-il-suo-staff\/\">Continue reading <span class=\"meta-nav\">&rarr;<\/span><\/a><\/p>\n","protected":false},"author":6,"featured_media":0,"comment_status":"open","ping_status":"open","sticky":false,"template":"","format":"standard","meta":{"footnotes":""},"categories":[3],"tags":[9,405,176,153],"class_list":["post-17529","post","type-post","status-publish","format-standard","hentry","category-info","tag-apartheid","tag-apartheidisrael","tag-diritti-fondamentali","tag-liberta-di-espressione"],"_links":{"self":[{"href":"https:\/\/reteitalianaism.it\/reteism\/index.php\/wp-json\/wp\/v2\/posts\/17529","targetHints":{"allow":["GET"]}}],"collection":[{"href":"https:\/\/reteitalianaism.it\/reteism\/index.php\/wp-json\/wp\/v2\/posts"}],"about":[{"href":"https:\/\/reteitalianaism.it\/reteism\/index.php\/wp-json\/wp\/v2\/types\/post"}],"author":[{"embeddable":true,"href":"https:\/\/reteitalianaism.it\/reteism\/index.php\/wp-json\/wp\/v2\/users\/6"}],"replies":[{"embeddable":true,"href":"https:\/\/reteitalianaism.it\/reteism\/index.php\/wp-json\/wp\/v2\/comments?post=17529"}],"version-history":[{"count":1,"href":"https:\/\/reteitalianaism.it\/reteism\/index.php\/wp-json\/wp\/v2\/posts\/17529\/revisions"}],"predecessor-version":[{"id":17531,"href":"https:\/\/reteitalianaism.it\/reteism\/index.php\/wp-json\/wp\/v2\/posts\/17529\/revisions\/17531"}],"wp:attachment":[{"href":"https:\/\/reteitalianaism.it\/reteism\/index.php\/wp-json\/wp\/v2\/media?parent=17529"}],"wp:term":[{"taxonomy":"category","embeddable":true,"href":"https:\/\/reteitalianaism.it\/reteism\/index.php\/wp-json\/wp\/v2\/categories?post=17529"},{"taxonomy":"post_tag","embeddable":true,"href":"https:\/\/reteitalianaism.it\/reteism\/index.php\/wp-json\/wp\/v2\/tags?post=17529"}],"curies":[{"name":"wp","href":"https:\/\/api.w.org\/{rel}","templated":true}]}}