{"id":17532,"date":"2022-08-24T12:29:15","date_gmt":"2022-08-24T10:29:15","guid":{"rendered":"http:\/\/reteitalianaism.it\/reteism\/?p=17532"},"modified":"2022-08-24T12:29:26","modified_gmt":"2022-08-24T10:29:26","slug":"travisare-deliberatamente-il-pregiudizio-dei-media-occidentali-rende-possibile-la-guerra-israeliana-ai-palestinesi","status":"publish","type":"post","link":"https:\/\/reteitalianaism.it\/reteism\/index.php\/2022\/08\/24\/travisare-deliberatamente-il-pregiudizio-dei-media-occidentali-rende-possibile-la-guerra-israeliana-ai-palestinesi\/","title":{"rendered":"Travisare deliberatamente: il pregiudizio dei media occidentali rende possibile la guerra israeliana ai palestinesi"},"content":{"rendered":"<p>23 agosto | <a href=\"https:\/\/www.middleeastmonitor.com\/6-author\/178473\/\">Ramzy Baroud<\/a><\/p>\n<p><a href=\"https:\/\/www.middleeastmonitor.com\/20220823-deliberate-misrepresentation-western-media-bias-makes-israeli-war-on-palestinians-possible\/\">https:\/\/www.middleeastmonitor.com\/20220823-deliberate-misrepresentation-western-media-bias-makes-israeli-war-on-palestinians-possible\/<\/a><\/p>\n<p><div id=\"attachment_17533\" style=\"width: 527px\" class=\"wp-caption aligncenter\"><a href=\"http:\/\/reteitalianaism.it\/reteism\/wp-content\/uploads\/2022\/08\/1-1.png\"><img loading=\"lazy\" decoding=\"async\" aria-describedby=\"caption-attachment-17533\" class=\" wp-image-17533\" src=\"http:\/\/reteitalianaism.it\/reteism\/wp-content\/uploads\/2022\/08\/1-1-300x184.png\" alt=\"\" width=\"517\" height=\"317\" srcset=\"https:\/\/reteitalianaism.it\/reteism\/wp-content\/uploads\/2022\/08\/1-1-300x184.png 300w, https:\/\/reteitalianaism.it\/reteism\/wp-content\/uploads\/2022\/08\/1-1-768x470.png 768w, https:\/\/reteitalianaism.it\/reteism\/wp-content\/uploads\/2022\/08\/1-1.png 832w\" sizes=\"auto, (max-width: 517px) 100vw, 517px\" \/><\/a><p id=\"caption-attachment-17533\" class=\"wp-caption-text\">La famiglia palestinese di Najm, che ha perso i suoi 4 figli nell&#8217;attacco aereo israeliano il 7 agosto, e gli amici dei bambini uccisi durante l&#8217;attacco, hanno organizzato una manifestazione contro gli attacchi israeliani al cimitero di Al-Faluce a Gaza City, Gaza, il 16 agosto 2022 [Mustafa Hassona\/Agenzia Anadolu]<\/p><\/div><span class=\"VIiyi\" lang=\"it\"><span class=\"JLqJ4b\" data-language-for-alternatives=\"it\" data-language-to-translate-into=\"de\" data-phrase-index=\"0\" data-number-of-phrases=\"1\"><span class=\"Q4iAWc\">I media mainstream e corporativi statunitensi e occidentali rimangono prevenuti a favore di Israele, nonostante spesso si comportino come se fossero una terza parte neutrale. Semplicemente non \u00e8 cos\u00ec. <\/span><\/span><\/span><\/p>\n<p><span class=\"VIiyi\" lang=\"it\"><span class=\"JLqJ4b\" data-language-for-alternatives=\"it\" data-language-to-translate-into=\"de\" data-phrase-index=\"0\" data-number-of-phrases=\"1\"><span class=\"Q4iAWc\">Prendi come esempio la copertura del New York Times dell&#8217;ultima guerra israeliana a Gaza. Il suo articolo del 6 agosto, &#8220;Israele-Gaza Fighting Flares for a Second Day&#8221; \u00e8 il tipico reportage occidentale mainstream su Israele e Palestina, ma con un distinto sapore NYT. <\/span><\/span><\/span><\/p>\n<p><span class=\"VIiyi\" lang=\"it\"><span class=\"JLqJ4b\" data-language-for-alternatives=\"it\" data-language-to-translate-into=\"de\" data-phrase-index=\"0\" data-number-of-phrases=\"1\"><span class=\"Q4iAWc\">Per il lettore non informato, l&#8217;articolo riesce a trovare un linguaggio equilibrato tra due parti uguali. Questa ingannevole equivalenza morale \u00e8 uno dei pi\u00f9 grandi punti ciechi intellettuali per i giornalisti occidentali. <\/span><\/span><\/span><\/p>\n<p><!--more--><\/p>\n<p><span class=\"VIiyi\" lang=\"it\"><span class=\"JLqJ4b\" data-language-for-alternatives=\"it\" data-language-to-translate-into=\"de\" data-phrase-index=\"0\" data-number-of-phrases=\"1\"><span class=\"Q4iAWc\">Non sottolineando dall&#8217;esterno il discorso di Israele sulla &#8220;sicurezza&#8221; e sul &#8220;diritto a difendersi&#8221; creano falsi parallelismi tra palestinesi e israeliani, come se un occupante militare e una nazione occupata avessero diritti e responsabilit\u00e0 comparabili. <\/span><\/span><\/span><\/p>\n<p><span class=\"VIiyi\" lang=\"it\"><span class=\"JLqJ4b\" data-language-for-alternatives=\"it\" data-language-to-translate-into=\"de\" data-phrase-index=\"0\" data-number-of-phrases=\"1\"><span class=\"Q4iAWc\">Ovviamente, questa logica non si applica alla guerra Russia-Ucraina: p<\/span><\/span><\/span><span class=\"VIiyi\" lang=\"it\"><span class=\"JLqJ4b\" data-language-for-alternatives=\"it\" data-language-to-translate-into=\"de\" data-phrase-index=\"0\" data-number-of-phrases=\"1\"><span class=\"Q4iAWc\">er il NYT e tutti i principali media occidentali, non c&#8217;\u00e8 dubbio su chi siano i buoni e i cattivi in \u200b\u200bquella sanguinosa lotta.<br \/>\n<\/span><\/span><\/span><\/p>\n<p><span class=\"VIiyi\" lang=\"it\"><span class=\"JLqJ4b\" data-language-for-alternatives=\"it\" data-language-to-translate-into=\"de\" data-phrase-index=\"0\" data-number-of-phrases=\"1\"><span class=\"Q4iAWc\">I &#8220;militanti palestinesi&#8221;\u00a0 e i &#8220;terroristi&#8221; sono sempre stati i cattivi agli occhi dell&#8217;occidente. Secondo la logica della loro copertura mediatica, Israele non lancia guerre non provocate contro i palestinesi e non \u00e8 un occupante militare impenitente, o un regime razzista di apartheid. Questo linguaggio \u00e8 utilizzato solo dai media marginali, <\/span><\/span><\/span><span class=\"VIiyi\" lang=\"it\"><span class=\"JLqJ4b\" data-language-for-alternatives=\"it\" data-language-to-translate-into=\"de\" data-phrase-index=\"0\" data-number-of-phrases=\"1\"><span class=\"Q4iAWc\">&#8220;radicali&#8221; e &#8220;di sinistra&#8221;, mai dal mainstream. <\/span><\/span><\/span><\/p>\n<p><span class=\"VIiyi\" lang=\"it\"><span class=\"JLqJ4b\" data-language-for-alternatives=\"it\" data-language-to-translate-into=\"de\" data-phrase-index=\"0\" data-number-of-phrases=\"1\"><span class=\"Q4iAWc\">La breve introduzione dell&#8217;articolo del NYT parlava del bilancio delle vittime in aumento, ma inizialmente non menzionava che i 20 palestinesi uccisi includevano bambini, sottolineando, invece, che gli attacchi israeliani hanno ucciso un &#8220;leader militante&#8221;. <\/span><\/span><\/span><\/p>\n<p><span class=\"VIiyi\" lang=\"it\"><span class=\"JLqJ4b\" data-language-for-alternatives=\"it\" data-language-to-translate-into=\"de\" data-phrase-index=\"0\" data-number-of-phrases=\"1\"><span class=\"Q4iAWc\">Quando i sei bambini uccisi da Israele vengono rivelati nel secondo paragrafo, l&#8217;articolo chiarisce subito, e senza iniziare una nuova frase, che &#8220;Israele ha detto che alcune morti di civili sono state il risultato di militanti che hanno nascosto le armi nelle aree residenziali&#8221;, e che altri sono stati uccisi da razzi palestinesi &#8220;falliti&#8221;. <\/span><\/span><\/span><\/p>\n<p><span class=\"VIiyi\" lang=\"it\"><span class=\"JLqJ4b\" data-language-for-alternatives=\"it\" data-language-to-translate-into=\"de\" data-phrase-index=\"0\" data-number-of-phrases=\"1\"><span class=\"Q4iAWc\">Il 16 agosto, l&#8217;esercito israeliano ha finalmente ammesso di essere stato\u00a0 il responsabile degli spari che hanno ucciso i 5 giovani ragazzi palestinesi di Jabaliya. Che il NYT ne abbia parlato o meno, importa poco, il danno \u00e8 stato fatto, e questo era il piano di Israele fin dall&#8217;inizio.<\/span><\/span><\/span><\/p>\n<p><div id=\"attachment_17534\" style=\"width: 457px\" class=\"wp-caption aligncenter\"><a href=\"http:\/\/reteitalianaism.it\/reteism\/wp-content\/uploads\/2022\/08\/2-1.png\"><img loading=\"lazy\" decoding=\"async\" aria-describedby=\"caption-attachment-17534\" class=\" wp-image-17534\" src=\"http:\/\/reteitalianaism.it\/reteism\/wp-content\/uploads\/2022\/08\/2-1-300x188.png\" alt=\"\" width=\"447\" height=\"280\" srcset=\"https:\/\/reteitalianaism.it\/reteism\/wp-content\/uploads\/2022\/08\/2-1-300x188.png 300w, https:\/\/reteitalianaism.it\/reteism\/wp-content\/uploads\/2022\/08\/2-1.png 746w\" sizes=\"auto, (max-width: 447px) 100vw, 447px\" \/><\/a><p id=\"caption-attachment-17534\" class=\"wp-caption-text\">Le forze israeliane effettuano attacchi a Gaza &#8211; vignetta [Sabaaneh\/Middle East Monitor]<\/p><\/div><span class=\"VIiyi\" lang=\"it\"><span class=\"JLqJ4b\" data-language-for-alternatives=\"it\" data-language-to-translate-into=\"de\" data-phrase-index=\"0\" data-number-of-phrases=\"1\"><span class=\"Q4iAWc\">Il titolo della storia della BBC del 16 agosto, &#8220;I bambini di Gaza sono abituati alla morte e ai bombardamenti&#8221;, non nomina immediatamente i responsabili della &#8220;morte e dei bombardamenti&#8221;. <\/span><\/span><\/span><span class=\"VIiyi\" lang=\"it\"><span class=\"JLqJ4b\" data-language-for-alternatives=\"it\" data-language-to-translate-into=\"de\" data-phrase-index=\"0\" data-number-of-phrases=\"1\"><span class=\"Q4iAWc\">Anche i portavoce dell&#8217;esercito israeliano, come scopriremo pi\u00f9 avanti, sarebbero d&#8217;accordo su una simile affermazione, anche se daranno sempre la colpa ai &#8220;terroristi palestinesi&#8221;.<\/span><\/span><\/span><\/p>\n<p><span class=\"VIiyi\" lang=\"it\"><span class=\"JLqJ4b\" data-language-for-alternatives=\"it\" data-language-to-translate-into=\"de\" data-phrase-index=\"0\" data-number-of-phrases=\"1\"><span class=\"Q4iAWc\"> Quando la storia alla fine rivela che una bambina, Layan, \u00e8 stata uccisa in un attacco israeliano, il linguaggio \u00e8 stato creato con cura per ridurre la colpa sui suoi assassini israeliani. La bambina, si dice, stava andando al mare con la sua famiglia, quando il loro tuk-tuk &#8220;\u00e8 passato davanti a un campo militare gestito dal gruppo militante della Jihad islamica palestinese&#8221;, che, &#8220;in quel momento esatto, (&#8230;) \u00e8 stato preso di mira dal fuoco israeliano&#8221;. <\/span><\/span><\/span><\/p>\n<p><span class=\"VIiyi\" lang=\"it\"><span class=\"JLqJ4b\" data-language-for-alternatives=\"it\" data-language-to-translate-into=\"de\" data-phrase-index=\"0\" data-number-of-phrases=\"1\"><span class=\"Q4iAWc\">L&#8217;autore non dice nulla di come si sia giunti alla conclusione che l&#8217;obiettivo non era la famiglia. Si pu\u00f2 facilmente dedurre dalla storia che l&#8217;intenzione di Israele non era quella di uccidere Layan \u2013 e, logicamente, nessuno degli altri 17 bambini assassinati durante i tre giorni di guerra a Gaza.<br \/>\nInoltre, secondo la BBC, Israele ha cercato di salvare la bambina. Ahim\u00e8, &#8220;una settimana di cure in un ospedale israeliano non ha potuto salvarle la vita&#8221;. <\/span><\/span><\/span><\/p>\n<p><span class=\"VIiyi\" lang=\"it\"><span class=\"JLqJ4b\" data-language-for-alternatives=\"it\" data-language-to-translate-into=\"de\" data-phrase-index=\"0\" data-number-of-phrases=\"1\"><span class=\"Q4iAWc\">Sebbene i politici israeliani abbiano parlato apertamente dell&#8217;uccisione di bambini palestinesi &#8211; e, nel caso dell&#8217;ex ministro della Giustizia israeliano Ayelet Shaked, &#8220;le madri palestinesi che danno alla luce &#8216;piccoli serpenti'&#8221; &#8211; il rapporto della BBC e altri rapporti sull&#8217;ultima guerra non hanno menzionato nulla di tutto questo. <\/span><\/span><\/span><\/p>\n<p><span class=\"VIiyi\" lang=\"it\"><span class=\"JLqJ4b\" data-language-for-alternatives=\"it\" data-language-to-translate-into=\"de\" data-phrase-index=\"0\" data-number-of-phrases=\"1\"><span class=\"Q4iAWc\">E&#8217; stato invece citato il primo ministro israeliano Yair Lapid, che secondo quanto riferito ha affermato che &#8220;la morte di civili innocenti, in particolare bambini, \u00e8 straziante&#8221;. Per inciso, Lapid ha ordinato l&#8217;ultima guerra a Gaza, che ha ucciso un totale di 49 palestinesi. <\/span><\/span><\/span><\/p>\n<p><span class=\"VIiyi\" lang=\"it\"><span class=\"JLqJ4b\" data-language-for-alternatives=\"it\" data-language-to-translate-into=\"de\" data-phrase-index=\"0\" data-number-of-phrases=\"1\"><span class=\"Q4iAWc\">Anche una storia di interesse umano su una bambina palestinese assassinata, in qualche modo evitava il linguaggio che potrebbe incolpare Israele per l&#8217;orribile uccisione di una bambina. <\/span><\/span><\/span><\/p>\n<p><span class=\"VIiyi\" lang=\"it\"><span class=\"JLqJ4b\" data-language-for-alternatives=\"it\" data-language-to-translate-into=\"de\" data-phrase-index=\"0\" data-number-of-phrases=\"1\"><span class=\"Q4iAWc\">Inoltre, la BBC ha anche lavorato per presentare Israele in una luce positiva, ricorrendo a citare la dichiarazione dell&#8217;esercito di occupazione che era &#8220;devastato dalla morte (di Layan) e da quella di qualsiasi civile&#8221;. <\/span><\/span><\/span><\/p>\n<p><span class=\"VIiyi\" lang=\"it\"><span class=\"JLqJ4b\" data-language-for-alternatives=\"it\" data-language-to-translate-into=\"de\" data-phrase-index=\"0\" data-number-of-phrases=\"1\"><span class=\"Q4iAWc\">\u00a0Il NYT e la BBC sono stati selezionati qui non perch\u00e9 siano i peggiori esempi di pregiudizi dei media occidentali, ma perch\u00e9 sono spesso citati come media &#8220;liberali&#8221;, se non addirittura&#8221;progressisti&#8221;.<br \/>\n<\/span><\/span><\/span><\/p>\n<p><span class=\"VIiyi\" lang=\"it\"><span class=\"JLqJ4b\" data-language-for-alternatives=\"it\" data-language-to-translate-into=\"de\" data-phrase-index=\"0\" data-number-of-phrases=\"1\"><span class=\"Q4iAWc\">I loro servizi, tuttavia, rappresentano una crisi in corso nel giornalismo occidentale, in particolare per quanto riguarda la Palestina. Sono stati scritti libri su questo argomento, sono state formate organizzazioni della societ\u00e0 civile per ritenere responsabili i media occidentali e sono state organizzate numerose riunioni del comitato editoriale per esercitare una certa pressione sugli editori occidentali, senza alcun risultato. <\/span><\/span><\/span><\/p>\n<p><span class=\"VIiyi\" lang=\"it\"><span class=\"JLqJ4b\" data-language-for-alternatives=\"it\" data-language-to-translate-into=\"de\" data-phrase-index=\"0\" data-number-of-phrases=\"1\"><span class=\"Q4iAWc\">Disperati dalle immutabili narrazioni pro-Israele nei media occidentali, alcuni sostenitori dei diritti umani pro-Palestina spesso sostengono che ci sono margini maggiori all&#8217;interno dei media mainstream israeliani che negli Stati Uniti, per esempio.<br \/>\nAnche questo \u00e8 impreciso. Il termine improprio dei presunti media israeliani pi\u00f9 equilibrati \u00e8 il risultato diretto dell&#8217;incapacit\u00e0 di influenzare la copertura dei media occidentali su Palestina e Israele. <\/span><\/span><\/span><\/p>\n<p><span class=\"VIiyi\" lang=\"it\"><span class=\"JLqJ4b\" data-language-for-alternatives=\"it\" data-language-to-translate-into=\"de\" data-phrase-index=\"0\" data-number-of-phrases=\"1\"><span class=\"Q4iAWc\">L&#8217;idea erronea \u00e8 spesso corroborata dal fatto che un giornale israeliano, come Haaretz, dia spazi marginali a voci critiche, come quelle dei giornalisti israeliani Gideon Levy e Amira Hass. La propaganda israeliana, una delle pi\u00f9 potenti e sofisticate al mondo, tuttavia, difficilmente pu\u00f2 essere bilanciata da rubriche occasionali scritte da pochi giornalisti dissenzienti. <\/span><\/span><\/span><\/p>\n<p><span class=\"VIiyi\" lang=\"it\"><span class=\"JLqJ4b\" data-language-for-alternatives=\"it\" data-language-to-translate-into=\"de\" data-phrase-index=\"0\" data-number-of-phrases=\"1\"><span class=\"Q4iAWc\">Inoltre, Haaretz \u00e8 spesso citato come esempio di giornalismo relativamente equo, semplicemente perch\u00e9 le alternative \u2013 Times of Israel, Jerusalem Post e altri media israeliani di destra \u2013 sono esemplari nella loro insensibilit\u00e0, linguaggio parziale e fraintendimento dei fatti. <\/span><\/span><\/span><\/p>\n<p><span class=\"VIiyi\" lang=\"it\"><span class=\"JLqJ4b\" data-language-for-alternatives=\"it\" data-language-to-translate-into=\"de\" data-phrase-index=\"0\" data-number-of-phrases=\"1\"><span class=\"Q4iAWc\">I pregiudizi filo-israeliani nei media occidentali spesso si riversano sui media solidali con la Palestina in tutto il Medio Oriente e nel resto del mondo, in particolare quelli che riferiscono le notizie in inglese e francese. <\/span><\/span><\/span><\/p>\n<p><span class=\"VIiyi\" lang=\"it\"><span class=\"JLqJ4b\" data-language-for-alternatives=\"it\" data-language-to-translate-into=\"de\" data-phrase-index=\"0\" data-number-of-phrases=\"1\"><span class=\"Q4iAWc\">Poich\u00e9 molti giornali e piattaforme online utilizzano agenzie di stampa occidentali, spesso inavvertitamente adottano lo stesso linguaggio utilizzato nelle fonti di notizie occidentali, descrivendo cos\u00ec i resistenti o i combattenti palestinesi come &#8220;militanti&#8221;, l&#8217;esercito di occupazione israeliano come &#8220;Forze di difesa israeliane&#8221; e guerra a Gaza come &#8220;riacutizzazioni&#8221; di violenza. <\/span><\/span><\/span><\/p>\n<p><span class=\"VIiyi\" lang=\"it\"><span class=\"JLqJ4b\" data-language-for-alternatives=\"it\" data-language-to-translate-into=\"de\" data-phrase-index=\"0\" data-number-of-phrases=\"1\"><span class=\"Q4iAWc\">Nella sua totalit\u00e0, questo linguaggio interpreta erroneamente la lotta palestinese per la libert\u00e0 come atti casuali di violenza all&#8217;interno di un &#8220;conflitto&#8221; prolungato in cui civili innocenti, come Layan, &#8220;finiscono nel fuoco incrociato&#8221;.<br \/>\nLe guerre mortali israeliane contro Gaza sono rese possibili non solo dalle armi occidentali e dal sostegno politico, ma attraverso un flusso infinito di disinformazione e travisamento dei media. Sebbene Israele abbia ucciso migliaia di civili palestinesi negli ultimi anni, i media occidentali rimangono impegnati a difendere Israele come se nulla fosse cambiato.<\/span><\/span><\/span><\/p>\n<p><span class=\"VIiyi\" lang=\"it\"><span class=\"JLqJ4b\" data-language-for-alternatives=\"it\" data-language-to-translate-into=\"de\" data-phrase-index=\"0\" data-number-of-phrases=\"1\"><span class=\"Q4iAWc\"><em>Le opinioni espresse in questo articolo appartengono all&#8217;autore e non riflettono necessariamente la politica editoriale di Middle East Monitor.<\/em><br \/>\n<\/span><\/span><\/span><\/p>\n","protected":false},"excerpt":{"rendered":"<p>23 agosto | Ramzy Baroud https:\/\/www.middleeastmonitor.com\/20220823-deliberate-misrepresentation-western-media-bias-makes-israeli-war-on-palestinians-possible\/ I media mainstream e corporativi statunitensi e occidentali rimangono prevenuti a favore di Israele, nonostante spesso si comportino come se fossero una terza parte neutrale. Semplicemente non \u00e8 cos\u00ec. Prendi come esempio la copertura &hellip; <a href=\"https:\/\/reteitalianaism.it\/reteism\/index.php\/2022\/08\/24\/travisare-deliberatamente-il-pregiudizio-dei-media-occidentali-rende-possibile-la-guerra-israeliana-ai-palestinesi\/\">Continue reading <span class=\"meta-nav\">&rarr;<\/span><\/a><\/p>\n","protected":false},"author":6,"featured_media":0,"comment_status":"open","ping_status":"open","sticky":false,"template":"","format":"standard","meta":{"footnotes":""},"categories":[2,3,68],"tags":[9,156,25,165],"class_list":["post-17532","post","type-post","status-publish","format-standard","hentry","category-gaza-2","category-info","category-opinioni","tag-apartheid","tag-assedio-di-gaza","tag-gaza","tag-gaza-sotto-assedio"],"_links":{"self":[{"href":"https:\/\/reteitalianaism.it\/reteism\/index.php\/wp-json\/wp\/v2\/posts\/17532","targetHints":{"allow":["GET"]}}],"collection":[{"href":"https:\/\/reteitalianaism.it\/reteism\/index.php\/wp-json\/wp\/v2\/posts"}],"about":[{"href":"https:\/\/reteitalianaism.it\/reteism\/index.php\/wp-json\/wp\/v2\/types\/post"}],"author":[{"embeddable":true,"href":"https:\/\/reteitalianaism.it\/reteism\/index.php\/wp-json\/wp\/v2\/users\/6"}],"replies":[{"embeddable":true,"href":"https:\/\/reteitalianaism.it\/reteism\/index.php\/wp-json\/wp\/v2\/comments?post=17532"}],"version-history":[{"count":1,"href":"https:\/\/reteitalianaism.it\/reteism\/index.php\/wp-json\/wp\/v2\/posts\/17532\/revisions"}],"predecessor-version":[{"id":17535,"href":"https:\/\/reteitalianaism.it\/reteism\/index.php\/wp-json\/wp\/v2\/posts\/17532\/revisions\/17535"}],"wp:attachment":[{"href":"https:\/\/reteitalianaism.it\/reteism\/index.php\/wp-json\/wp\/v2\/media?parent=17532"}],"wp:term":[{"taxonomy":"category","embeddable":true,"href":"https:\/\/reteitalianaism.it\/reteism\/index.php\/wp-json\/wp\/v2\/categories?post=17532"},{"taxonomy":"post_tag","embeddable":true,"href":"https:\/\/reteitalianaism.it\/reteism\/index.php\/wp-json\/wp\/v2\/tags?post=17532"}],"curies":[{"name":"wp","href":"https:\/\/api.w.org\/{rel}","templated":true}]}}