{"id":17600,"date":"2022-09-08T15:10:23","date_gmt":"2022-09-08T13:10:23","guid":{"rendered":"http:\/\/reteitalianaism.it\/reteism\/?p=17600"},"modified":"2022-09-08T15:10:59","modified_gmt":"2022-09-08T13:10:59","slug":"vittoria-per-i-prigionieri-politici-palestinesi","status":"publish","type":"post","link":"https:\/\/reteitalianaism.it\/reteism\/index.php\/2022\/09\/08\/vittoria-per-i-prigionieri-politici-palestinesi\/","title":{"rendered":"Vittoria per i prigionieri politici palestinesi!"},"content":{"rendered":"<p>2 settembre 2022 | <a href=\"https:\/\/bdsmovement.net\/news-listing-author\/Palestinian%20BDS%20National%20Committee%20(BNC)\">Palestinian BDS National Committee (BNC)<\/a><\/p>\n<p><a href=\"https:\/\/bdsmovement.net\/news\/victory-for-palestinian-political-prisoners\">https:\/\/bdsmovement.net\/news\/victory-for-palestinian-political-prisoners<\/a><\/p>\n<p><a href=\"http:\/\/reteitalianaism.it\/reteism\/wp-content\/uploads\/2022\/09\/Copy-of-\u0627\u0644\u062d\u0631\u064a\u0629-\u0644\u0623\u0633\u0631\u0649-\u0627\u0644\u062d\u0631\u064a\u0629-Twitter-Post.jpg\"><img loading=\"lazy\" decoding=\"async\" class=\" wp-image-17601 aligncenter\" src=\"http:\/\/reteitalianaism.it\/reteism\/wp-content\/uploads\/2022\/09\/Copy-of-\u0627\u0644\u062d\u0631\u064a\u0629-\u0644\u0623\u0633\u0631\u0649-\u0627\u0644\u062d\u0631\u064a\u0629-Twitter-Post-300x169.jpg\" alt=\"\" width=\"492\" height=\"277\" srcset=\"https:\/\/reteitalianaism.it\/reteism\/wp-content\/uploads\/2022\/09\/Copy-of-\u0627\u0644\u062d\u0631\u064a\u0629-\u0644\u0623\u0633\u0631\u0649-\u0627\u0644\u062d\u0631\u064a\u0629-Twitter-Post-300x169.jpg 300w, https:\/\/reteitalianaism.it\/reteism\/wp-content\/uploads\/2022\/09\/Copy-of-\u0627\u0644\u062d\u0631\u064a\u0629-\u0644\u0623\u0633\u0631\u0649-\u0627\u0644\u062d\u0631\u064a\u0629-Twitter-Post-1024x576.jpg 1024w, https:\/\/reteitalianaism.it\/reteism\/wp-content\/uploads\/2022\/09\/Copy-of-\u0627\u0644\u062d\u0631\u064a\u0629-\u0644\u0623\u0633\u0631\u0649-\u0627\u0644\u062d\u0631\u064a\u0629-Twitter-Post-768x432.jpg 768w, https:\/\/reteitalianaism.it\/reteism\/wp-content\/uploads\/2022\/09\/Copy-of-\u0627\u0644\u062d\u0631\u064a\u0629-\u0644\u0623\u0633\u0631\u0649-\u0627\u0644\u062d\u0631\u064a\u0629-Twitter-Post-1536x864.jpg 1536w, https:\/\/reteitalianaism.it\/reteism\/wp-content\/uploads\/2022\/09\/Copy-of-\u0627\u0644\u062d\u0631\u064a\u0629-\u0644\u0623\u0633\u0631\u0649-\u0627\u0644\u062d\u0631\u064a\u0629-Twitter-Post.jpg 1600w\" sizes=\"auto, (max-width: 492px) 100vw, 492px\" \/><\/a><span class=\"VIiyi\" lang=\"it\"><span class=\"JLqJ4b\" data-language-for-alternatives=\"it\" data-language-to-translate-into=\"en\" data-phrase-index=\"0\" data-number-of-phrases=\"1\"><span class=\"Q4iAWc\">Il Comitato Nazionale Palestinese BDS (BNC), la pi\u00f9 ampia coalizione che guida il movimento globale BDS, celebra la vittoria dei prigionieri politici palestinesi che lottano coraggiosamente per i loro diritti umani mentre languiscono nelle prigioni israeliane dell&#8217;apartheid. <\/span><\/span><\/span><\/p>\n<p><span class=\"VIiyi\" lang=\"it\"><span class=\"JLqJ4b\" data-language-for-alternatives=\"it\" data-language-to-translate-into=\"en\" data-phrase-index=\"0\" data-number-of-phrases=\"1\"><span class=\"Q4iAWc\">Ieri oltre 1.000 prigionieri erano pronti a dichiarare uno sciopero della fame a tempo indeterminato per protestare contro le misure aggravate di violenza, repressione e punizioni collettive da parte delle autorit\u00e0 israeliane. <\/span><\/span><\/span><\/p>\n<p><!--more--><span class=\"VIiyi\" lang=\"it\"><span class=\"JLqJ4b\" data-language-for-alternatives=\"it\" data-language-to-translate-into=\"en\" data-phrase-index=\"0\" data-number-of-phrases=\"1\"><span class=\"Q4iAWc\">Molti altri prigionieri erano pronti a unirsi allo sciopero se le loro richieste non fossero state soddisfatte. La minaccia di questo sciopero della fame di massa, sostenuto ovunque dai palestinesi e dalla crescente solidariet\u00e0 globale con la lotta palestinese per la libert\u00e0 e la giustizia, ha costretto le autorit\u00e0 israeliane a fermare le sue misure pi\u00f9 repressive.<\/span><\/span><\/span><\/p>\n<p><span class=\"VIiyi\" lang=\"it\"><span class=\"JLqJ4b\" data-language-for-alternatives=\"it\" data-language-to-translate-into=\"en\" data-phrase-index=\"0\" data-number-of-phrases=\"1\"><span class=\"Q4iAWc\">La minaccia di sciopero ha coinciso anche con il trionfo del detenuto amministrativo palestinese Khalil Awawda, il cui eroico sciopero della fame di 6 mesi ha costretto le autorit\u00e0 dell&#8217;apartheid a impegnarsi per iscritto a rilasciarlo in ottobre dopo molti mesi di detenzione senza accusa n\u00e9 processo. <\/span><\/span><\/span><\/p>\n<p><span class=\"VIiyi\" lang=\"it\"><span class=\"JLqJ4b\" data-language-for-alternatives=\"it\" data-language-to-translate-into=\"en\" data-phrase-index=\"0\" data-number-of-phrases=\"1\"><span class=\"Q4iAWc\">Nonostante queste vittorie, un tribunale israeliano ha rinnovato ancora una volta l&#8217;ordine di isolamento di Ahmad Manasra, che era stato incarcerato da bambino, a 13 anni, e torturato fisicamente e psicologicamente per 7 anni. <\/span><\/span><\/span><span class=\"VIiyi\" lang=\"it\"><span class=\"JLqJ4b\" data-language-for-alternatives=\"it\" data-language-to-translate-into=\"en\" data-phrase-index=\"0\" data-number-of-phrases=\"1\"><span class=\"Q4iAWc\">Anche due fratelli Adel e Ahmed Moussa continuano il loro sciopero della fame aperto per protestare contro la loro detenzione amministrativa. <\/span><\/span><\/span><\/p>\n<p><span class=\"VIiyi\" lang=\"it\"><span class=\"JLqJ4b\" data-language-for-alternatives=\"it\" data-language-to-translate-into=\"en\" data-phrase-index=\"0\" data-number-of-phrases=\"1\"><span class=\"Q4iAWc\">Oggi ci sono 4.450 prigionieri politici palestinesi nelle carceri israeliane, inclusi 175 bambini detenuti e 27 donne. Circa 670 di loro sono detenuti amministrativi detenuti senza accusa, e a cui \u00e8 stato negato un giusto processo. <\/span><\/span><\/span><\/p>\n<p><span class=\"VIiyi\" lang=\"it\"><span class=\"JLqJ4b\" data-language-for-alternatives=\"it\" data-language-to-translate-into=\"en\" data-phrase-index=\"0\" data-number-of-phrases=\"1\"><span class=\"Q4iAWc\">Affermiamo il nostro pieno sostegno a tutti i prigionieri politici palestinesi e ribadiamo il nostro appello a #FreeThemAll. Chiediamo l&#8217;escalation di tutte le campagne BDS a livello globale al fine di isolare ulteriormente il regime israeliano di apartheid, colonialismo e occupazione militare.<\/span><\/span><\/span><\/p>\n<p><span class=\"VIiyi\" lang=\"it\"><span class=\"JLqJ4b\" data-language-for-alternatives=\"it\" data-language-to-translate-into=\"en\" data-phrase-index=\"0\" data-number-of-phrases=\"1\"><span class=\"Q4iAWc\"> Evidenziamo HP come un esempio fondamentale di complicit\u00e0 aziendale nell&#8217;apartheid israeliano. HP fornisce ancora i suoi servizi alle carceri e alla polizia israeliane e quindi \u00e8 un partner importante nei crimini commessi contro il nostro popolo palestinese, compresi i prigionieri politici.<\/span><\/span><\/span><\/p>\n","protected":false},"excerpt":{"rendered":"<p>2 settembre 2022 | Palestinian BDS National Committee (BNC) https:\/\/bdsmovement.net\/news\/victory-for-palestinian-political-prisoners Il Comitato Nazionale Palestinese BDS (BNC), la pi\u00f9 ampia coalizione che guida il movimento globale BDS, celebra la vittoria dei prigionieri politici palestinesi che lottano coraggiosamente per i loro diritti &hellip; <a href=\"https:\/\/reteitalianaism.it\/reteism\/index.php\/2022\/09\/08\/vittoria-per-i-prigionieri-politici-palestinesi\/\">Continue reading <span class=\"meta-nav\">&rarr;<\/span><\/a><\/p>\n","protected":false},"author":6,"featured_media":0,"comment_status":"open","ping_status":"open","sticky":false,"template":"","format":"standard","meta":{"footnotes":""},"categories":[3,67],"tags":[76,70,92,314,447,390],"class_list":["post-17600","post","type-post","status-publish","format-standard","hentry","category-info","category-prigionieri","tag-bds","tag-detenzione-amministrativa","tag-diritti-dei-prigionieri","tag-movimento-bds","tag-stop-detenzione-amministrativa","tag-vittoria-bds"],"_links":{"self":[{"href":"https:\/\/reteitalianaism.it\/reteism\/index.php\/wp-json\/wp\/v2\/posts\/17600","targetHints":{"allow":["GET"]}}],"collection":[{"href":"https:\/\/reteitalianaism.it\/reteism\/index.php\/wp-json\/wp\/v2\/posts"}],"about":[{"href":"https:\/\/reteitalianaism.it\/reteism\/index.php\/wp-json\/wp\/v2\/types\/post"}],"author":[{"embeddable":true,"href":"https:\/\/reteitalianaism.it\/reteism\/index.php\/wp-json\/wp\/v2\/users\/6"}],"replies":[{"embeddable":true,"href":"https:\/\/reteitalianaism.it\/reteism\/index.php\/wp-json\/wp\/v2\/comments?post=17600"}],"version-history":[{"count":1,"href":"https:\/\/reteitalianaism.it\/reteism\/index.php\/wp-json\/wp\/v2\/posts\/17600\/revisions"}],"predecessor-version":[{"id":17602,"href":"https:\/\/reteitalianaism.it\/reteism\/index.php\/wp-json\/wp\/v2\/posts\/17600\/revisions\/17602"}],"wp:attachment":[{"href":"https:\/\/reteitalianaism.it\/reteism\/index.php\/wp-json\/wp\/v2\/media?parent=17600"}],"wp:term":[{"taxonomy":"category","embeddable":true,"href":"https:\/\/reteitalianaism.it\/reteism\/index.php\/wp-json\/wp\/v2\/categories?post=17600"},{"taxonomy":"post_tag","embeddable":true,"href":"https:\/\/reteitalianaism.it\/reteism\/index.php\/wp-json\/wp\/v2\/tags?post=17600"}],"curies":[{"name":"wp","href":"https:\/\/api.w.org\/{rel}","templated":true}]}}