{"id":17623,"date":"2022-09-13T14:55:59","date_gmt":"2022-09-13T12:55:59","guid":{"rendered":"http:\/\/reteitalianaism.it\/reteism\/?p=17623"},"modified":"2022-09-13T14:56:08","modified_gmt":"2022-09-13T12:56:08","slug":"un-soldato-non-e-un-civile","status":"publish","type":"post","link":"https:\/\/reteitalianaism.it\/reteism\/index.php\/2022\/09\/13\/un-soldato-non-e-un-civile\/","title":{"rendered":"Un soldato non \u00e8 un civile"},"content":{"rendered":"<p>6 settembre 2022 |<a href=\"https:\/\/www.972mag.com\/writer\/orlyn\/\">Orly Noy<\/a><\/p>\n<p><a href=\"https:\/\/www.972mag.com\/soldier-not-a-civilian\/\">https:\/\/www.972mag.com\/soldier-not-a-civilian\/<\/a><\/p>\n<p><em><span class=\"VIiyi\" lang=\"it\"><span class=\"JLqJ4b ChMk0b\" data-language-for-alternatives=\"it\" data-language-to-translate-into=\"en\" data-phrase-index=\"0\" data-number-of-phrases=\"1\"><span class=\"Q4iAWc\">Confondendo il confine tra combattenti e civili, Israele giustifica la sua repressione dei palestinesi ed etichetta ogni resistenza ad essa come &#8220;terrorismo&#8221;.<\/span><\/span><\/span><\/em><\/p>\n<div id=\"attachment_17624\" style=\"width: 454px\" class=\"wp-caption aligncenter\"><a href=\"http:\/\/reteitalianaism.it\/reteism\/wp-content\/uploads\/2022\/09\/F220218NI07-1000x668-1.jpg\"><img loading=\"lazy\" decoding=\"async\" aria-describedby=\"caption-attachment-17624\" class=\" wp-image-17624\" src=\"http:\/\/reteitalianaism.it\/reteism\/wp-content\/uploads\/2022\/09\/F220218NI07-1000x668-1-300x200.jpg\" alt=\"\" width=\"444\" height=\"296\" srcset=\"https:\/\/reteitalianaism.it\/reteism\/wp-content\/uploads\/2022\/09\/F220218NI07-1000x668-1-300x200.jpg 300w, https:\/\/reteitalianaism.it\/reteism\/wp-content\/uploads\/2022\/09\/F220218NI07-1000x668-1-768x513.jpg 768w, https:\/\/reteitalianaism.it\/reteism\/wp-content\/uploads\/2022\/09\/F220218NI07-1000x668-1.jpg 1000w\" sizes=\"auto, (max-width: 444px) 100vw, 444px\" \/><\/a><p id=\"caption-attachment-17624\" class=\"wp-caption-text\">Un soldato israeliano reprime una protesta palestinese contro l&#8217;avamposto israeliano di Evyatar, nel villaggio di Beita, vicino a Nablus, Cisgiordania occupata, 18 febbraio 2022. (Nasser Ishtayeh\/Flash90)<\/p><\/div>\n<p><span class=\"VIiyi\" lang=\"it\"><span class=\"JLqJ4b\" data-language-for-alternatives=\"it\" data-language-to-translate-into=\"en\" data-phrase-index=\"0\" data-number-of-phrases=\"1\"><span class=\"Q4iAWc\"><em>Questo articolo \u00e8 stato pubblicato in collaborazione con Local Call.<\/em> <\/span><\/span><\/span><\/p>\n<p><span class=\"VIiyi\" lang=\"it\"><span class=\"JLqJ4b\" data-language-for-alternatives=\"it\" data-language-to-translate-into=\"en\" data-phrase-index=\"0\" data-number-of-phrases=\"1\"><span class=\"Q4iAWc\">La sparatoria a un autobus di soldati domenica, nella Valle del Giordano, nella Cisgiordania occupata, ha portato, giornalisti, militari israeliani e commentatori della sicurezza a precipitarsi negli studi di stampa. <\/span><\/span><\/span><\/p>\n<p><span class=\"VIiyi\" lang=\"it\"><span class=\"JLqJ4b\" data-language-for-alternatives=\"it\" data-language-to-translate-into=\"en\" data-phrase-index=\"0\" data-number-of-phrases=\"1\"><span class=\"Q4iAWc\">Tutti hanno usato lo stesso vocabolario per descrivere quello che \u00e8 successo: i tiratori palestinesi sono stati definiti in tutti i rapporti come &#8220;terroristi&#8221;, mentre l&#8217;evento stesso \u00e8 stato un &#8220;attacco terroristico&#8221;. Eppure, nessuno dei rapporti che ho visto sui vari canali menzionava il fatto fondamentale che la sparatoria fosse avvenuta in territorio occupato.<\/span><\/span><\/span><\/p>\n<p><!--more--><\/p>\n<p><span class=\"VIiyi\" lang=\"it\"><span class=\"JLqJ4b\" data-language-for-alternatives=\"it\" data-language-to-translate-into=\"en\" data-phrase-index=\"0\" data-number-of-phrases=\"1\"><span class=\"Q4iAWc\"> I media israeliani evitano di fare la distinzione cruciale tra un&#8217;azione diretta contro i soldati e un&#8217;azione diretta contro i civili; proprio com&#8217;\u00e8 per il regime servito da questi media: agli occhi della stragrande maggioranza dei media israeliani non c&#8217;\u00e8 lotta palestinese che non sia intrinsecamente definita terrorismo, armato o disarmato che sia. <\/span><\/span><\/span><\/p>\n<p><span class=\"VIiyi\" lang=\"it\"><span class=\"JLqJ4b\" data-language-for-alternatives=\"it\" data-language-to-translate-into=\"en\" data-phrase-index=\"0\" data-number-of-phrases=\"1\"><span class=\"Q4iAWc\">Ogni manifestante palestinese \u00e8 un &#8220;rivoltoso&#8221; o un &#8220;terrorista&#8221; e tutta la resistenza armata alle invasioni israeliane nelle citt\u00e0 della Cisgiordania, che stanno diventando un evento quasi di ogni sera, \u00e8 etichettata come &#8220;terrorismo&#8221;. <\/span><\/span><\/span><\/p>\n<p><span class=\"VIiyi\" lang=\"it\"><span class=\"JLqJ4b\" data-language-for-alternatives=\"it\" data-language-to-translate-into=\"en\" data-phrase-index=\"0\" data-number-of-phrases=\"1\"><span class=\"Q4iAWc\">Nel frattempo, Israele sta espandendo costantemente e in modo allarmante l&#8217;applicabilit\u00e0 del concetto di terrorismo alla popolazione palestinese. Nell&#8217;ultimo decennio abbiamo sentito funzionari israeliani accusare i palestinesi di assurdit\u00e0 come &#8220;terrore edile&#8221; e &#8220;terrore diplomatico&#8221;, mentre solo l&#8217;anno scorso il ministro della Difesa Benny Gantz ha dichiarato che molte delle pi\u00f9 importanti organizzazioni della societ\u00e0 civile palestinese sono &#8220;organizzazioni terroristiche&#8221;. <\/span><\/span><\/span><\/p>\n<p><span class=\"VIiyi\" lang=\"it\"><span class=\"JLqJ4b\" data-language-for-alternatives=\"it\" data-language-to-translate-into=\"en\" data-phrase-index=\"0\" data-number-of-phrases=\"1\"><span class=\"Q4iAWc\">La condotta dei media non \u00e8 solo poco professionale: \u00e8 una pericolosa manipolazione della mentalit\u00e0 pubblica, che non sa pi\u00f9 distinguere tra terrorismo e legittima opposizione. Eppure, paradossalmente, \u00e8 proprio questo pubblico, cio\u00e8 la popolazione civile, ad avere il maggior interesse a preservare questa distinzione, che \u00e8 riconosciuta e ancorata nel diritto internazionale di guerra.<\/span><\/span><\/span><\/p>\n<div id=\"attachment_17626\" style=\"width: 471px\" class=\"wp-caption aligncenter\"><a href=\"http:\/\/reteitalianaism.it\/reteism\/wp-content\/uploads\/2022\/09\/F220904FFF07-1280x853-1.jpg\"><img loading=\"lazy\" decoding=\"async\" aria-describedby=\"caption-attachment-17626\" class=\"wp-image-17626 \" src=\"http:\/\/reteitalianaism.it\/reteism\/wp-content\/uploads\/2022\/09\/F220904FFF07-1280x853-1-300x200.jpg\" alt=\"\" width=\"461\" height=\"307\" srcset=\"https:\/\/reteitalianaism.it\/reteism\/wp-content\/uploads\/2022\/09\/F220904FFF07-1280x853-1-300x200.jpg 300w, https:\/\/reteitalianaism.it\/reteism\/wp-content\/uploads\/2022\/09\/F220904FFF07-1280x853-1-1024x682.jpg 1024w, https:\/\/reteitalianaism.it\/reteism\/wp-content\/uploads\/2022\/09\/F220904FFF07-1280x853-1-768x512.jpg 768w, https:\/\/reteitalianaism.it\/reteism\/wp-content\/uploads\/2022\/09\/F220904FFF07-1280x853-1.jpg 1280w\" sizes=\"auto, (max-width: 461px) 100vw, 461px\" \/><\/a><p id=\"caption-attachment-17626\" class=\"wp-caption-text\">Forze di sicurezza israeliane sulla scena di una sparatoria contro un autobus sulla Strada 90 nella Valle del Giordano, Cisgiordania occupata, 4 settembre 2022. (Flash90)<\/p><\/div>\n<p><span class=\"VIiyi\" lang=\"it\"><span class=\"JLqJ4b\" data-language-for-alternatives=\"it\" data-language-to-translate-into=\"en\" data-phrase-index=\"0\" data-number-of-phrases=\"1\"><span class=\"Q4iAWc\">Non appena una persona indossa un&#8217;uniforme militare, riceve le tutele e i diritti previsti dalle leggi di guerra, come il diritto di usare la violenza, ovviamente entro i limiti di tali leggi. Ma rinunciano anche ad alcune tutele, come diventare un \u201cbersaglio legittimo\u201d nel conflitto armato. Cos\u00ec facendo, il diritto internazionale cerca di segnare chiaramente i limiti della violenza: i combattenti combattono i combattenti, i civili dovrebbero essere esclusi dalla storia. <\/span><\/span><\/span><\/p>\n<p><span class=\"VIiyi\" lang=\"it\"><span class=\"JLqJ4b\" data-language-for-alternatives=\"it\" data-language-to-translate-into=\"en\" data-phrase-index=\"0\" data-number-of-phrases=\"1\"><span class=\"Q4iAWc\">Ma parte del problema \u00e8 che Israele non riconosce nessun palestinese come combattente. Questa categoria semplicemente non esiste nella mentalit\u00e0 legale e politica israeliana, anche quando sono chiaramente contrassegnati come tali, sia come parte di un gruppo armato, che utilizza le armi armi o, in alcuni casi, indossano tute militari. <\/span><\/span><\/span><\/p>\n<p><span class=\"VIiyi\" lang=\"it\"><span class=\"JLqJ4b\" data-language-for-alternatives=\"it\" data-language-to-translate-into=\"en\" data-phrase-index=\"0\" data-number-of-phrases=\"1\"><span class=\"Q4iAWc\">Quando si tratta della lotta palestinese, Israele sceglie di mangiare la sua torta: uccidere i palestinesi come combattenti, mentre li incarcera come civili, non come prigionieri di guerra, come richiesto dal diritto internazionale. <\/span><\/span><\/span><\/p>\n<p><span class=\"VIiyi\" lang=\"it\"><span class=\"JLqJ4b\" data-language-for-alternatives=\"it\" data-language-to-translate-into=\"en\" data-phrase-index=\"0\" data-number-of-phrases=\"1\"><span class=\"Q4iAWc\">Calpestare il diritto internazionale pu\u00f2 servire agli obiettivi violenti e bellicosi del regime israeliano, ma al di l\u00e0 della sua illegalit\u00e0 e immoralit\u00e0, va contro l&#8217;interesse dello stesso pubblico israeliano. Inoltre, anche se non \u00e8 gradito ai commentatori militari, il fatto \u00e8 che il diritto internazionale riconosce il diritto di un popolo a lottare per la sua libert\u00e0, e per &#8220;la liberazione dal controllo coloniale, dall&#8217;apartheid e dall&#8217;occupazione straniera con tutti i mezzi a suo smaltimento, compresa la lotta armata\u201d, come affermato, ad esempio, dalla Commissione delle Nazioni Unite sui diritti umani nel 1982 e dall&#8217;Assemblea generale delle Nazioni Unite nel 1990. <\/span><\/span><\/span><\/p>\n<p><span class=\"VIiyi\" lang=\"it\"><span class=\"JLqJ4b\" data-language-for-alternatives=\"it\" data-language-to-translate-into=\"en\" data-phrase-index=\"0\" data-number-of-phrases=\"1\"><span class=\"Q4iAWc\">Il modo in cui viene usata la violenza e la forza dovrebbe essere conforme alle leggi di guerra, il cui scopo principale \u00e8 proteggere i civili non coinvolti da entrambe le parti. Secondo tutti questi standard legali, la sparatoria nella Valle del Giordano \u00e8 stata un atto di resistenza armata contro una potenza occupante, su una terra occupata.<\/span><\/span><\/span><\/p>\n<div id=\"attachment_17627\" style=\"width: 490px\" class=\"wp-caption aligncenter\"><a href=\"http:\/\/reteitalianaism.it\/reteism\/wp-content\/uploads\/2022\/09\/F210627WH07-1280x853-1.jpg\"><img loading=\"lazy\" decoding=\"async\" aria-describedby=\"caption-attachment-17627\" class=\" wp-image-17627\" src=\"http:\/\/reteitalianaism.it\/reteism\/wp-content\/uploads\/2022\/09\/F210627WH07-1280x853-1-300x200.jpg\" alt=\"\" width=\"480\" height=\"320\" srcset=\"https:\/\/reteitalianaism.it\/reteism\/wp-content\/uploads\/2022\/09\/F210627WH07-1280x853-1-300x200.jpg 300w, https:\/\/reteitalianaism.it\/reteism\/wp-content\/uploads\/2022\/09\/F210627WH07-1280x853-1-1024x682.jpg 1024w, https:\/\/reteitalianaism.it\/reteism\/wp-content\/uploads\/2022\/09\/F210627WH07-1280x853-1-768x512.jpg 768w, https:\/\/reteitalianaism.it\/reteism\/wp-content\/uploads\/2022\/09\/F210627WH07-1280x853-1.jpg 1280w\" sizes=\"auto, (max-width: 480px) 100vw, 480px\" \/><\/a><p id=\"caption-attachment-17627\" class=\"wp-caption-text\">Militanti palestinesi delle Brigate dei martiri di Al-Aqsa, popolarmente considerate l&#8217;ala militare del partito Fatah, in una manifestazione di sostegno ad Halhoul, Cisgiordania occupata, 27 giugno 2021 (Wissam Hashlamoun\/Flash90)<\/p><\/div>\n<p><span class=\"VIiyi\" lang=\"it\"><span class=\"JLqJ4b\" data-language-for-alternatives=\"it\" data-language-to-translate-into=\"en\" data-phrase-index=\"0\" data-number-of-phrases=\"1\"><span class=\"Q4iAWc\">Nonostante le tattiche fumogene israeliane, aiutate da media compiacenti che rigurgiteranno semplicemente ogni singola cosa che il regime dice sui palestinesi, i fatti devono essere dichiarati chiaramente: fintanto che l&#8217;occupazione, che \u00e8 parte integrante del regime di apartheid israeliano tra il fiume e il mare, continua, continuer\u00e0 anche la lotta palestinese contro di essa, anche attraverso l&#8217;uso delle armi. <\/span><\/span><\/span><span class=\"VIiyi\" lang=\"it\"><span class=\"JLqJ4b\" data-language-for-alternatives=\"it\" data-language-to-translate-into=\"en\" data-phrase-index=\"0\" data-number-of-phrases=\"1\"><span class=\"Q4iAWc\">E il diritto di condurre questa lotta \u00e8 ancorato al diritto internazionale. <\/span><\/span><\/span><\/p>\n<p><span class=\"VIiyi\" lang=\"it\"><span class=\"JLqJ4b\" data-language-for-alternatives=\"it\" data-language-to-translate-into=\"en\" data-phrase-index=\"0\" data-number-of-phrases=\"1\"><span class=\"Q4iAWc\">In quanto tale, l&#8217;opinione pubblica israeliana ha interesse che questa lotta sia limitata ai combattenti, piuttosto che trascinare civili non coinvolti &#8211; sia israeliani che palestinesi &#8211; in uno scontro armato. Il diritto int<\/span><\/span><\/span><span class=\"VIiyi\" lang=\"it\"><span class=\"JLqJ4b\" data-language-for-alternatives=\"it\" data-language-to-translate-into=\"en\" data-phrase-index=\"0\" data-number-of-phrases=\"1\"><span class=\"Q4iAWc\">ernazionale, che Israele ignora clamorosamente, \u00e8 stato creato proprio per questo scopo. <\/span><\/span><\/span><\/p>\n<p><span class=\"VIiyi\" lang=\"it\"><span class=\"JLqJ4b\" data-language-for-alternatives=\"it\" data-language-to-translate-into=\"en\" data-phrase-index=\"0\" data-number-of-phrases=\"1\"><span class=\"Q4iAWc\">E se Israele non distingue tra un&#8217;azione contro i soldati di occupazione nelle terre occupate e un&#8217;azione diretta contro i civili non coinvolti nel cuore di Tel Aviv, perch\u00e9 i palestinesi dovrebbero fare la distinzione? <\/span><\/span><\/span><\/p>\n<p><span class=\"VIiyi\" lang=\"it\"><span class=\"JLqJ4b\" data-language-for-alternatives=\"it\" data-language-to-translate-into=\"en\" data-phrase-index=\"0\" data-number-of-phrases=\"1\"><span class=\"Q4iAWc\"><em>Una versione di questo articolo \u00e8 apparsa per la prima volta in ebraico su Local Call.<\/em><br \/>\n<\/span><\/span><\/span><\/p>\n","protected":false},"excerpt":{"rendered":"<p>6 settembre 2022 |Orly Noy https:\/\/www.972mag.com\/soldier-not-a-civilian\/ Confondendo il confine tra combattenti e civili, Israele giustifica la sua repressione dei palestinesi ed etichetta ogni resistenza ad essa come &#8220;terrorismo&#8221;. Questo articolo \u00e8 stato pubblicato in collaborazione con Local Call. La sparatoria &hellip; <a href=\"https:\/\/reteitalianaism.it\/reteism\/index.php\/2022\/09\/13\/un-soldato-non-e-un-civile\/\">Continue reading <span class=\"meta-nav\">&rarr;<\/span><\/a><\/p>\n","protected":false},"author":6,"featured_media":0,"comment_status":"open","ping_status":"open","sticky":false,"template":"","format":"standard","meta":{"footnotes":""},"categories":[3],"tags":[9,37,138],"class_list":["post-17623","post","type-post","status-publish","format-standard","hentry","category-info","tag-apartheid","tag-occupazione","tag-violazioni-del-diritto-internazionale"],"_links":{"self":[{"href":"https:\/\/reteitalianaism.it\/reteism\/index.php\/wp-json\/wp\/v2\/posts\/17623","targetHints":{"allow":["GET"]}}],"collection":[{"href":"https:\/\/reteitalianaism.it\/reteism\/index.php\/wp-json\/wp\/v2\/posts"}],"about":[{"href":"https:\/\/reteitalianaism.it\/reteism\/index.php\/wp-json\/wp\/v2\/types\/post"}],"author":[{"embeddable":true,"href":"https:\/\/reteitalianaism.it\/reteism\/index.php\/wp-json\/wp\/v2\/users\/6"}],"replies":[{"embeddable":true,"href":"https:\/\/reteitalianaism.it\/reteism\/index.php\/wp-json\/wp\/v2\/comments?post=17623"}],"version-history":[{"count":1,"href":"https:\/\/reteitalianaism.it\/reteism\/index.php\/wp-json\/wp\/v2\/posts\/17623\/revisions"}],"predecessor-version":[{"id":17628,"href":"https:\/\/reteitalianaism.it\/reteism\/index.php\/wp-json\/wp\/v2\/posts\/17623\/revisions\/17628"}],"wp:attachment":[{"href":"https:\/\/reteitalianaism.it\/reteism\/index.php\/wp-json\/wp\/v2\/media?parent=17623"}],"wp:term":[{"taxonomy":"category","embeddable":true,"href":"https:\/\/reteitalianaism.it\/reteism\/index.php\/wp-json\/wp\/v2\/categories?post=17623"},{"taxonomy":"post_tag","embeddable":true,"href":"https:\/\/reteitalianaism.it\/reteism\/index.php\/wp-json\/wp\/v2\/tags?post=17623"}],"curies":[{"name":"wp","href":"https:\/\/api.w.org\/{rel}","templated":true}]}}