{"id":17652,"date":"2022-09-17T16:36:16","date_gmt":"2022-09-17T14:36:16","guid":{"rendered":"http:\/\/reteitalianaism.it\/reteism\/?p=17652"},"modified":"2022-09-17T16:36:16","modified_gmt":"2022-09-17T14:36:16","slug":"le-impronte-statunitensi-sui-crimini-israeliani","status":"publish","type":"post","link":"https:\/\/reteitalianaism.it\/reteism\/index.php\/2022\/09\/17\/le-impronte-statunitensi-sui-crimini-israeliani\/","title":{"rendered":"Le impronte statunitensi sui crimini israeliani"},"content":{"rendered":"<p><a href=\"https:\/\/electronicintifada.net\/blogs\/maureen-clare-murphy\/us-fingerprints-israeli-crimes\">https:\/\/electronicintifada.net\/<\/a><\/p>\n<p style=\"text-align: justify;\"><strong>16 settembre 2022<\/strong>\u00a0 \u00a0 \u00a0 \u00a0 <em>Maureen Clare Murphy\u00a0\u00a0<\/em><\/p>\n<p style=\"text-align: justify;\">Le forze di occupazione israeliane hanno gi\u00e0 ucciso 10 palestinesi in Cisgiordania questo mese.<\/p>\n<div id=\"attachment_17653\" style=\"width: 504px\" class=\"wp-caption aligncenter\"><a href=\"http:\/\/reteitalianaism.it\/reteism\/index.php\/2022\/09\/17\/le-impronte-statunitensi-sui-crimini-israeliani\/130722_israel_zu_00_1\/\" rel=\"attachment wp-att-17653\"><img loading=\"lazy\" decoding=\"async\" aria-describedby=\"caption-attachment-17653\" class=\" wp-image-17653\" src=\"http:\/\/reteitalianaism.it\/reteism\/wp-content\/uploads\/2022\/09\/130722_israel_zu_00_1-300x173.jpeg\" alt=\"\" width=\"494\" height=\"285\" srcset=\"https:\/\/reteitalianaism.it\/reteism\/wp-content\/uploads\/2022\/09\/130722_israel_zu_00_1-300x173.jpeg 300w, https:\/\/reteitalianaism.it\/reteism\/wp-content\/uploads\/2022\/09\/130722_israel_zu_00_1-768x443.jpeg 768w, https:\/\/reteitalianaism.it\/reteism\/wp-content\/uploads\/2022\/09\/130722_israel_zu_00_1.jpeg 800w\" sizes=\"auto, (max-width: 494px) 100vw, 494px\" \/><\/a><p id=\"caption-attachment-17653\" class=\"wp-caption-text\">Il 13 luglio il presidente degli Stati Uniti Joe Biden, affiancato dal presidente israeliano Isaac Herzog e dal primo ministro Yair Lapid, arriva all&#8217;aeroporto internazionale Ben Gurion. Koby Gideon Israel GPO<\/p><\/div>\n<p style=\"text-align: justify;\">L&#8217;ultima vittima \u00e8 Odai Salah, un diciassettenne che gioved\u00ec \u00e8 stato preso a colpi di arma da fuoco nel villaggio di Kafr Dan a ovest di Jenin, nella Cisgiordania settentrionale.<\/p>\n<p style=\"text-align: justify;\">L&#8217;adolescente \u00e8 stato ferito a morte durante un&#8217;incursione israeliana a Kafr Dan per prepararsi a demolire le case appartenenti alle famiglie di due palestinesi che mercoled\u00ec avrebbero attaccato un posto di blocco israeliano, uccidendo un ufficiale militare. I due presunti uomini armati &#8211; Ahmad e Abdulrahman Abed &#8211; sono stati uccisi in uno scontro a fuoco che ne \u00e8 seguito.<!--more--><\/p>\n<p style=\"text-align: justify;\">Defence for Children International-Palestine, un gruppo per i diritti umani, ha affermato che un soldato israeliano che occupava una casa palestinese ha sparato due proiettili da una finestra, colpendo Odai alla testa e al petto. Al momento c&#8217;erano scontri tra l&#8217;esercito razziatore e i residenti palestinesi.<\/p>\n<p style=\"text-align: justify;\">Il gruppo per i diritti umani ha affermato che l&#8217;adolescente ucciso era arrivato sul luogo degli scontri su una moto &#8220;tenendo in mano un fucile fatto in casa&#8221;.<\/p>\n<p style=\"text-align: justify;\">&#8220;[Odai] avrebbe tentato di sparare in direzione di veicoli militari israeliani parcheggiati a circa 50 metri (165 piedi) di distanza&#8221;, ha aggiunto Defence for Children International-Palestine.<\/p>\n<p style=\"text-align: justify;\">\u201cUn cecchino israeliano ha sparato almeno due proiettili contro Odai da circa 150 metri (490 piedi) di distanza, uccidendolo. Non \u00e8 chiaro se Odai abbia sparato con l&#8217;arma prima di essere ucciso, secondo le informazioni raccolte dal DCIP&#8221;.<\/p>\n<p style=\"text-align: justify;\">\u00c8 stato il secondo minore ucciso nel villaggio di Kafr Dan quest&#8217;anno; Shawkat Kamel Shawkat Abed, 17 anni, \u00e8 morto dopo essere stato preso a colpi di arma da fuoco dai soldati israeliani ad aprile. Altri due palestinesi \u2013 Shas Kamamji e Mustafa Abu al-Rub \u2013 sono stati uccisi a Kafr Dan durante quel mese.<\/p>\n<p style=\"text-align: justify;\">Circa 90 palestinesi sono stati uccisi in Cisgiordania da soldati e coloni israeliani finora quest&#8217;anno. \u00c8 l&#8217;anno pi\u00f9 mortale nel territorio dal 2015, quando circa 100 palestinesi sono rimasti feriti a morte.<\/p>\n<p style=\"text-align: justify;\">Circa un terzo delle vittime di quest&#8217;anno si trovava nell&#8217;area di Jenin, che \u00e8 stata oggetto di incursioni notturne dopo un&#8217;ondata di attacchi in Israele iniziata a fine marzo.<\/p>\n<p style=\"text-align: justify;\"><strong>\u201cResponsabilit\u00e0 totale\u201d<\/strong><br \/>\nC&#8217;\u00e8 stata una breve tregua di 18 giorni a luglio durante i quali nessun palestinese \u00e8 stato ucciso in Cisgiordania, grazie alle pressioni dell&#8217;amministrazione Biden per evitare un&#8217;ulteriore escalation in vista della visita del presidente degli Stati Uniti.<\/p>\n<p style=\"text-align: justify;\">Per la Washington di Biden, i palestinesi morti sono poco pi\u00f9 che un problema di pubbliche relazioni.<\/p>\n<p style=\"text-align: justify;\">Sotto la pressione dei Democratici al Congresso dopo l&#8217;uccisione del giornalista di Al Jazeera Shireen Abu Akleh a maggio, l&#8217;amministrazione Biden avrebbe chiesto a Israele di rivedere le sue regole di ingaggio.<\/p>\n<p style=\"text-align: justify;\">Abu Akleh, che indossava un elmetto e un giubbotto protettivo che la indicava come stampa quando \u00e8 stata colpita con un proiettile accuratamente puntato, era cittadina statunitense. La sua famiglia richiede un&#8217;indagine statunitense sulla sua morte.<\/p>\n<p style=\"text-align: justify;\">Chris Van Hollen, un senatore degli Stati Uniti, ha dichiarato mercoled\u00ec che il segretario di Stato non ha risposto a una lettera dei legislatori che chiedevano \u201crisposte alle domande fondamentali sulla sparatoria [di Abu Akleh] e una copia del rapporto prodotto dal Coordinatore della sicurezza degli Stati Uniti. &#8220;<\/p>\n<blockquote class=\"twitter-tweet\" data-width=\"550\" data-dnt=\"true\">\n<p lang=\"en\" dir=\"ltr\">In July a group of us wrote to <a href=\"https:\/\/twitter.com\/SecBlinken?ref_src=twsrc%5Etfw\">@SecBlinken<\/a> seeking answers on the shooting death of American journalist Shireen Abu Ahleh &amp; a copy of the US Security Coordinator report. No response yet. Glad today SFRC adopted my amendment demanding we receive the report. Need accountability. <a href=\"https:\/\/t.co\/IUHUASk5wO\">pic.twitter.com\/IUHUASk5wO<\/a><\/p>\n<p>&mdash; Senator Chris Van Hollen (@ChrisVanHollen) <a href=\"https:\/\/twitter.com\/ChrisVanHollen\/status\/1570170567004721152?ref_src=twsrc%5Etfw\">September 14, 2022<\/a><\/p><\/blockquote>\n<p><script async src=\"https:\/\/platform.twitter.com\/widgets.js\" charset=\"utf-8\"><\/script><\/p>\n<p style=\"text-align: justify;\">\nQuel rapporto, pubblicato durante la festa dell&#8217;Indipendenza negli Stati Uniti, riprendeva la linea israeliana secondo cui l&#8217;uccisione di Abu Akleh era un errore operativo e un &#8220;tragico errore&#8221;, affermando senza dimostrare la sua affermazione che non era stata presa di mira deliberatamente, nonostante tutte le prove contrarie.<br \/>\nVan Hollen ha introdotto una legislazione approvata dalla Commissione per le relazioni estere del Senato che richiede al Dipartimento di Stato di fornire il rapporto e ha affermato che &#8220;continuer\u00e0 a premere per la piena responsabilit\u00e0 e trasparenza intorno alla morte di Shireen &#8211; qualsiasi cosa di meno \u00e8 inaccettabile&#8221;.<\/p>\n<p style=\"text-align: justify;\">Gioved\u00ec, il senatore Patrick Leahy ha contestato le conclusioni del coordinatore della sicurezza degli Stati Uniti.<\/p>\n<p style=\"text-align: justify;\">&#8220;L&#8217;USSC, facendo eco alla conclusione [dell&#8217;esercito israeliano], a quanto pare non ha intervistato nessuno dei soldati [israeliani] o altri testimoni&#8221;, ha detto Leahy.<\/p>\n<p style=\"text-align: justify;\">\u201cDire che colpire a morte una persona disarmata, e in questo caso con PRESS scritto in grassetto sui suoi vestiti, non era intenzionale, senza fornire alcuna prova a sostegno di tale conclusione, mette in discussione l&#8217;impegno del Dipartimento di Stato per un&#8217;attivit\u00e0 indipendente e una credibile indagine e di &#8216;seguire i fatti&#8217;\u201d.<\/p>\n<p style=\"text-align: justify;\">Ha aggiunto che la legge Leahy deve essere applicata se l&#8217;uccisione di Abu Akleh \u00e8 stata intenzionale e nessuno \u00e8 ritenuto responsabile da Israele.<\/p>\n<p style=\"text-align: justify;\">La legge Leahy del 1997, dal nome del senatore Leahy, che l&#8217;ha sponsorizzata, proibisce agli Stati Uniti di fornire assistenza militare a unit\u00e0 di forze armate straniere quando ci sono informazioni credibili che tali unit\u00e0 hanno violato impunemente i diritti umani.<\/p>\n<p style=\"text-align: justify;\">Pur affermando di sostenere la responsabilit\u00e0 per l&#8217;uccisione di Abu Akleh, l&#8217;amministrazione Biden ha rinviato al meccanismo di autoindagine di Israele, a lungo screditato dalle organizzazioni internazionali e dai gruppi per i diritti umani.<\/p>\n<p style=\"text-align: justify;\">Israele ha annunciato i risultati della sua indagine interna all&#8217;inizio di questo mese, ammettendo che uno dei suoi soldati \u00e8 probabilmente responsabile della morte del giornalista.<\/p>\n<p style=\"text-align: justify;\">Secondo l&#8217;esercito israeliano, Abu Akleh \u00e8 stata &#8220;erroneamente colpita da un soldato israeliano mentre era sotto il fuoco e stava usando un cannocchiale telescopico e l&#8217;ha identificata erroneamente come una palestinese armata&#8221;, come riportato da Haaretz, un quotidiano israeliano.<\/p>\n<p style=\"text-align: justify;\">Testimonianze oculari e filmati dalla scena chiariscono che non erano presenti palestinesi armati e che i soldati israeliani non sono stati presi di mira nel momento in cui Abu Akleh &#8220;\u00e8 stata intenzionalmente presa di mira con colpi mirati&#8221;, come ha detto alla CNN un esperto di armi da fuoco.<\/p>\n<p style=\"text-align: justify;\">Yair Lapid, il primo ministro israeliano, ha respinto le richieste prive di mordente di Washington, affermando la scorsa settimana che &#8220;nessuno ci detter\u00e0 regolamenti sul fuoco aperto quando stiamo combattendo per le nostre vite&#8221;.<\/p>\n<p style=\"text-align: justify;\">Ha aggiunto che &#8220;non avrebbe permesso loro di processare un soldato [israeliano] che si \u00e8 difeso dal fuoco dei terroristi, solo per ricevere un applauso dal mondo&#8221;.<\/p>\n<p style=\"text-align: justify;\">Anche Benny Gantz, ministro della Difesa israeliano, ha affermato che le regole di ingaggio dell&#8217;esercito sono stabilite dal capo di stato maggiore \u201ce continuer\u00e0 a stabilire la politica del fuoco aperto in conformit\u00e0 con le esigenze operative e la dottrina etica dell'[esercito israeliano]. &#8220;<\/p>\n<blockquote class=\"twitter-tweet\" data-width=\"550\" data-dnt=\"true\">\n<p lang=\"en\" dir=\"ltr\">To the int&#39;l community, they say &#8211; we have the most moral army in the world, with some of the strictest rules of engagement of any army, we don&#39;t shoot if there&#39;s any danger to civilians, even if that means putting our own soldiers in danger.<\/p>\n<p>&mdash; Breaking the Silence (@BtSIsrael) <a href=\"https:\/\/twitter.com\/BtSIsrael\/status\/1567866493223714817?ref_src=twsrc%5Etfw\">September 8, 2022<\/a><\/p><\/blockquote>\n<p><script async src=\"https:\/\/platform.twitter.com\/widgets.js\" charset=\"utf-8\"><\/script><\/p>\n<p style=\"text-align: justify;\">Quelle regole di ingaggio sono classificate e apparentemente nemmeno ben comprese dai soldati, ai quali in ogni caso \u00e8 stato assicurato dai leader pi\u00f9 anziani di Israele che non dovranno affrontare alcuna conseguenza per aver mutilato e ucciso i palestinesi.<br \/>\nE Tom Nides, l&#8217;ambasciatore degli Stati Uniti in Israele, ha a sua volta assicurato a Tel Aviv, che riceve un minimo di 3,8 miliardi di dollari in assistenza militare da Washington ogni anno, che &#8220;Israele \u00e8 un paese sovrano e prender\u00e0 le proprie decisioni&#8221;.<\/p>\n<p style=\"text-align: justify;\">Nel frattempo, i funzionari del Dipartimento di Stato sono preoccupati di mantenere la &#8220;cooperazione per la sicurezza&#8221; dell&#8217;Autorit\u00e0 Palestinese con Israele, piuttosto che proteggere il diritto alla vita dei palestinesi, per non parlare di porre fine all&#8217;occupazione militare della Cisgiordania e della Striscia di Gaza.<\/p>\n<p style=\"text-align: justify;\"><strong>Designazione di gruppi terroristici<\/strong><br \/>\nMa Tel Aviv sa che alla fine non pu\u00f2 farla franca con i suoi crimini senza la copertura di Washington.<\/p>\n<p style=\"text-align: justify;\">E cos\u00ec Israele ha inviato funzionari nella capitale degli Stati Uniti per persuadere il Dipartimento di Stato a sostenere la sua designazione di importanti gruppi palestinesi come organizzazioni &#8220;terroristiche&#8221;, una mossa ampiamente condannata dai legislatori progressisti e persino da alcuni gruppi sionisti liberali negli Stati Uniti.<\/p>\n<p style=\"text-align: justify;\">I gruppi presi di mira includono Addameer, Al-Haq, Bisan Center for Research &amp; Development, Defense for Children International-Palestine, l&#8217;Unione dei comitati delle donne palestinesi, l&#8217;Unione dei comitati del lavoro agricolo e l&#8217;Unione dei comitati del lavoro sanitario.<\/p>\n<p style=\"text-align: justify;\">Israele ha fatto irruzione e sigillato gli uffici delle organizzazioni nell&#8217;area di Ramallah, sede dell&#8217;Autorit\u00e0 Palestinese in Cisgiordania, ad agosto.<\/p>\n<p style=\"text-align: justify;\">Diversi stati dell&#8217;Unione Europea hanno pubblicamente respinto le accuse di Israele e si sono impegnati a continuare a finanziare i gruppi presi di mira, alcuni dei quali hanno fornito prove per le indagini sui crimini di guerra alla Corte penale internazionale in Palestina.<\/p>\n<p style=\"text-align: justify;\">Ma come ha detto alla pubblicazione Mondoweiss Mary Lawlor, esperta indipendente delle Nazioni Unite sui difensori dei diritti umani, non \u00e8 abbastanza per fermare la persecuzione da parte di Israele dei leader della societ\u00e0 civile palestinese.<\/p>\n<p style=\"text-align: justify;\">&#8220;Devono davvero fare pi\u00f9 leva per fermare questi attacchi aggressivi e per far revocare questa designazione di terrorista&#8221;, ha detto Lawlor.<\/p>\n<p style=\"text-align: justify;\">E Washington deve essere obbligata a esercitare una pressione significativa su Israele.<\/p>\n<p style=\"text-align: justify;\">&#8220;Un centimetro degli Stati Uniti vale pi\u00f9 di un metro dell&#8217;UE&#8221;, ha affermato.<\/p>\n","protected":false},"excerpt":{"rendered":"<p>https:\/\/electronicintifada.net\/ 16 settembre 2022\u00a0 \u00a0 \u00a0 \u00a0 Maureen Clare Murphy\u00a0\u00a0 Le forze di occupazione israeliane hanno gi\u00e0 ucciso 10 palestinesi in Cisgiordania questo mese. L&#8217;ultima vittima \u00e8 Odai Salah, un diciassettenne che gioved\u00ec \u00e8 stato preso a colpi di arma &hellip; <a href=\"https:\/\/reteitalianaism.it\/reteism\/index.php\/2022\/09\/17\/le-impronte-statunitensi-sui-crimini-israeliani\/\">Continue reading <span class=\"meta-nav\">&rarr;<\/span><\/a><\/p>\n","protected":false},"author":2,"featured_media":0,"comment_status":"open","ping_status":"open","sticky":false,"template":"","format":"standard","meta":{"footnotes":""},"categories":[3,68],"tags":[23,37,138,150],"class_list":["post-17652","post","type-post","status-publish","format-standard","hentry","category-info","category-opinioni","tag-diritti-umani","tag-occupazione","tag-violazioni-del-diritto-internazionale","tag-violenza-dellesercito"],"_links":{"self":[{"href":"https:\/\/reteitalianaism.it\/reteism\/index.php\/wp-json\/wp\/v2\/posts\/17652","targetHints":{"allow":["GET"]}}],"collection":[{"href":"https:\/\/reteitalianaism.it\/reteism\/index.php\/wp-json\/wp\/v2\/posts"}],"about":[{"href":"https:\/\/reteitalianaism.it\/reteism\/index.php\/wp-json\/wp\/v2\/types\/post"}],"author":[{"embeddable":true,"href":"https:\/\/reteitalianaism.it\/reteism\/index.php\/wp-json\/wp\/v2\/users\/2"}],"replies":[{"embeddable":true,"href":"https:\/\/reteitalianaism.it\/reteism\/index.php\/wp-json\/wp\/v2\/comments?post=17652"}],"version-history":[{"count":2,"href":"https:\/\/reteitalianaism.it\/reteism\/index.php\/wp-json\/wp\/v2\/posts\/17652\/revisions"}],"predecessor-version":[{"id":17655,"href":"https:\/\/reteitalianaism.it\/reteism\/index.php\/wp-json\/wp\/v2\/posts\/17652\/revisions\/17655"}],"wp:attachment":[{"href":"https:\/\/reteitalianaism.it\/reteism\/index.php\/wp-json\/wp\/v2\/media?parent=17652"}],"wp:term":[{"taxonomy":"category","embeddable":true,"href":"https:\/\/reteitalianaism.it\/reteism\/index.php\/wp-json\/wp\/v2\/categories?post=17652"},{"taxonomy":"post_tag","embeddable":true,"href":"https:\/\/reteitalianaism.it\/reteism\/index.php\/wp-json\/wp\/v2\/tags?post=17652"}],"curies":[{"name":"wp","href":"https:\/\/api.w.org\/{rel}","templated":true}]}}