{"id":17672,"date":"2022-09-22T17:38:30","date_gmt":"2022-09-22T15:38:30","guid":{"rendered":"http:\/\/reteitalianaism.it\/reteism\/?p=17672"},"modified":"2022-09-22T17:38:30","modified_gmt":"2022-09-22T15:38:30","slug":"trenta-prigionieri-palestinesi-annunciano-lo-sciopero-della-fame-per-finire-la-detenzione-amministrativa","status":"publish","type":"post","link":"https:\/\/reteitalianaism.it\/reteism\/index.php\/2022\/09\/22\/trenta-prigionieri-palestinesi-annunciano-lo-sciopero-della-fame-per-finire-la-detenzione-amministrativa\/","title":{"rendered":"Trenta prigionieri palestinesi annunciano lo sciopero della fame per finire la detenzione amministrativa"},"content":{"rendered":"<p><a href=\"https:\/\/samidoun.net\/2022\/09\/thirty-palestinian-prisoners-announce-plans-for-hunger-strike-to-endadministrativedetention\/\">https:\/\/samidoun.net\/<\/a><br \/>\n<strong>21 settembre 2022<\/strong><\/p>\n<p style=\"text-align: justify;\">Trenta prigionieri palestinesi incarcerati senza accusa n\u00e9 processo in detenzione amministrativa hanno annunciato che lanceranno uno sciopero della fame il 25 settembre 2022. Lo sciopero, con lo slogan &#8220;La nostra decisione \u00e8 libert\u00e0&#8230; il nostro sciopero \u00e8 libert\u00e0&#8221;, richiede la fine della reclusione senza accusa o processo.<a href=\"http:\/\/reteitalianaism.it\/reteism\/index.php\/2022\/09\/22\/trenta-prigionieri-palestinesi-annunciano-lo-sciopero-della-fame-per-finire-la-detenzione-amministrativa\/attachment\/275340466\/\" rel=\"attachment wp-att-17673\"><img loading=\"lazy\" decoding=\"async\" class=\"aligncenter  wp-image-17673\" src=\"http:\/\/reteitalianaism.it\/reteism\/wp-content\/uploads\/2022\/09\/275340466-300x158.jpeg\" alt=\"\" width=\"494\" height=\"260\" srcset=\"https:\/\/reteitalianaism.it\/reteism\/wp-content\/uploads\/2022\/09\/275340466-300x158.jpeg 300w, https:\/\/reteitalianaism.it\/reteism\/wp-content\/uploads\/2022\/09\/275340466-768x405.jpeg 768w, https:\/\/reteitalianaism.it\/reteism\/wp-content\/uploads\/2022\/09\/275340466.jpeg 947w\" sizes=\"auto, (max-width: 494px) 100vw, 494px\" \/><\/a><\/p>\n<p style=\"text-align: justify;\">Attualmente ci sono oltre 740 prigionieri palestinesi incarcerati in base a ordini di detenzione amministrativa su un totale di circa 4.650 prigionieri palestinesi totali nelle carceri di occupazione. La detenzione amministrativa \u00e8 stata introdotta in Palestina per la prima volta dal mandato coloniale britannico prima di essere adottata dal progetto sionista. Gli ordini di detenzione possono essere emessi per un massimo di sei mesi alla volta e sono rinnovabili indefinitamente, con molti palestinesi che trascorrono anni in carcere in detenzione amministrativa, e n\u00e9 loro n\u00e9 le loro famiglie e comunit\u00e0 sono mai sicuri di quando saranno rilasciati, un ulteriore forma di punizione collettiva e tortura psicologica.<!--more--><\/p>\n<p style=\"text-align: justify;\">Il ramo carcerario del Fronte popolare per la liberazione della Palestina ha rilasciato una dichiarazione in cui afferma che \u201cQuesti 30 prigionieri hanno trascorso quasi 200 anni in detenzione amministrativa presi insieme. Duecento anni di prigionia senza accusa n\u00e9 processo per capriccio degli agenti dell&#8217;intelligence dell&#8217;occupazione&#8230; centinaia di anni, durante i quali l&#8217;occupazione ci ha impedito di abbracciare le nostre famiglie o di vedere i nostri figli mentre nascevano o crescevano. Non abbiamo mai festeggiato i loro compleanni, non li abbiamo accompagnati il \u200b\u200bprimo giorno di scuola. Non abbiamo condiviso i ricordi della loro festa di laurea, e gli ufficiali dei servizi segreti sono poi venuti a dirci: &#8220;Vi priveremo della gioia del matrimonio dei vostri figli e delle vostre figlie&#8221;. Duecento anni in cui abbiamo perso padri, madri e fratelli, e le nostre mogli hanno imparato di aver sposato un fantasma che viveva nel buio delle celle su richiesta di un carceriere fascista.<\/p>\n<p style=\"text-align: justify;\">I detenuti amministrativi hanno inoltre richiamato l&#8217;attenzione sulla ripetuta imposizione di detenzione amministrativa ai prigionieri che erano stati rilasciati, rilevando che molti vengono rilasciati solo per pochi mesi prima di essere nuovamente gettati in detenzione arbitraria senza accusa n\u00e9 processo. Infatti, mercoled\u00ec 21 settembre, l&#8217;ex detenuto amministrativo Hisham Abu Hawash, che ha ottenuto la libert\u00e0 nel febbraio 2022 dopo un lungo sciopero della fame, \u00e8 stato nuovamente sequestrato dalle forze di occupazione, cos\u00ec come altri due ex scioperanti della fame di lunga durata che hanno vinto la loro libert\u00e0 dalla detenzione amministrativa, Ayman al-Tabeesh e Adel Hreibat.<\/p>\n<p style=\"text-align: justify;\">Nella dichiarazione dei detenuti si legge: \u201cSi tratta infatti di una condanna all&#8217;ergastolo, intervallata da periodi di libert\u00e0 di due mesi o forse un po&#8217; di pi\u00f9 tra due arresti di due anni ciascuno, cio\u00e8 tra quattro anni di reclusione e quattro mesi di libert\u00e0 e forse meno, quindi abbiamo un mese di libert\u00e0 per ogni anno di detenzione\u201d.<\/p>\n<p style=\"text-align: justify;\">\u201cRinunciamo alle nostre briciole di pane e stringiamo le cinture contro lo stomaco. Ci nutriamo di dignit\u00e0 e gli strumenti dell&#8217;oppressione non possono togliercela. Respiriamo libert\u00e0 di fronte all&#8217;ingiustizia, al razzismo e alla politica dell&#8217;uccisione lenta. Alziamo le nostre voci e i nostri pugni, e dichiariamo: &#8216;Prendi la nostra carne e stringi il tuo pugno brutale, torturaci, legaci e diffondi l&#8217;odore della morte intorno a noi, uccidici e prendi i corpi dei nostri martiri, ruba tutto&#8230; ma sappi che la nostra lotta continua e semineremo gioia, vita e speranza, e la nostra lotta per la libert\u00e0 e l&#8217;umanit\u00e0 libera dal tormento non si fermer\u00e0&#8217;\u201d.<\/p>\n<p style=\"text-align: justify;\">Hanno esortato palestinesi, arabi e forze internazionali a unirsi per creare sostegno alla battaglia dei detenuti amministrativi e al movimento dei prigionieri. Samidoun Palestine Prisoner Solidarity Network esorta tutti i sostenitori della Palestina e la lotta dei prigionieri a unirsi alla campagna per porre fine alla detenzione amministrativa e sostenere questi valorosi prigionieri che mettono i loro corpi e le loro vite in pericolo per resistere e lottare per una Palestina liberata, attraverso il loro sciopero della fame per la libert\u00e0.<\/p>\n<p style=\"text-align: justify;\">Scarica questi volantini e poster distribuibili per evidenziare la lotta per la liberazione dei prigionieri palestinesi:<\/p>\n<p style=\"text-align: justify;\">Manifesto\/segno: Fine della detenzione amministrativa<br \/>\nPoster\/segno: Free Hunger Strikers e tutti i prigionieri<br \/>\nPoster\/cartello \u2013 Fine della detenzione amministrativa (con bandiera palestinese)<br \/>\n1. Mobilitare azioni, manifestazioni e interventi creativi \u2013 Scendi in piazza per difendere il popolo palestinese e la sua resistenza! Come \u00e8 stato chiarito durante l&#8217;Intifada dell&#8217;Unit\u00e0\/Seif al-Quds nel maggio 2021, c&#8217;\u00e8 un vasto sostegno al popolo palestinese in tutto il mondo, anche all&#8217;interno delle potenze imperialiste. \u00c8 nostra responsabilit\u00e0 agire e rendere impossibile continuare a sostenere i crimini contro il popolo palestinese.<\/p>\n<p style=\"text-align: justify;\">2. Costruire il boicottaggio di Israele \u2013 Questo \u00e8 un momento critico per intensificare la campagna per isolare il regime israeliano a tutti i livelli, anche attraverso campagne di boicottaggio che prendono di mira l&#8217;economia dell&#8217;occupazione con lo sfruttamento della terra, delle persone e delle risorse palestinesi, nonch\u00e9 di quelle societ\u00e0 internazionali, come HP e G4S, che traggono profitto dalla colonizzazione in corso della Palestina.<\/p>\n","protected":false},"excerpt":{"rendered":"<p>https:\/\/samidoun.net\/ 21 settembre 2022 Trenta prigionieri palestinesi incarcerati senza accusa n\u00e9 processo in detenzione amministrativa hanno annunciato che lanceranno uno sciopero della fame il 25 settembre 2022. Lo sciopero, con lo slogan &#8220;La nostra decisione \u00e8 libert\u00e0&#8230; il nostro sciopero &hellip; <a href=\"https:\/\/reteitalianaism.it\/reteism\/index.php\/2022\/09\/22\/trenta-prigionieri-palestinesi-annunciano-lo-sciopero-della-fame-per-finire-la-detenzione-amministrativa\/\">Continue reading <span class=\"meta-nav\">&rarr;<\/span><\/a><\/p>\n","protected":false},"author":2,"featured_media":0,"comment_status":"open","ping_status":"open","sticky":false,"template":"","format":"standard","meta":{"footnotes":""},"categories":[3,68,67],"tags":[70,42,44,155],"class_list":["post-17672","post","type-post","status-publish","format-standard","hentry","category-info","category-opinioni","category-prigionieri","tag-detenzione-amministrativa","tag-resistenza","tag-sciopero-della-fame-2","tag-west-bank-occupata"],"_links":{"self":[{"href":"https:\/\/reteitalianaism.it\/reteism\/index.php\/wp-json\/wp\/v2\/posts\/17672","targetHints":{"allow":["GET"]}}],"collection":[{"href":"https:\/\/reteitalianaism.it\/reteism\/index.php\/wp-json\/wp\/v2\/posts"}],"about":[{"href":"https:\/\/reteitalianaism.it\/reteism\/index.php\/wp-json\/wp\/v2\/types\/post"}],"author":[{"embeddable":true,"href":"https:\/\/reteitalianaism.it\/reteism\/index.php\/wp-json\/wp\/v2\/users\/2"}],"replies":[{"embeddable":true,"href":"https:\/\/reteitalianaism.it\/reteism\/index.php\/wp-json\/wp\/v2\/comments?post=17672"}],"version-history":[{"count":2,"href":"https:\/\/reteitalianaism.it\/reteism\/index.php\/wp-json\/wp\/v2\/posts\/17672\/revisions"}],"predecessor-version":[{"id":17675,"href":"https:\/\/reteitalianaism.it\/reteism\/index.php\/wp-json\/wp\/v2\/posts\/17672\/revisions\/17675"}],"wp:attachment":[{"href":"https:\/\/reteitalianaism.it\/reteism\/index.php\/wp-json\/wp\/v2\/media?parent=17672"}],"wp:term":[{"taxonomy":"category","embeddable":true,"href":"https:\/\/reteitalianaism.it\/reteism\/index.php\/wp-json\/wp\/v2\/categories?post=17672"},{"taxonomy":"post_tag","embeddable":true,"href":"https:\/\/reteitalianaism.it\/reteism\/index.php\/wp-json\/wp\/v2\/tags?post=17672"}],"curies":[{"name":"wp","href":"https:\/\/api.w.org\/{rel}","templated":true}]}}