{"id":17708,"date":"2022-09-29T21:02:02","date_gmt":"2022-09-29T19:02:02","guid":{"rendered":"http:\/\/reteitalianaism.it\/reteism\/?p=17708"},"modified":"2022-09-29T21:02:02","modified_gmt":"2022-09-29T19:02:02","slug":"ragazzo-palestinese-di-7-anni-muore-inseguito-dallesercito-israeliano","status":"publish","type":"post","link":"https:\/\/reteitalianaism.it\/reteism\/index.php\/2022\/09\/29\/ragazzo-palestinese-di-7-anni-muore-inseguito-dallesercito-israeliano\/","title":{"rendered":"Ragazzo palestinese di 7 anni muore inseguito dall&#8217;esercito israeliano"},"content":{"rendered":"<p><a href=\"https:\/\/www.middleeastmonitor.com\/20220929-palestinian-boy-7-dies-after-being-chased-by-israel-army\/\">https:\/\/www.middleeastmonitor.com\/<\/a><br \/>\n<strong>29 settembre 2022 <\/strong><br \/>\nUn bambino palestinese di 7 anni \u00e8 morto gioved\u00ec, mentre veniva inseguito dalle forze israeliane nella Cisgiordania occupata, secondo il ministero della Salute, riporta l&#8217;agenzia di stampa Anadolu.<\/p>\n<div style=\"width: 506px\" class=\"wp-caption alignnone\"><img loading=\"lazy\" decoding=\"async\" class=\"\" src=\"https:\/\/i0.wp.com\/www.middleeastmonitor.com\/wp-content\/uploads\/2022\/09\/Fd0cCBZX0AEip2y-e1664465833458.jpg?resize=937%2C625&amp;quality=85&amp;strip=all&amp;zoom=1&amp;ssl=1\" alt=\"Rayyan Suleiman, from the town of Tuqu near Bethlehem city, had fallen from a height while running away from Israeli soldiers [@IntellecFront\/Twitter]\" width=\"496\" height=\"331\" \/><p class=\"wp-caption-text\">Rayyan Suleiman, della citt\u00e0 di Tuqu vicino alla citt\u00e0 di Betlemme, \u00e8 caduto dall&#8217;alto mentre scappava da soldati israeliani [@IntellecFront\/Twitter]<\/p><\/div>\n<p style=\"text-align: justify;\">Una dichiarazione del ministero afferma che Rayyan Suleiman, della citt\u00e0 di Tuqu vicino alla citt\u00e0 di Betlemme, \u00e8 caduto dall&#8217;alto mentre scappava dai soldati israeliani.<\/p>\n<p style=\"text-align: justify;\">I medici non sono riusciti a salvargli la vita ed \u00e8 stato dichiarato morto poco dopo essere stato ricoverato all&#8217;ospedale di Beit Jala, afferma la dichiarazione.<\/p>\n<p style=\"text-align: justify;\">L&#8217;esercito israeliano, da parte sua, ha negato qualsiasi collegamento con la morte del bambino.<\/p>\n<p style=\"text-align: justify;\">Una dichiarazione militare ha affermato che le forze israeliane si sono precipitate nella citt\u00e0 di Tuqu per cercare i lanciatori di pietre, affermando che durante le perquisizioni non si sono verificate proteste e non sono state utilizzate armi o metodi di dispersione delle rivolte.<\/p>\n<p style=\"text-align: justify;\">Mercoled\u00ec, quattro palestinesi sono stati uccisi e dozzine feriti dal fuoco dell&#8217;esercito israeliano durante le proteste nella citt\u00e0 di Jenin, in Cisgiordania.<\/p>\n","protected":false},"excerpt":{"rendered":"<p>https:\/\/www.middleeastmonitor.com\/ 29 settembre 2022 Un bambino palestinese di 7 anni \u00e8 morto gioved\u00ec, mentre veniva inseguito dalle forze israeliane nella Cisgiordania occupata, secondo il ministero della Salute, riporta l&#8217;agenzia di stampa Anadolu. Una dichiarazione del ministero afferma che Rayyan Suleiman, &hellip; <a href=\"https:\/\/reteitalianaism.it\/reteism\/index.php\/2022\/09\/29\/ragazzo-palestinese-di-7-anni-muore-inseguito-dallesercito-israeliano\/\">Continue reading <span class=\"meta-nav\">&rarr;<\/span><\/a><\/p>\n","protected":false},"author":2,"featured_media":0,"comment_status":"open","ping_status":"open","sticky":false,"template":"","format":"standard","meta":{"footnotes":""},"categories":[3],"tags":[23,41,51],"class_list":["post-17708","post","type-post","status-publish","format-standard","hentry","category-info","tag-diritti-umani","tag-pulizia-etnica","tag-violenza-sui-minori"],"_links":{"self":[{"href":"https:\/\/reteitalianaism.it\/reteism\/index.php\/wp-json\/wp\/v2\/posts\/17708","targetHints":{"allow":["GET"]}}],"collection":[{"href":"https:\/\/reteitalianaism.it\/reteism\/index.php\/wp-json\/wp\/v2\/posts"}],"about":[{"href":"https:\/\/reteitalianaism.it\/reteism\/index.php\/wp-json\/wp\/v2\/types\/post"}],"author":[{"embeddable":true,"href":"https:\/\/reteitalianaism.it\/reteism\/index.php\/wp-json\/wp\/v2\/users\/2"}],"replies":[{"embeddable":true,"href":"https:\/\/reteitalianaism.it\/reteism\/index.php\/wp-json\/wp\/v2\/comments?post=17708"}],"version-history":[{"count":1,"href":"https:\/\/reteitalianaism.it\/reteism\/index.php\/wp-json\/wp\/v2\/posts\/17708\/revisions"}],"predecessor-version":[{"id":17709,"href":"https:\/\/reteitalianaism.it\/reteism\/index.php\/wp-json\/wp\/v2\/posts\/17708\/revisions\/17709"}],"wp:attachment":[{"href":"https:\/\/reteitalianaism.it\/reteism\/index.php\/wp-json\/wp\/v2\/media?parent=17708"}],"wp:term":[{"taxonomy":"category","embeddable":true,"href":"https:\/\/reteitalianaism.it\/reteism\/index.php\/wp-json\/wp\/v2\/categories?post=17708"},{"taxonomy":"post_tag","embeddable":true,"href":"https:\/\/reteitalianaism.it\/reteism\/index.php\/wp-json\/wp\/v2\/tags?post=17708"}],"curies":[{"name":"wp","href":"https:\/\/api.w.org\/{rel}","templated":true}]}}