{"id":17875,"date":"2022-10-29T21:49:54","date_gmt":"2022-10-29T19:49:54","guid":{"rendered":"http:\/\/reteitalianaism.it\/reteism\/?p=17875"},"modified":"2022-10-29T21:51:35","modified_gmt":"2022-10-29T19:51:35","slug":"un-nuovo-spirito-di-resistenza","status":"publish","type":"post","link":"https:\/\/reteitalianaism.it\/reteism\/index.php\/2022\/10\/29\/un-nuovo-spirito-di-resistenza\/","title":{"rendered":"Un nuovo spirito di resistenza"},"content":{"rendered":"<p style=\"text-align: justify;\"><a href=\"https:\/\/electronicintifada.net\/content\/new-spirit-resistance\/36581\">https:\/\/electronicintifada.net\/<\/a><br \/>\n<strong>28 ottobre 2022\u00a0<\/strong> \u00a0 \u00a0 \u00a0 \u00a0 <em>Ahmed Abu Artema<\/em><\/p>\n<p style=\"text-align: justify;\">Per un gran numero di palestinesi, Udai Tamimi \u00e8 un modello. \u00c8 stato ucciso difendendo la sua patria e la dignit\u00e0 del suo popolo.<\/p>\n<div id=\"attachment_17876\" style=\"width: 504px\" class=\"wp-caption aligncenter\"><a href=\"http:\/\/reteitalianaism.it\/reteism\/index.php\/2022\/10\/29\/un-nuovo-spirito-di-resistenza\/201022_hebron_mn_1_00_20\/\" rel=\"attachment wp-att-17876\"><img loading=\"lazy\" decoding=\"async\" aria-describedby=\"caption-attachment-17876\" class=\" wp-image-17876\" src=\"http:\/\/reteitalianaism.it\/reteism\/wp-content\/uploads\/2022\/10\/201022_hebron_mn_1_00_20-300x186.jpeg\" alt=\"\" width=\"494\" height=\"306\" srcset=\"https:\/\/reteitalianaism.it\/reteism\/wp-content\/uploads\/2022\/10\/201022_hebron_mn_1_00_20-300x186.jpeg 300w, https:\/\/reteitalianaism.it\/reteism\/wp-content\/uploads\/2022\/10\/201022_hebron_mn_1_00_20-768x477.jpeg 768w, https:\/\/reteitalianaism.it\/reteism\/wp-content\/uploads\/2022\/10\/201022_hebron_mn_1_00_20.jpeg 800w\" sizes=\"auto, (max-width: 494px) 100vw, 494px\" \/><\/a><p id=\"caption-attachment-17876\" class=\"wp-caption-text\">Non importa quanto brutalmente si comporti Israele, non sconfigger\u00e0 mai i palestinesi. Mamoun Wazwaz Immagini APA<\/p><\/div>\n<p style=\"text-align: justify;\">L&#8217;8 ottobre, Tamimi ha ucciso a colpi di arma da fuoco un soldato israeliano vicino a Shuafat, un campo profughi nell&#8217;area di Gerusalemme.<\/p>\n<p style=\"text-align: justify;\">Sebbene ci fossero un certo numero di altri soldati sulla scena, nessuno \u00e8 riuscito a catturare o uccidere Tamimi. Dopo essere fuggito, Tamimi \u00e8 rimasto latitante per 11 giorni.<!--more--><\/p>\n<p style=\"text-align: justify;\">Durante quel periodo, le forze israeliane hanno bloccato Shuafat e condotto ricerche approfondite per cercare di localizzare Tamimi.<\/p>\n<p style=\"text-align: justify;\">La gente del posto nel campo ha fatto del suo meglio per sventare la caccia all&#8217;uomo. Molti giovani si sono rasati la testa per assomigliare a Tamimi e confondere i soldati israeliani che lo stavano cercando.<\/p>\n<p style=\"text-align: justify;\">Tamimi \u00e8 uscito dalla clandestinit\u00e0 il 19 ottobre in modo altamente drammatico.<\/p>\n<p style=\"text-align: justify;\">Lo ha fatto sparando alle guardie di sicurezza israeliane vicino a Maaleh Adumim, un enorme insediamento in Cisgiordania.<\/p>\n<p style=\"text-align: justify;\">Tamimi \u00e8 stato prontamente preso di mira lui stesso, ma ha continuato a sparare anche mentre giaceva a terra, ferito. Mor\u00ec poco tempo dopo.<\/p>\n<p style=\"text-align: justify;\">Una volta confermata la sua morte, la stampa israeliana ha pubblicato un video di Tamimi che cade in mezzo a una pioggia di proiettili.<\/p>\n<p style=\"text-align: justify;\">Non \u00e8 chiaro se l&#8217;intenzione alla base della diffusione di queste immagini fosse quella di placare le paure israeliane o di umiliare i palestinesi. Indipendentemente dall&#8217;intenzione, la mossa gli si \u00e8 ritorta contro.<\/p>\n<p style=\"text-align: justify;\">Grazie al video, abbiamo prove evidenti dell&#8217;eccezionale coraggio di Tamimi.<\/p>\n<p style=\"text-align: justify;\">Gli ultimi momenti di Tamimi mostrano la vittima palestinese che resiste all&#8217;aggressore israeliano. Un palestinese la cui patria \u00e8 stata rubata e ha corteggiato la morte.<\/p>\n<p style=\"text-align: justify;\">Tale coraggio non emerge dal nulla. Nasce da una convinzione nella giustizia della causa palestinese.<\/p>\n<p style=\"text-align: justify;\"><strong>Forza motrice<\/strong><br \/>\nLa storia di Udai Tamimi va inserita in un contesto pi\u00f9 ampio.<\/p>\n<p style=\"text-align: justify;\">Negli ultimi mesi, la situazione in Cisgiordania \u00e8 cambiata notevolmente.<\/p>\n<p style=\"text-align: justify;\">Si \u00e8 sviluppato un nuovo spirito. Le persone hanno trovato una nuova forza.<\/p>\n<p style=\"text-align: justify;\">Ogni giorno i palestinesi compiono qualche atto di resistenza o protesta contro l&#8217;occupazione israeliana.<\/p>\n<p style=\"text-align: justify;\">La forza trainante di questa ondata di resistenza sono i giovani che non hanno preso parte alla prima o alla seconda intifada.<\/p>\n<p style=\"text-align: justify;\">Udai Tamimi aveva appena 22 anni. Ibrahim al-Nabulsi, ucciso dall&#8217;esercito israeliano ad agosto, \u00e8 nato nel 2003.<\/p>\n<p style=\"text-align: justify;\">Al-Nabulsi non era nato quando l&#8217;Operazione Scudo difensivo \u2013 l&#8217;invasione israeliana delle citt\u00e0 della Cisgiordania nominalmente sotto il controllo dell&#8217;Autorit\u00e0 Palestinese \u2013 ebbe luogo nel 2002. E Tamimi era troppo giovane per ricordarlo.<\/p>\n<p style=\"text-align: justify;\">Sebbene all&#8217;epoca non fossero consapevoli di quegli orrori, sono cresciuti vivendo quotidianamente l&#8217;oppressione.<\/p>\n<p style=\"text-align: justify;\">Sono cresciuti tra le continue umiliazioni inflitte ai palestinesi ai checkpoint militari israeliani.<\/p>\n<p style=\"text-align: justify;\">Sono cresciuti sullo sfondo del muro di Israele in Cisgiordania.<\/p>\n<p style=\"text-align: justify;\">L&#8217;anno scorso, Israele ha attaccato i fedeli nella moschea di al-Aqsa, uno dei luoghi pi\u00f9 sacri dell&#8217;Islam. Quell&#8217;atto di profanazione \u00e8 stato tra i numerosi crimini commessi da Israele a Gerusalemme, una citt\u00e0 che sta attivamente colonizzando.<\/p>\n<p style=\"text-align: justify;\">L&#8217;indignazione per queste e altre oscenit\u00e0 ha riempito i giovani combattenti della Palestina di un fervore rivoluzionario.<\/p>\n<p style=\"text-align: justify;\">La resistenza in atto in Cisgiordania non sembra essere stata pianificata dai leader delle principali fazioni palestinesi.<\/p>\n<p style=\"text-align: justify;\">Nelle ultime settimane, un gruppo noto come Lion&#8217;s Den ha rivendicato la responsabilit\u00e0 di molti atti di resistenza contro l&#8217;esercito israeliano. Con sede a Nablus, questo gruppo ha tra i suoi ranghi membri di tutte le fazioni palestinesi.<\/p>\n<p style=\"text-align: justify;\">Questo rappresenta un nuovo senso di cooperazione tra i giovani palestinesi, una cooperazione che non si basa sulle fazioni tradizionali.<\/p>\n<p style=\"text-align: justify;\"><strong>Sfida<\/strong><br \/>\nFathi Khazem \u00e8 un palestinese in fuga dall&#8217;esercito israeliano.<\/p>\n<p style=\"text-align: justify;\">I soldati israeliani hanno ucciso due dei suoi figli negli ultimi mesi, hanno demolito la casa della sua famiglia e hanno continuato a inseguirlo. Si \u00e8 rifiutato di consegnarsi.<\/p>\n<p style=\"text-align: justify;\">Fathi Khazem \u00e8 un ex agente di sicurezza dell&#8217;Autorit\u00e0 Palestinese.<\/p>\n<p style=\"text-align: justify;\">La sua sfida all&#8217;occupazione israeliana \u00e8 la prova che lo spirito rivoluzionario rimane forte tra i palestinesi.<\/p>\n<p style=\"text-align: justify;\">Prima di essere ucciso, Udai Tamimi ha scritto una nota scritta a mano che \u00e8 stata pubblicata su Internet.<\/p>\n<p style=\"text-align: justify;\">&#8220;Sono Udai Tamimi, un ricercato del campo profughi di Shuafat&#8221;, recita il messaggio scritto a mano. \u201cLa mia operazione contro il checkpoint di Shuafat \u00e8 una goccia nel mare in tempesta della lotta. So che prima o poi raggiunger\u00f2 il martirio. So che non liberer\u00f2 la Palestina con la mia operazione, ma voglio incoraggiare centinaia di giovani a prendere le armi dopo di me\u201d.<\/p>\n<p style=\"text-align: justify;\">Ibrahim al-Nabulsi ha registrato un messaggio vocale poco prima della sua morte per mano dei soldati israeliani. Oltre a trasmettere il suo amore a sua madre, ha esortato i suoi compagni a non abbandonare le armi dopo la sua morte.<\/p>\n<p style=\"text-align: justify;\">La scorsa settimana, Israele ha ucciso il combattente dei Lion&#8217;s Den Tamer al-Kilani. Aveva scritto un post su Facebook, in cui affermava che &#8220;il peggio dell&#8217;umanit\u00e0 \u00e8 una persona che rimane neutrale in una nazione in cui la verit\u00e0 sta lottando contro la menzogna&#8221;.<\/p>\n<p style=\"text-align: justify;\">Tali messaggi servono come ultima volont\u00e0 e testamento di un combattente palestinese. Sono ampiamente diffusi dopo la morte dei loro autori.<\/p>\n<p style=\"text-align: justify;\">I giovani palestinesi hanno la loro resilienza rafforzata da questi messaggi. La loro autenticit\u00e0 \u00e8 chiara perch\u00e9 i combattenti che li hanno scritti o registrati hanno affrontato direttamente l&#8217;occupazione israeliana.<\/p>\n<p style=\"text-align: justify;\">Fino a poco tempo fa era facile disperare della situazione in Cisgiordania. Israele e il suo \u201ccoordinamento per la sicurezza\u201d con l&#8217;Autorit\u00e0 Palestinese avevano ridotto il campo di applicazione della resistenza.<\/p>\n<p style=\"text-align: justify;\">Il cambiamento negli ultimi mesi \u00e8 stato evidente. Sebbene Israele e l&#8217;Autorit\u00e0 Palestinese possano riuscire a limitare in qualche modo le azioni intraprese dai combattenti, non distruggeranno la determinazione dei palestinesi a resistere.<\/p>\n<p style=\"text-align: justify;\">Israele nega la nuova situazione. Ha ignorato la causa principale della resistenza palestinese in Cisgiordania: l&#8217;occupazione.<\/p>\n<p style=\"text-align: justify;\">Non importa quante volte Israele possa pensare di aver sconfitto i palestinesi, la resistenza rinascer\u00e0 sempre.<\/p>\n<p><em>Ahmed Abu Artema \u00e8 uno scrittore palestinese, attivista e rifugiato di Ramle.<\/em><\/p>\n","protected":false},"excerpt":{"rendered":"<p>https:\/\/electronicintifada.net\/ 28 ottobre 2022\u00a0 \u00a0 \u00a0 \u00a0 \u00a0 Ahmed Abu Artema Per un gran numero di palestinesi, Udai Tamimi \u00e8 un modello. \u00c8 stato ucciso difendendo la sua patria e la dignit\u00e0 del suo popolo. L&#8217;8 ottobre, Tamimi ha ucciso &hellip; <a href=\"https:\/\/reteitalianaism.it\/reteism\/index.php\/2022\/10\/29\/un-nuovo-spirito-di-resistenza\/\">Continue reading <span class=\"meta-nav\">&rarr;<\/span><\/a><\/p>\n","protected":false},"author":2,"featured_media":0,"comment_status":"open","ping_status":"open","sticky":false,"template":"","format":"standard","meta":{"footnotes":""},"categories":[3],"tags":[460,34,37,42,150],"class_list":["post-17875","post","type-post","status-publish","format-standard","hentry","category-info","tag-lions-den","tag-nablus","tag-occupazione","tag-resistenza","tag-violenza-dellesercito"],"_links":{"self":[{"href":"https:\/\/reteitalianaism.it\/reteism\/index.php\/wp-json\/wp\/v2\/posts\/17875","targetHints":{"allow":["GET"]}}],"collection":[{"href":"https:\/\/reteitalianaism.it\/reteism\/index.php\/wp-json\/wp\/v2\/posts"}],"about":[{"href":"https:\/\/reteitalianaism.it\/reteism\/index.php\/wp-json\/wp\/v2\/types\/post"}],"author":[{"embeddable":true,"href":"https:\/\/reteitalianaism.it\/reteism\/index.php\/wp-json\/wp\/v2\/users\/2"}],"replies":[{"embeddable":true,"href":"https:\/\/reteitalianaism.it\/reteism\/index.php\/wp-json\/wp\/v2\/comments?post=17875"}],"version-history":[{"count":2,"href":"https:\/\/reteitalianaism.it\/reteism\/index.php\/wp-json\/wp\/v2\/posts\/17875\/revisions"}],"predecessor-version":[{"id":17878,"href":"https:\/\/reteitalianaism.it\/reteism\/index.php\/wp-json\/wp\/v2\/posts\/17875\/revisions\/17878"}],"wp:attachment":[{"href":"https:\/\/reteitalianaism.it\/reteism\/index.php\/wp-json\/wp\/v2\/media?parent=17875"}],"wp:term":[{"taxonomy":"category","embeddable":true,"href":"https:\/\/reteitalianaism.it\/reteism\/index.php\/wp-json\/wp\/v2\/categories?post=17875"},{"taxonomy":"post_tag","embeddable":true,"href":"https:\/\/reteitalianaism.it\/reteism\/index.php\/wp-json\/wp\/v2\/tags?post=17875"}],"curies":[{"name":"wp","href":"https:\/\/api.w.org\/{rel}","templated":true}]}}