{"id":17930,"date":"2022-11-10T14:51:58","date_gmt":"2022-11-10T13:51:58","guid":{"rendered":"http:\/\/reteitalianaism.it\/reteism\/?p=17930"},"modified":"2022-11-10T14:57:59","modified_gmt":"2022-11-10T13:57:59","slug":"cop27-la-giustizia-climatica-richiede-spazio-civico-gratuito","status":"publish","type":"post","link":"https:\/\/reteitalianaism.it\/reteism\/index.php\/2022\/11\/10\/cop27-la-giustizia-climatica-richiede-spazio-civico-gratuito\/","title":{"rendered":"#COP27: La giustizia climatica richiede uno spazio civico libero"},"content":{"rendered":"<p>10 novembre 2022 | <a href=\"https:\/\/bdsmovement.net\/countries\/palestinian-bds-national-committee-bnc\">Palestinian BDS National Committee (BNC)<\/a> <a href=\"https:\/\/bdsmovement.net\/news\/cop27-climate-justice-demands-free-civic-space\">https:\/\/bdsmovement.net\/news\/cop27-climate-justice-demands-free-civic-space<\/a><\/p>\n<p><a href=\"http:\/\/reteitalianaism.it\/reteism\/wp-content\/uploads\/2022\/11\/R80rCdWh_0.jpg\"><img loading=\"lazy\" decoding=\"async\" class=\" wp-image-17931 aligncenter\" src=\"http:\/\/reteitalianaism.it\/reteism\/wp-content\/uploads\/2022\/11\/R80rCdWh_0-300x145.jpg\" alt=\"\" width=\"461\" height=\"223\" srcset=\"https:\/\/reteitalianaism.it\/reteism\/wp-content\/uploads\/2022\/11\/R80rCdWh_0-300x145.jpg 300w, https:\/\/reteitalianaism.it\/reteism\/wp-content\/uploads\/2022\/11\/R80rCdWh_0.jpg 650w\" sizes=\"auto, (max-width: 461px) 100vw, 461px\" \/><\/a><span class=\"HwtZe\" lang=\"it\"><span class=\"jCAhz\"><span class=\"ryNqvb\">Quando la Conferenza delle Nazioni Unite sui cambiamenti climatici (COP27) \u00e8 stata lanciata a Sharm El Sheikh, in Egitto, il 6 novembre, e mentre i leader globali, i rappresentanti governativi e i responsabili politici si sono riuniti per negoziare la giustizia climatica, il membro britannico-egiziano del Human Right Defenders (HRD) e prigioniero di consapevole, Alaa Abdel Fattah, ha bevuto il suo ultimo bicchiere d&#8217;acqua in una prigione egiziana, dopo essere stato per pi\u00f9 di 200 giorni in sciopero della fame parziale. <\/span><\/span><\/span><!--more--><\/p>\n<p><span class=\"HwtZe\" lang=\"it\"><span class=\"jCAhz\"><span class=\"ryNqvb\">Se non viene rilasciato, Alaa morir\u00e0 prima della fine della COP27. <\/span><\/span><\/span><\/p>\n<p><span class=\"HwtZe\" lang=\"it\"><span class=\"jCAhz\"><span class=\"ryNqvb\">Le sottoscritte organizzazioni palestinesi sottolineano la natura interconnessa della lotta per la giustizia climatica con i diritti umani, la giustizia sociale e le lotte per l&#8217;autodeterminazione e la libert\u00e0. <\/span><\/span><\/span><\/p>\n<p><span class=\"HwtZe\" lang=\"it\"><span class=\"jCAhz\"><span class=\"ryNqvb\">Chiediamo quindi che gli Stati pongano i diritti umani e le libert\u00e0 al centro dei loro negoziati alla COP27 per consentire un vertice globale sul clima inclusivo e autentico. <\/span><\/span><\/span><\/p>\n<p><span class=\"HwtZe\" lang=\"it\"><span class=\"jCAhz\"><span class=\"ryNqvb\">Uniamo le nostre voci alle voci globali che chiedono l&#8217;immediato rilascio di Alaa Abd El Fattah e di tutti i prigionieri egiziani, palestinesi e politici in tutto il mondo, arbitrariamente arrestati e detenuti esclusivamente per aver esercitato i loro diritti umani. <\/span><\/span><\/span><\/p>\n<p><span class=\"HwtZe\" lang=\"it\"><span class=\"jCAhz\"><span class=\"ryNqvb\">La giustizia climatica non pu\u00f2 essere separata dai diritti umani. <\/span><\/span><\/span><\/p>\n<p><span class=\"HwtZe\" lang=\"it\"><span class=\"jCAhz\"><span class=\"ryNqvb\">Da un lato, il cambiamento climatico incide in modo significativo sul godimento dei diritti umani fondamentali, compreso il diritto ad acqua e cibo sicuri e adeguati, il diritto alla salute, a un alloggio adeguato, all&#8217;istruzione, nonch\u00e9 il diritto allo sviluppo e all&#8217;autodeterminazione. <\/span><\/span><\/span><\/p>\n<p><span class=\"HwtZe\" lang=\"it\"><span class=\"jCAhz\"><span class=\"ryNqvb\">Dall&#8217;altra parte, sono i regimi globali di colonialismo, neoliberismo, occupazione, discriminazione razziale e autoritarismo che violano e privano le persone dei loro diritti umani, compresi i loro diritti politici, civili e socioeconomici, il loro diritto all&#8217;autodeterminazione, il loro diritto alla piena sovranit\u00e0 delle loro terre e risorse naturali, ponendosi cos\u00ec come un fattore chiave per radicare la crisi climatica. <\/span><\/span><\/span><\/p>\n<p><span class=\"HwtZe\" lang=\"it\"><span class=\"jCAhz\"><span class=\"ryNqvb\">Allo stesso tempo, in prima linea nel movimento per la giustizia climatica ci sono le popolazioni indigene, i movimenti di base per la giustizia sociale, le organizzazioni della societ\u00e0 civile e i difensori dei diritti umani, compresi gli ambientalisti, come evidenziato dal Relatore speciale delle Nazioni Unite sui diritti alla libert\u00e0 dell&#8217;Assemblea pacifica e dell&#8217;Associazione.[1] <\/span><\/span><\/span><\/p>\n<p><span class=\"HwtZe\" lang=\"it\"><span class=\"jCAhz\"><span class=\"ryNqvb\">Ai sensi del diritto internazionale dei diritti umani, gli Stati sono obbligati ad astenersi dall&#8217;applicare leggi e dall&#8217;impegnarsi in pratiche che interferiscano con l&#8217;esercizio dei diritti alla libert\u00e0 di riunione pacifica e di associazione, nonch\u00e9 a promuovere un ambiente favorevole, all&#8217;interno del quale tali diritti possano essere effettivamente esercitati.[2] <\/span><\/span><\/span><\/p>\n<p><span class=\"HwtZe\" lang=\"it\"><span class=\"jCAhz\"><span class=\"ryNqvb\">Gli Stati sono anche obbligati a soddisfare il diritto collettivo all&#8217;autodeterminazione delle persone, compreso il loro diritto di determinare liberamente il loro status politico e perseguire liberamente il loro sviluppo economico, sociale e culturale, e il loro diritto alla piena sovranit\u00e0 sulle loro risorse naturali e ricchezze.[ 3] <\/span><\/span><\/span><\/p>\n<p><span class=\"HwtZe\" lang=\"it\"><span class=\"jCAhz\"><span class=\"ryNqvb\">Inoltre, sia la Convenzione quadro delle Nazioni Unite sui cambiamenti climatici che l&#8217;Accordo di Parigi obbligano gli Stati parti a facilitare la partecipazione del pubblico nell&#8217;affrontare i cambiamenti climatici.[4] P<\/span><\/span><\/span><\/p>\n<p><span class=\"HwtZe\" lang=\"it\"><span class=\"jCAhz\"><span class=\"ryNqvb\">urtroppo, invece di elevare la lotta per la giustizia, compresa la lotta per la giustizia climatica, molti Stati hanno violato i diritti e le libert\u00e0 dei difensori dei diritti umani e della societ\u00e0 civile attraverso attacchi fisici, uccisioni, campagne diffamatorie, restrizioni alle assemblee pacifiche, arresti arbitrari, criminalizzazione, molestie giudiziarie e sorveglianza.[5] <\/span><\/span><\/span><\/p>\n<p><span class=\"HwtZe\" lang=\"it\"><span class=\"jCAhz\"><span class=\"ryNqvb\">In contesti coloniali e autoritari, gli Stati hanno fatto affidamento sulle leggi antiterrorismo e sui pretesti di sicurezza per tali violazioni. Queste azioni repressive non solo violano il diritto internazionale sui diritti umani, ma sono anche l&#8217;incarnazione di sistemi globali di oppressione interessati a mantenere lo status quo politico per espandere il loro dominio coloniale, i loro poteri e il loro profitto. <\/span><\/span><\/span><\/p>\n<p><span class=\"HwtZe\" lang=\"it\"><span class=\"jCAhz\"><span class=\"ryNqvb\">Nel settembre 2021, Alaa Abdul Fattah scrisse dalla sua cella di prigione: \u201cHo fatto lo sciopero della fame quattro volte&#8230; e ogni volta ricordo lo sciopero dei prigionieri palestinesi. Ho sempre in mente la Palestina&#8230; Un prigioniero ha il diritto di chiedere aiuto agli assediati? So che queste domande mostrano quanto sono antico, ma sono un arabo e ho sempre in mente la Palestina. E, in mia difesa, dir\u00f2 che mi sono rifiutato di essere umiliato nel mio paese, e non ho mai abbassato i miei vessilli, e conviene che mi sono opposto ai miei oppressori: un orfano, nudo e scalzo, e la mia consolazione \u00e8 che la tragedia che sto vivendo non \u00e8 che la mia parte della tua. Ti chiamo: sei sempre nei miei pensieri\u201d. <\/span><\/span><\/span><\/p>\n<p><span class=\"HwtZe\" lang=\"it\"><span class=\"jCAhz\"><span class=\"ryNqvb\">Le organizzazioni firmatarie ribadiscono che la libert\u00e0 in Palestina non sar\u00e0 completa senza la libert\u00e0 di tutte le persone sotto i sistemi di colonialismo, occupazione, discriminazione razziale e autoritarismo. Le organizzazioni e le reti della societ\u00e0 civile palestinese firmatarie:<\/span><\/span><\/span><\/p>\n<p>&nbsp;<\/p>\n<ol>\n<li>Addameer Prisoner Support and Human Rights Association<\/li>\n<li>Al-Haq, Law in the Service of Man<\/li>\n<li>Center for Defense of Liberties &amp; Civil Rights &#8220;HURRYYAT&#8221;<\/li>\n<li>Defense for Children International &#8211; Palestine<\/li>\n<li>Palestinian BDS National Committee (BNC)<\/li>\n<li>The Civic Coalition for Palestinians Right in Jerusalem<\/li>\n<li>The Palestinian Initiative for the Promotion of Global Dialogue and Democracy \u2013 MIFTAH<\/li>\n<li>The Palestine Institute for Public Diplomacy<\/li>\n<li>The Palestinian NGOs Network (PNGO)<\/li>\n<li>The Women\u2019s Center for Legal Aid and Counselling<\/li>\n<li>MAKAN<\/li>\n<\/ol>\n<h5><span class=\"HwtZe\" lang=\"it\"><span class=\"jCAhz ChMk0b\"><span class=\"ryNqvb\">[1] UNGA, \u201cEsercizio dei diritti alla libert\u00e0 di riunione pacifica e di associazione come essenziali per promuovere la giustizia climatica\u201d (23 luglio 2021) UN Doc A\/76\/222.<\/span><\/span> <span class=\"jCAhz ChMk0b\"><span class=\"ryNqvb\">[2] Ibid.<\/span><\/span> <span class=\"jCAhz ChMk0b\"><span class=\"ryNqvb\">[3] Articolo comune 1 del Patto internazionale sui diritti civili e politici e del Patto internazionale sui diritti economici, sociali e culturali.<\/span><\/span> <span class=\"jCAhz ChMk0b\"><span class=\"ryNqvb\">[4] Convenzione quadro delle Nazioni Unite sui cambiamenti climatici, art.<\/span><\/span> <span class=\"jCAhz ChMk0b\"><span class=\"ryNqvb\">6;<\/span><\/span> <span class=\"jCAhz ChMk0b\"><span class=\"ryNqvb\">Accordo di Parigi, articoli 7 e 12.<\/span><\/span> <span class=\"jCAhz ChMk0b\"><span class=\"ryNqvb\">[5] UNGA, \u201cEsercizio dei diritti alla libert\u00e0 di riunione pacifica e di associazione come essenziali per promuovere la giustizia climatica\u201d (23 luglio 2021) UN Doc A\/76\/222.<\/span><\/span><\/span><\/h5>\n<p>&nbsp;<\/p>\n","protected":false},"excerpt":{"rendered":"<p>10 novembre 2022 | Palestinian BDS National Committee (BNC) https:\/\/bdsmovement.net\/news\/cop27-climate-justice-demands-free-civic-space Quando la Conferenza delle Nazioni Unite sui cambiamenti climatici (COP27) \u00e8 stata lanciata a Sharm El Sheikh, in Egitto, il 6 novembre, e mentre i leader globali, i rappresentanti governativi &hellip; <a href=\"https:\/\/reteitalianaism.it\/reteism\/index.php\/2022\/11\/10\/cop27-la-giustizia-climatica-richiede-spazio-civico-gratuito\/\">Continue reading <span class=\"meta-nav\">&rarr;<\/span><\/a><\/p>\n","protected":false},"author":6,"featured_media":0,"comment_status":"open","ping_status":"open","sticky":false,"template":"","format":"standard","meta":{"footnotes":""},"categories":[3],"tags":[76,16],"class_list":["post-17930","post","type-post","status-publish","format-standard","hentry","category-info","tag-bds","tag-campagna-bds"],"_links":{"self":[{"href":"https:\/\/reteitalianaism.it\/reteism\/index.php\/wp-json\/wp\/v2\/posts\/17930","targetHints":{"allow":["GET"]}}],"collection":[{"href":"https:\/\/reteitalianaism.it\/reteism\/index.php\/wp-json\/wp\/v2\/posts"}],"about":[{"href":"https:\/\/reteitalianaism.it\/reteism\/index.php\/wp-json\/wp\/v2\/types\/post"}],"author":[{"embeddable":true,"href":"https:\/\/reteitalianaism.it\/reteism\/index.php\/wp-json\/wp\/v2\/users\/6"}],"replies":[{"embeddable":true,"href":"https:\/\/reteitalianaism.it\/reteism\/index.php\/wp-json\/wp\/v2\/comments?post=17930"}],"version-history":[{"count":2,"href":"https:\/\/reteitalianaism.it\/reteism\/index.php\/wp-json\/wp\/v2\/posts\/17930\/revisions"}],"predecessor-version":[{"id":17933,"href":"https:\/\/reteitalianaism.it\/reteism\/index.php\/wp-json\/wp\/v2\/posts\/17930\/revisions\/17933"}],"wp:attachment":[{"href":"https:\/\/reteitalianaism.it\/reteism\/index.php\/wp-json\/wp\/v2\/media?parent=17930"}],"wp:term":[{"taxonomy":"category","embeddable":true,"href":"https:\/\/reteitalianaism.it\/reteism\/index.php\/wp-json\/wp\/v2\/categories?post=17930"},{"taxonomy":"post_tag","embeddable":true,"href":"https:\/\/reteitalianaism.it\/reteism\/index.php\/wp-json\/wp\/v2\/tags?post=17930"}],"curies":[{"name":"wp","href":"https:\/\/api.w.org\/{rel}","templated":true}]}}