{"id":17966,"date":"2022-11-19T16:46:16","date_gmt":"2022-11-19T15:46:16","guid":{"rendered":"http:\/\/reteitalianaism.it\/reteism\/?p=17966"},"modified":"2022-11-19T16:47:20","modified_gmt":"2022-11-19T15:47:20","slug":"gli-arabi-a-yafa-protestano-contro-i-piani-israeliani-di-sfrattare-1-400-cittadini-arabi","status":"publish","type":"post","link":"https:\/\/reteitalianaism.it\/reteism\/index.php\/2022\/11\/19\/gli-arabi-a-yafa-protestano-contro-i-piani-israeliani-di-sfrattare-1-400-cittadini-arabi\/","title":{"rendered":"Gli arabi a Yafa protestano contro i piani israeliani di sfrattare 1.400 cittadini arabi"},"content":{"rendered":"<p>19 novembre 2022<\/p>\n<p><a href=\"https:\/\/www.middleeastmonitor.com\/20221119-arabs-in-yafa-protest-against-israels-plans-to-evict-1400-arab-citizens\/\">https:\/\/www.middleeastmonitor.com\/20221119-arabs-in-yafa-protest-against-israels-plans-to-evict-1400-arab-citizens\/<\/a><\/p>\n<p><div id=\"attachment_17967\" style=\"width: 482px\" class=\"wp-caption aligncenter\"><a href=\"http:\/\/reteitalianaism.it\/reteism\/wp-content\/uploads\/2022\/11\/GettyImages-1240785756.jpg\"><img loading=\"lazy\" decoding=\"async\" aria-describedby=\"caption-attachment-17967\" class=\" wp-image-17967\" src=\"http:\/\/reteitalianaism.it\/reteism\/wp-content\/uploads\/2022\/11\/GettyImages-1240785756-300x200.jpg\" alt=\"\" width=\"472\" height=\"314\" srcset=\"https:\/\/reteitalianaism.it\/reteism\/wp-content\/uploads\/2022\/11\/GettyImages-1240785756-300x200.jpg 300w, https:\/\/reteitalianaism.it\/reteism\/wp-content\/uploads\/2022\/11\/GettyImages-1240785756-1024x683.jpg 1024w, https:\/\/reteitalianaism.it\/reteism\/wp-content\/uploads\/2022\/11\/GettyImages-1240785756-768x512.jpg 768w, https:\/\/reteitalianaism.it\/reteism\/wp-content\/uploads\/2022\/11\/GettyImages-1240785756.jpg 1200w\" sizes=\"auto, (max-width: 472px) 100vw, 472px\" \/><\/a><p id=\"caption-attachment-17967\" class=\"wp-caption-text\">Anziano palestinese affronta un membro delle forze israeliane mentre attivisti israeliani, stranieri e palestinesi manifestano contro lo sfratto dei villaggi palestinesi per far posto a una zona di addestramento militare israeliano, nelle colline meridionali di Yatta, a sud della citt\u00e0 di Hebron in Cisgiordania [Foto di HAZEM BADER\/AFP via Getty Images]<\/p><\/div>Le fazioni politiche arabe in Israele venerd\u00ec hanno organizzato una protesta nella citt\u00e0 araba di Yafa contro il piano israeliano di pulizia etnica di 1.400 arabi dalla citt\u00e0.<\/p>\n<p>Secondo la Wafa News Agency, i manifestanti tenevano cartelli con slogan che esprimevano il rifiuto dei piani di sgombero israeliani ai sensi della legge sulla propriet\u00e0 degli assenti del 1950.<\/p>\n<p>In base a questa legge, centinaia di famiglie indigene palestinesi potrebbero essere sfrattate dalle loro case a favore dei coloni israeliani.<!--more--><\/p>\n<p>I cartelli della protesta recitavano: &#8220;Propriet\u00e0 assente per i residenti indigeni, non per gli investitori&#8221; e &#8220;sradicare gli abitanti e giudaizzare la citt\u00e0 \u00e8 una bomba a orologeria&#8221;.<\/p>\n<p>Nel frattempo, i manifestanti hanno chiesto a tutti gli arabi in Israele di opporsi ai piani di sgombero israeliani volti a rafforzare l&#8217;apartheid.<\/p>\n<p>La maggior parte della popolazione palestinese di Yafa fu costretta a fuggire dalla citt\u00e0 durante l&#8217;occupazione sionista della Palestina storica del 1948, eventi che in seguito furono conosciuti come Nakba.<\/p>\n<p>Tuttavia, una comunit\u00e0 di circa 15.000 palestinesi, che ora detengono la cittadinanza israeliana, \u00e8 ancora presente nella loro terra ancestrale.<\/p>\n<p>Organizzano proteste settimanali contro i piani israeliani, con l&#8217;obiettivo di proteggere la loro esistenza.<\/p>\n","protected":false},"excerpt":{"rendered":"<p>19 novembre 2022 https:\/\/www.middleeastmonitor.com\/20221119-arabs-in-yafa-protest-against-israels-plans-to-evict-1400-arab-citizens\/ Le fazioni politiche arabe in Israele venerd\u00ec hanno organizzato una protesta nella citt\u00e0 araba di Yafa contro il piano israeliano di pulizia etnica di 1.400 arabi dalla citt\u00e0. Secondo la Wafa News Agency, i manifestanti tenevano &hellip; <a href=\"https:\/\/reteitalianaism.it\/reteism\/index.php\/2022\/11\/19\/gli-arabi-a-yafa-protestano-contro-i-piani-israeliani-di-sfrattare-1-400-cittadini-arabi\/\">Continue reading <span class=\"meta-nav\">&rarr;<\/span><\/a><\/p>\n","protected":false},"author":6,"featured_media":0,"comment_status":"open","ping_status":"open","sticky":false,"template":"","format":"standard","meta":{"footnotes":""},"categories":[3],"tags":[9,19,345,41,440,446,465],"class_list":["post-17966","post","type-post","status-publish","format-standard","hentry","category-info","tag-apartheid","tag-colline-a-sud-di-hebron","tag-masafer-yatta","tag-pulizia-etnica","tag-save-masafer-yatta","tag-sfollamento","tag-yafa"],"_links":{"self":[{"href":"https:\/\/reteitalianaism.it\/reteism\/index.php\/wp-json\/wp\/v2\/posts\/17966","targetHints":{"allow":["GET"]}}],"collection":[{"href":"https:\/\/reteitalianaism.it\/reteism\/index.php\/wp-json\/wp\/v2\/posts"}],"about":[{"href":"https:\/\/reteitalianaism.it\/reteism\/index.php\/wp-json\/wp\/v2\/types\/post"}],"author":[{"embeddable":true,"href":"https:\/\/reteitalianaism.it\/reteism\/index.php\/wp-json\/wp\/v2\/users\/6"}],"replies":[{"embeddable":true,"href":"https:\/\/reteitalianaism.it\/reteism\/index.php\/wp-json\/wp\/v2\/comments?post=17966"}],"version-history":[{"count":1,"href":"https:\/\/reteitalianaism.it\/reteism\/index.php\/wp-json\/wp\/v2\/posts\/17966\/revisions"}],"predecessor-version":[{"id":17968,"href":"https:\/\/reteitalianaism.it\/reteism\/index.php\/wp-json\/wp\/v2\/posts\/17966\/revisions\/17968"}],"wp:attachment":[{"href":"https:\/\/reteitalianaism.it\/reteism\/index.php\/wp-json\/wp\/v2\/media?parent=17966"}],"wp:term":[{"taxonomy":"category","embeddable":true,"href":"https:\/\/reteitalianaism.it\/reteism\/index.php\/wp-json\/wp\/v2\/categories?post=17966"},{"taxonomy":"post_tag","embeddable":true,"href":"https:\/\/reteitalianaism.it\/reteism\/index.php\/wp-json\/wp\/v2\/tags?post=17966"}],"curies":[{"name":"wp","href":"https:\/\/api.w.org\/{rel}","templated":true}]}}