{"id":18085,"date":"2022-12-20T16:51:42","date_gmt":"2022-12-20T15:51:42","guid":{"rendered":"http:\/\/reteitalianaism.it\/reteism\/?p=18085"},"modified":"2022-12-20T16:51:42","modified_gmt":"2022-12-20T15:51:42","slug":"i-palestinesi-in-sciopero-dopo-la-morte-di-un-prigioniero-per-negligenza-medica","status":"publish","type":"post","link":"https:\/\/reteitalianaism.it\/reteism\/index.php\/2022\/12\/20\/i-palestinesi-in-sciopero-dopo-la-morte-di-un-prigioniero-per-negligenza-medica\/","title":{"rendered":"I palestinesi in sciopero dopo la morte di un prigioniero per &#8220;negligenza medica&#8221;"},"content":{"rendered":"<p><a href=\"https:\/\/www.middleeastmonitor.com\/20221220-palestinians-to-strike-following-prisoners-death-by-medical-negligence\/\">https:\/\/www.middleeastmonitor.com\/<\/a>\u00a0 \u00a0 \u00a0 \u00a0 \u00a0 \u00a0 \u00a0 \u00a0 <strong>20 dicembre 2022\u00a0<\/strong><\/p>\n<p>I palestinesi in tutta la Cisgiordania occupata organizzeranno uno sciopero generale per celebrare la morte del prigioniero palestinese, Nasser Abu Hamid, deceduto nelle carceri israeliane a causa di negligenza medica.<\/p>\n<div style=\"width: 509px\" class=\"wp-caption alignnone\"><img loading=\"lazy\" decoding=\"async\" src=\"https:\/\/i0.wp.com\/www.middleeastmonitor.com\/wp-content\/uploads\/2022\/12\/3W0A3600-scaled.jpg?resize=1200%2C800&amp;quality=85&amp;strip=all&amp;zoom=1&amp;ssl=1\" alt=\"The Israeli occupation holds full responsibility for the martyrdom of Nasser Abu Hamid [Mohammed Asad\/MEMO]\" width=\"499\" height=\"333\" \/><p class=\"wp-caption-text\">L&#8217;occupazione israeliana ha la piena responsabilit\u00e0 del martirio di Nasser Abu Hamid [Mohammed Asad\/MEMO]<\/p><\/div>\n<p style=\"text-align: justify;\">Secondo l&#8217;agenzia di stampa Wafa, lo sciopero \u00e8 stato indetto dal movimento Fatah, che ha anche indetto marce per protestare contro l&#8217;uccisione israeliana di Abu Hamid.<\/p>\n<p style=\"text-align: justify;\">Il cinquantenne Abu Hamid \u00e8 stato trasferito ieri dalla prigione di Ramle al centro medico Shamir (Centro medico Assaf Harofeh) dalle forze di occupazione dopo che la sua salute era peggiorata rapidamente.<!--more--><\/p>\n<p style=\"text-align: justify;\">Ad Abu Hamid \u00e8 stato diagnosticato un tumore alla gamba nell&#8217;agosto 2021, che \u00e8 stata amputata; tuttavia, i medici hanno detto che aveva bisogno di un trattamento chemioterapico. Le autorit\u00e0 carcerarie israeliane, per\u00f2, hanno ritardato il suo accesso alle cure fino a quando il cancro non si \u00e8 diffuso in tutto il suo corpo, danneggiando completamente il polmone sinistro.<\/p>\n<p style=\"text-align: justify;\">Ci\u00f2 avviene dopo che i funzionari palestinesi avevano chiesto il suo rilascio poich\u00e9 la sua salute era peggiorata negli ultimi mesi.<\/p>\n<p style=\"text-align: justify;\">Il primo ministro palestinese Mohammad Shtayyeh questa mattina ha affermato che l&#8217;Autorit\u00e0 palestinese ritiene Israele responsabile della morte di Abu Hamid.<\/p>\n<p style=\"text-align: justify;\">&#8220;Abu Hamid \u00e8 morto a causa della politica di deliberata negligenza medica che l&#8217;amministrazione israeliana delle carceri usa contro i prigionieri malati&#8221;, ha detto in una nota.<\/p>\n<p style=\"text-align: justify;\">Ha invitato la Croce Rossa e le istituzioni internazionali e per i diritti umani ad accelerare l&#8217;intervento al fine di liberare prigionieri malati, anziani, detenute e bambini dalle carceri dell&#8217;occupazione israeliana per prevenire ulteriori morti.<\/p>\n<p style=\"text-align: justify;\">Dal campo di Al-Amari vicino a Ramallah occupata, Abu Hamid \u00e8 stato arrestato nel 2002 e condannato a sette ergastoli pi\u00f9 50 anni con l&#8217;accusa di aver partecipato alla costituzione delle Brigate dei martiri di Al-Aqsa affiliate al movimento Fatah.<\/p>\n<p style=\"text-align: justify;\">Ha cinque fratelli che stanno scontando l&#8217;ergastolo nelle carceri israeliane e un sesto che \u00e8 stato ucciso nel 1994. Le forze di occupazione hanno demolito la loro casa di famiglia in diverse occasioni e alla madre sono state negate le visite per vedere i suoi figli in prigione per anni.<\/p>\n<p style=\"text-align: justify;\">I gruppi per i diritti affermano che ci sono oltre 4.600 prigionieri palestinesi nelle carceri israeliane, di cui circa 500 detenuti in detenzione amministrativa.<\/p>\n","protected":false},"excerpt":{"rendered":"<p>https:\/\/www.middleeastmonitor.com\/\u00a0 \u00a0 \u00a0 \u00a0 \u00a0 \u00a0 \u00a0 \u00a0 20 dicembre 2022\u00a0 I palestinesi in tutta la Cisgiordania occupata organizzeranno uno sciopero generale per celebrare la morte del prigioniero palestinese, Nasser Abu Hamid, deceduto nelle carceri israeliane a causa di negligenza &hellip; <a href=\"https:\/\/reteitalianaism.it\/reteism\/index.php\/2022\/12\/20\/i-palestinesi-in-sciopero-dopo-la-morte-di-un-prigioniero-per-negligenza-medica\/\">Continue reading <span class=\"meta-nav\">&rarr;<\/span><\/a><\/p>\n","protected":false},"author":2,"featured_media":0,"comment_status":"open","ping_status":"open","sticky":false,"template":"","format":"standard","meta":{"footnotes":""},"categories":[3,67],"tags":[22,23,37],"class_list":["post-18085","post","type-post","status-publish","format-standard","hentry","category-info","category-prigionieri","tag-diritti-prigionieri","tag-diritti-umani","tag-occupazione"],"_links":{"self":[{"href":"https:\/\/reteitalianaism.it\/reteism\/index.php\/wp-json\/wp\/v2\/posts\/18085","targetHints":{"allow":["GET"]}}],"collection":[{"href":"https:\/\/reteitalianaism.it\/reteism\/index.php\/wp-json\/wp\/v2\/posts"}],"about":[{"href":"https:\/\/reteitalianaism.it\/reteism\/index.php\/wp-json\/wp\/v2\/types\/post"}],"author":[{"embeddable":true,"href":"https:\/\/reteitalianaism.it\/reteism\/index.php\/wp-json\/wp\/v2\/users\/2"}],"replies":[{"embeddable":true,"href":"https:\/\/reteitalianaism.it\/reteism\/index.php\/wp-json\/wp\/v2\/comments?post=18085"}],"version-history":[{"count":1,"href":"https:\/\/reteitalianaism.it\/reteism\/index.php\/wp-json\/wp\/v2\/posts\/18085\/revisions"}],"predecessor-version":[{"id":18086,"href":"https:\/\/reteitalianaism.it\/reteism\/index.php\/wp-json\/wp\/v2\/posts\/18085\/revisions\/18086"}],"wp:attachment":[{"href":"https:\/\/reteitalianaism.it\/reteism\/index.php\/wp-json\/wp\/v2\/media?parent=18085"}],"wp:term":[{"taxonomy":"category","embeddable":true,"href":"https:\/\/reteitalianaism.it\/reteism\/index.php\/wp-json\/wp\/v2\/categories?post=18085"},{"taxonomy":"post_tag","embeddable":true,"href":"https:\/\/reteitalianaism.it\/reteism\/index.php\/wp-json\/wp\/v2\/tags?post=18085"}],"curies":[{"name":"wp","href":"https:\/\/api.w.org\/{rel}","templated":true}]}}