{"id":18183,"date":"2023-01-14T11:25:35","date_gmt":"2023-01-14T10:25:35","guid":{"rendered":"http:\/\/reteitalianaism.it\/reteism\/?p=18183"},"modified":"2023-01-14T11:25:59","modified_gmt":"2023-01-14T10:25:59","slug":"persone-contro-lapartheid","status":"publish","type":"post","link":"https:\/\/reteitalianaism.it\/reteism\/index.php\/2023\/01\/14\/persone-contro-lapartheid\/","title":{"rendered":"Persone contro l&#8217;apartheid"},"content":{"rendered":"<p>13 gennaio 2023<\/p>\n<p><a href=\"https:\/\/bdsmovement.net\/news\/people-against-apartheid\">https:\/\/bdsmovement.net\/news\/people-against-apartheid<\/a><\/p>\n<p>#UnitedAgainstRacism<\/p>\n<p><em>Chiamata per la settimana dell&#8217;apartheid israeliano del 2023: 13-27 marzo 2023<\/em><\/p>\n<p><em><a href=\"http:\/\/reteitalianaism.it\/reteism\/wp-content\/uploads\/2023\/01\/Untitled-1920-\u00d7-1000-px.jpg\"><img loading=\"lazy\" decoding=\"async\" class=\" wp-image-18184 aligncenter\" src=\"http:\/\/reteitalianaism.it\/reteism\/wp-content\/uploads\/2023\/01\/Untitled-1920-\u00d7-1000-px-300x156.jpg\" alt=\"\" width=\"458\" height=\"238\" srcset=\"https:\/\/reteitalianaism.it\/reteism\/wp-content\/uploads\/2023\/01\/Untitled-1920-\u00d7-1000-px-300x156.jpg 300w, https:\/\/reteitalianaism.it\/reteism\/wp-content\/uploads\/2023\/01\/Untitled-1920-\u00d7-1000-px-1024x533.jpg 1024w, https:\/\/reteitalianaism.it\/reteism\/wp-content\/uploads\/2023\/01\/Untitled-1920-\u00d7-1000-px-768x400.jpg 768w, https:\/\/reteitalianaism.it\/reteism\/wp-content\/uploads\/2023\/01\/Untitled-1920-\u00d7-1000-px-1536x800.jpg 1536w, https:\/\/reteitalianaism.it\/reteism\/wp-content\/uploads\/2023\/01\/Untitled-1920-\u00d7-1000-px.jpg 1920w\" sizes=\"auto, (max-width: 458px) 100vw, 458px\" \/><\/a><\/em>La settimana sraeli dell&#8217;apartheid (IAW) \u00e8 un&#8217;opportunit\u00e0 per mobilitare a livello globale la solidariet\u00e0 di base con la lotta palestinese per la libert\u00e0, la dignit\u00e0 e la giustizia. Durante la IAW sensibilizziamo sull&#8217;apartheid israeliano e costruiamo campagne BDS strategiche a sostegno della lotta palestinese per porre fine al brutale sistema israeliano di apartheid, colonialismo di coloni e pulizia etnica.<\/p>\n<p>IAW offre l&#8217;opportunit\u00e0 di far crescere le nostre reti attraverso muri e confini coloniali e rafforzare la solidariet\u00e0 con il popolo palestinese. \u00c8 anche un&#8217;opportunit\u00e0 per collegare ulteriormente la lotta di liberazione palestinese con le lotte per la giustizia globale contro il razzismo e tutte le forme di discriminazione e oppressione. L&#8217;apartheid israeliano ha sviluppato tecnologie e metodologie di oppressione violenta, tra cui armi, spyware, dottrine militari illegali, testandole sui palestinesi e poi esportandole in governi razzisti di estrema destra, dittature e regimi criminali in tutto il mondo.<!--more--><\/p>\n<p>Il greenwashing, l&#8217;agriwashing, il pinkwashing, lo sportswashing e il techwashing di Israele dei suoi brutali crimini contro i palestinesi indigeni hanno anche ispirato diversi regimi dispotici a livello globale.<\/p>\n<p>Comprendendo la connessione intrinseca delle nostre lotte e ispirati dal crescente riconoscimento internazionale che Israele sta perpetrando il crimine contro l&#8217;umanit\u00e0 dell&#8217;apartheid, facciamo appello alle persone di tutto il mondo, inclusi studenti, accademici, artisti, lavoratori, chiese e movimenti per la lotta sociale, razziale , genere e giustizia climatica aderiscono a IAW 2023 con lo slogan People Against Apartheid. Insieme, rendiamo IAW 2023 una mobilitazione globale degli sforzi di base per rafforzare il movimento palestinese anti-apartheid e le campagne strategiche BDS.<\/p>\n<p>Nell&#8217;ultimo anno, il regime israeliano di apartheid ha intensificato il suo sistema di segregazione, frammentazione e controllo per mantenere il suo sistema di oppressione coloniale e di dominio sulle vite e sulla terra dei palestinesi. Abbiamo assistito a un numero devastante di palestinesi assassinati dalle forze di occupazione israeliane, tra cui pi\u00f9 di 30 bambini, e a esecuzioni extragiudiziali mirate, come quella della famosa giornalista Shireen Abu Akleh. La politica israeliana di pulizia etnica si \u00e8 intensificata insieme agli allontanamenti forzati e agli atti casuali di violenza commessi da coloni illegali protetti dalle forze di occupazione.<\/p>\n<p>La resistenza popolare continua con la fermezza che contraddistingue la vita palestinese, e con la forza e la determinazione necessarie per continuare la lotta, da Masafer Yatta a Jenin e Gaza, da Sheikh Jarrah a Yafa ad Al-Naqab e in esilio<\/p>\n<p>Sostenere la lotta palestinese ci permette di riflettere sulla discriminazione e sulle forme di ingiustizia che le nostre comunit\u00e0 e societ\u00e0 devono affrontare, e aumentare la nostra determinazione per un mondo giusto senza razzismo, senza muri coloniali, senza impunit\u00e0 aziendale.<\/p>\n<p>Unisciti a noi nella lotta per smantellare l&#8217;apartheid e tutte le forme di razzismo!<\/p>\n<p style=\"text-align: center;\"><a href=\"https:\/\/docs.google.com\/forms\/d\/e\/1FAIpQLSfL8u7MRZadd3zOD5XuFu581eNjq58WArVmLOVyerAjIrKR3A\/viewform\">Unisciti all&#8217;IAW 2023!<\/a><\/p>\n<p>Tutte le attivit\u00e0 della settimana dell&#8217;apartheid israeliano devono essere conformi ai principi di non violenza e antirazzismo del movimento BDS. Qualsiasi attivit\u00e0 che non lo faccia non pu\u00f2 essere accettata come parte di IAW.<\/p>\n<p>Pianifica e organizza eventi IAW locali, regionali o nazionali, invia i tuoi eventi per la pubblicazione sul nostro prossimo calendario IAW globale e resta sintonizzato per aggiornamenti e programmi pi\u00f9 dettagliati.<\/p>\n<p>Il Comitato di coordinamento internazionale, IAW 2023<br \/>\niawinfo@apartheidweek.org<br \/>\ndicembre 2022<\/p>\n","protected":false},"excerpt":{"rendered":"<p>13 gennaio 2023 https:\/\/bdsmovement.net\/news\/people-against-apartheid #UnitedAgainstRacism Chiamata per la settimana dell&#8217;apartheid israeliano del 2023: 13-27 marzo 2023 La settimana sraeli dell&#8217;apartheid (IAW) \u00e8 un&#8217;opportunit\u00e0 per mobilitare a livello globale la solidariet\u00e0 di base con la lotta palestinese per la libert\u00e0, la &hellip; <a href=\"https:\/\/reteitalianaism.it\/reteism\/index.php\/2023\/01\/14\/persone-contro-lapartheid\/\">Continue reading <span class=\"meta-nav\">&rarr;<\/span><\/a><\/p>\n","protected":false},"author":6,"featured_media":0,"comment_status":"open","ping_status":"open","sticky":false,"template":"","format":"standard","meta":{"footnotes":""},"categories":[3],"tags":[9,76,16,473,314,474,472],"class_list":["post-18183","post","type-post","status-publish","format-standard","hentry","category-info","tag-apartheid","tag-bds","tag-campagna-bds","tag-israeli-apartheid-week","tag-movimento-bds","tag-people-against-apartheid","tag-united-against-racism"],"_links":{"self":[{"href":"https:\/\/reteitalianaism.it\/reteism\/index.php\/wp-json\/wp\/v2\/posts\/18183","targetHints":{"allow":["GET"]}}],"collection":[{"href":"https:\/\/reteitalianaism.it\/reteism\/index.php\/wp-json\/wp\/v2\/posts"}],"about":[{"href":"https:\/\/reteitalianaism.it\/reteism\/index.php\/wp-json\/wp\/v2\/types\/post"}],"author":[{"embeddable":true,"href":"https:\/\/reteitalianaism.it\/reteism\/index.php\/wp-json\/wp\/v2\/users\/6"}],"replies":[{"embeddable":true,"href":"https:\/\/reteitalianaism.it\/reteism\/index.php\/wp-json\/wp\/v2\/comments?post=18183"}],"version-history":[{"count":1,"href":"https:\/\/reteitalianaism.it\/reteism\/index.php\/wp-json\/wp\/v2\/posts\/18183\/revisions"}],"predecessor-version":[{"id":18185,"href":"https:\/\/reteitalianaism.it\/reteism\/index.php\/wp-json\/wp\/v2\/posts\/18183\/revisions\/18185"}],"wp:attachment":[{"href":"https:\/\/reteitalianaism.it\/reteism\/index.php\/wp-json\/wp\/v2\/media?parent=18183"}],"wp:term":[{"taxonomy":"category","embeddable":true,"href":"https:\/\/reteitalianaism.it\/reteism\/index.php\/wp-json\/wp\/v2\/categories?post=18183"},{"taxonomy":"post_tag","embeddable":true,"href":"https:\/\/reteitalianaism.it\/reteism\/index.php\/wp-json\/wp\/v2\/tags?post=18183"}],"curies":[{"name":"wp","href":"https:\/\/api.w.org\/{rel}","templated":true}]}}