{"id":18290,"date":"2023-02-08T18:25:35","date_gmt":"2023-02-08T17:25:35","guid":{"rendered":"http:\/\/reteitalianaism.it\/reteism\/?p=18290"},"modified":"2023-02-19T20:40:25","modified_gmt":"2023-02-19T19:40:25","slug":"israele-palestina-il-capo-della-cia-avverte-che-le-attuali-tensioni-assomigliano-alla-seconda-intifada","status":"publish","type":"post","link":"https:\/\/reteitalianaism.it\/reteism\/index.php\/2023\/02\/08\/israele-palestina-il-capo-della-cia-avverte-che-le-attuali-tensioni-assomigliano-alla-seconda-intifada\/","title":{"rendered":"Israele-Palestina: il capo della CIA avverte che le attuali tensioni assomigliano alla Seconda Intifada"},"content":{"rendered":"<p><strong><a href=\"https:\/\/www.middleeasteye.net\/news\/israel-palestine-cia-warns-tensions-resemble-intifada\">https:\/\/www.middleeasteye.net\/<\/a>\u00a0 \u00a0 \u00a0 \u00a0 \u00a0 \u00a0 \u00a0 \u00a08 febbraio 2023<\/strong><\/p>\n<p>La visita di William Burns nella regione lo lascia preoccupato per la prospettiva di &#8220;esplosioni di violenza&#8221;.<\/p>\n<div id=\"attachment_18291\" style=\"width: 505px\" class=\"wp-caption aligncenter\"><a href=\"http:\/\/reteitalianaism.it\/reteism\/index.php\/2023\/02\/08\/israele-palestina-il-capo-della-cia-avverte-che-le-attuali-tensioni-assomigliano-alla-seconda-intifada\/israel-palesitne-jenin-gaza-jan-2023-ap\/\" rel=\"attachment wp-att-18291\"><img loading=\"lazy\" decoding=\"async\" aria-describedby=\"caption-attachment-18291\" class=\"wp-image-18291\" src=\"http:\/\/reteitalianaism.it\/reteism\/wp-content\/uploads\/2023\/02\/israel-palesitne-jenin-gaza-jan-2023-ap-300x169.jpeg\" alt=\"\" width=\"495\" height=\"279\" srcset=\"https:\/\/reteitalianaism.it\/reteism\/wp-content\/uploads\/2023\/02\/israel-palesitne-jenin-gaza-jan-2023-ap-300x169.jpeg 300w, https:\/\/reteitalianaism.it\/reteism\/wp-content\/uploads\/2023\/02\/israel-palesitne-jenin-gaza-jan-2023-ap-1024x576.jpeg 1024w, https:\/\/reteitalianaism.it\/reteism\/wp-content\/uploads\/2023\/02\/israel-palesitne-jenin-gaza-jan-2023-ap-768x432.jpeg 768w, https:\/\/reteitalianaism.it\/reteism\/wp-content\/uploads\/2023\/02\/israel-palesitne-jenin-gaza-jan-2023-ap.jpeg 1400w\" sizes=\"auto, (max-width: 495px) 100vw, 495px\" \/><\/a><p id=\"caption-attachment-18291\" class=\"wp-caption-text\">I palestinesi a est di Gaza City protestano contro il raid militare israeliano nella citt\u00e0 di Jenin, in Cisgiordania, lungo la recinzione con Israele, il 16 gennaio 2023 (AP)<\/p><\/div>\n<p style=\"text-align: justify;\">Il direttore della CIA ha avvertito che sar\u00e0 una grande sfida prevenire &#8220;esplosioni di violenza&#8221; tra israeliani e palestinesi in mezzo a tensioni che hanno una &#8220;somiglianza&#8221; con la Seconda Intifada.<\/p>\n<p style=\"text-align: justify;\">William Burns ha fatto le sue osservazioni dopo essere tornato da un viaggio in Israele e nella Cisgiordania occupata la scorsa settimana, dove ha tenuto colloqui con i leader di entrambe le parti che lo hanno lasciato &#8220;preoccupato&#8221;.<\/p>\n<p style=\"text-align: justify;\">&#8220;Ero un alto diplomatico statunitense 20 anni fa durante la Seconda Intifada, e sono preoccupato &#8211; come lo sono i miei colleghi della comunit\u00e0 dell&#8217;intelligence &#8211; che molto di ci\u00f2 che stiamo vedendo oggi abbia una somiglianza molto infelice con alcune di quelle realt\u00e0 che abbiamo visto anche allora&#8221;, ha detto Burns durante un&#8217;intervista alla Georgetown School of Foreign Service di Washington gioved\u00ec.<!--more--><\/p>\n<p style=\"text-align: justify;\">Ha aggiunto che la CIA sta lavorando con i servizi di sicurezza israeliani e palestinesi per prevenire &#8220;esplosioni di violenza&#8221;, ma ha ammesso che &#8220;sar\u00e0 una grande sfida&#8221;.<\/p>\n<p style=\"text-align: justify;\">&#8220;Le conversazioni che ho avuto con i leader israeliani e palestinesi mi hanno lasciato piuttosto preoccupato per le prospettive di una fragilit\u00e0 ancora maggiore e di una violenza ancora maggiore tra israeliani e palestinesi&#8221;, ha detto.<\/p>\n<p style=\"text-align: justify;\">&#8220;Molto di ci\u00f2 che stiamo vedendo oggi ha una somiglianza molto infelice con alcune di quelle realt\u00e0 che abbiamo visto anche allora [Seconda Intifada]&#8221;<\/p>\n<p style=\"text-align: justify;\">&#8211; William Burns, direttore della CIA<\/p>\n<p style=\"text-align: justify;\">Finora quest&#8217;anno le forze israeliane hanno ucciso 42 palestinesi nella Cisgiordania occupata e a Gerusalemme est, continuando una tendenza di crescente politica letale dallo scorso anno.<\/p>\n<p style=\"text-align: justify;\">Nel 2022, almeno 220 persone sono morte negli attacchi israeliani nei territori occupati, tra cui 48 bambini. Almeno 167 provenivano dalla Cisgiordania e da Gerusalemme est.<\/p>\n<p style=\"text-align: justify;\">Nel frattempo, i palestinesi hanno ucciso 30 israeliani, compreso un bambino, il bilancio delle vittime pi\u00f9 alto dal 2008.<\/p>\n<p style=\"text-align: justify;\">La rinnovata violenza israeliana arriva mentre l&#8217;esercito aumenta le operazioni in Cisgiordania e la resistenza armata palestinese rinasce.<\/p>\n<p style=\"text-align: justify;\">A dicembre, gli esperti delle Nazioni Unite hanno condannato Israele per la violenza record dello scorso anno e hanno avvertito che il 2023 potrebbe assistere a un numero maggiore di vittime.<\/p>\n<p style=\"text-align: justify;\">&#8220;A meno che le forze israeliane non abbandonino questa mentalit\u00e0 dominante dei coloni e trattino giustamente i palestinesi nel territorio occupato come persone protette, il deplorevole record di Israele nella Cisgiordania occupata probabilmente peggiorer\u00e0 ulteriormente nel 2023&#8221;, hanno affermato.<\/p>\n<p style=\"text-align: justify;\">\nIl bilancio delle vittime del 2022 ne fa l&#8217;anno pi\u00f9 violento in Cisgiordania dal 2005, anno che molti considerano la fine della Seconda Intifada.<\/p>\n<p style=\"text-align: justify;\">Allora, la resistenza armata palestinese in Cisgiordania fu soffocata sotto la guida del presidente dell&#8217;Autorit\u00e0 palestinese Mahmoud Abbas.<\/p>\n<p style=\"text-align: justify;\">Tuttavia, il controllo di sicurezza dell&#8217;AP su alcune aree della Cisgiordania \u00e8 stato messo in discussione nel 2022, con l&#8217;emergere di diversi gruppi armati semi-organizzati, in particolare le Brigate Jenin e la Fossa dei leoni a Nablus.<\/p>\n<p style=\"text-align: justify;\">La Seconda Intifada \u00e8 stata una rivolta armata palestinese contro l&#8217;occupazione israeliana, innescata dalla provocatoria incursione nella moschea di Al-Aqsa da parte dell&#8217;allora leader dell&#8217;opposizione Ariel Sharon nel 2000.<\/p>\n<p style=\"text-align: justify;\">In seguito, Israele ha lanciato la sua pi\u00f9 grande offensiva militare in Cisgiordania, per reprimere la resistenza palestinese e gli attacchi che hanno comportato una serie di attentati suicidi mortali nelle citt\u00e0 israeliane.<\/p>\n<p style=\"text-align: justify;\">Pi\u00f9 di 3.000 palestinesi e 1.000 israeliani sono stati uccisi tra il 2000 e il 2005.<\/p>\n","protected":false},"excerpt":{"rendered":"<p>https:\/\/www.middleeasteye.net\/\u00a0 \u00a0 \u00a0 \u00a0 \u00a0 \u00a0 \u00a0 \u00a08 febbraio 2023 La visita di William Burns nella regione lo lascia preoccupato per la prospettiva di &#8220;esplosioni di violenza&#8221;. Il direttore della CIA ha avvertito che sar\u00e0 una grande sfida prevenire &#8220;esplosioni &hellip; <a href=\"https:\/\/reteitalianaism.it\/reteism\/index.php\/2023\/02\/08\/israele-palestina-il-capo-della-cia-avverte-che-le-attuali-tensioni-assomigliano-alla-seconda-intifada\/\">Continue reading <span class=\"meta-nav\">&rarr;<\/span><\/a><\/p>\n","protected":false},"author":2,"featured_media":0,"comment_status":"open","ping_status":"open","sticky":false,"template":"","format":"standard","meta":{"footnotes":""},"categories":[3],"tags":[110,42,155],"class_list":["post-18290","post","type-post","status-publish","format-standard","hentry","category-info","tag-intifada","tag-resistenza","tag-west-bank-occupata"],"_links":{"self":[{"href":"https:\/\/reteitalianaism.it\/reteism\/index.php\/wp-json\/wp\/v2\/posts\/18290","targetHints":{"allow":["GET"]}}],"collection":[{"href":"https:\/\/reteitalianaism.it\/reteism\/index.php\/wp-json\/wp\/v2\/posts"}],"about":[{"href":"https:\/\/reteitalianaism.it\/reteism\/index.php\/wp-json\/wp\/v2\/types\/post"}],"author":[{"embeddable":true,"href":"https:\/\/reteitalianaism.it\/reteism\/index.php\/wp-json\/wp\/v2\/users\/2"}],"replies":[{"embeddable":true,"href":"https:\/\/reteitalianaism.it\/reteism\/index.php\/wp-json\/wp\/v2\/comments?post=18290"}],"version-history":[{"count":2,"href":"https:\/\/reteitalianaism.it\/reteism\/index.php\/wp-json\/wp\/v2\/posts\/18290\/revisions"}],"predecessor-version":[{"id":18293,"href":"https:\/\/reteitalianaism.it\/reteism\/index.php\/wp-json\/wp\/v2\/posts\/18290\/revisions\/18293"}],"wp:attachment":[{"href":"https:\/\/reteitalianaism.it\/reteism\/index.php\/wp-json\/wp\/v2\/media?parent=18290"}],"wp:term":[{"taxonomy":"category","embeddable":true,"href":"https:\/\/reteitalianaism.it\/reteism\/index.php\/wp-json\/wp\/v2\/categories?post=18290"},{"taxonomy":"post_tag","embeddable":true,"href":"https:\/\/reteitalianaism.it\/reteism\/index.php\/wp-json\/wp\/v2\/tags?post=18290"}],"curies":[{"name":"wp","href":"https:\/\/api.w.org\/{rel}","templated":true}]}}