{"id":18299,"date":"2023-02-10T20:55:07","date_gmt":"2023-02-10T19:55:07","guid":{"rendered":"http:\/\/reteitalianaism.it\/reteism\/?p=18299"},"modified":"2023-02-10T20:55:07","modified_gmt":"2023-02-10T19:55:07","slug":"israele-uccide-un-altro-bambino-in-cisgiordania","status":"publish","type":"post","link":"https:\/\/reteitalianaism.it\/reteism\/index.php\/2023\/02\/10\/israele-uccide-un-altro-bambino-in-cisgiordania\/","title":{"rendered":"Israele uccide un altro bambino in Cisgiordania"},"content":{"rendered":"<p><a href=\"https:\/\/electronicintifada.net\/blogs\/tamara-nassar\/israel-kills-another-child-west-bank\">https:\/\/electronicintifada.net\/<\/a><br \/>\n<strong> 9 febbraio 2023<\/strong>\u00a0 \u00a0 \u00a0 \u00a0 <em>Tamara Nassar<\/em><\/p>\n<p style=\"text-align: justify;\">Mani accarezzano il volto di un ragazzo morto, avvolto in una sciarpa e una bandiera<\/p>\n<div id=\"attachment_18300\" style=\"width: 505px\" class=\"wp-caption aligncenter\"><a href=\"http:\/\/reteitalianaism.it\/reteism\/index.php\/2023\/02\/10\/israele-uccide-un-altro-bambino-in-cisgiordania\/230209_-_nablus_0\/\" rel=\"attachment wp-att-18300\"><img loading=\"lazy\" decoding=\"async\" aria-describedby=\"caption-attachment-18300\" class=\" wp-image-18300\" src=\"http:\/\/reteitalianaism.it\/reteism\/wp-content\/uploads\/2023\/02\/230209_-_nablus_0-300x200.jpeg\" alt=\"\" width=\"495\" height=\"330\" srcset=\"https:\/\/reteitalianaism.it\/reteism\/wp-content\/uploads\/2023\/02\/230209_-_nablus_0-300x200.jpeg 300w, https:\/\/reteitalianaism.it\/reteism\/wp-content\/uploads\/2023\/02\/230209_-_nablus_0-768x513.jpeg 768w, https:\/\/reteitalianaism.it\/reteism\/wp-content\/uploads\/2023\/02\/230209_-_nablus_0.jpeg 800w\" sizes=\"auto, (max-width: 495px) 100vw, 495px\" \/><\/a><p id=\"caption-attachment-18300\" class=\"wp-caption-text\">I palestinesi piangono per il corpo del sedicenne Hamza Amjad Ashqar, colpito a morte dalle forze israeliane, nella citt\u00e0 occupata di Nablus, in Cisgiordania, il 7 febbraio. Immagini Wajed NobaniAPA<\/p><\/div>\n<p style=\"text-align: justify;\">Un giovane palestinese \u00e8 morto gioved\u00ec dopo essere stato colpito dalle forze di occupazione israeliane vicino al campo profughi di Fawwar, vicino alla citt\u00e0 di Hebron, in Cisgiordania.<\/p>\n<p style=\"text-align: justify;\">Ci\u00f2 avviene dopo che le forze di occupazione hanno ucciso un bambino in un&#8217;altra parte della Cisgiordania all&#8217;inizio della settimana.<\/p>\n<p style=\"text-align: justify;\">Nell&#8217;incidente di gioved\u00ec, l&#8217;esercito israeliano ha affermato che Sharif Hasan Rabbaa aveva tentato di pugnalare uno dei suoi soldati e che le sue &#8220;forze gli hanno sparato e lo hanno neutralizzato&#8221;.<!--more--><\/p>\n<p style=\"text-align: justify;\">Rabbaa \u00e8 stato trattenuto dall&#8217;esercito israeliano, che ha pubblicato l&#8217;immagine di un coltello che sosteneva lui avesse usato.<\/p>\n<p style=\"text-align: justify;\">\nOre dopo, il ministero della salute dell&#8217;Autorit\u00e0 palestinese ha annunciato che il 22enne era morto per le ferite riportate.<br \/>\nAll&#8217;inizio della settimana, un ragazzo palestinese \u00e8 stato colpito a morte dalle forze israeliane durante un raid nel nord della Cisgiordania.<\/p>\n<p style=\"text-align: justify;\">Il gruppo di resistenza Lion&#8217;s Den ha affermato di aver fronteggiato le forze israeliane mentre invadevano il quartiere di al-Masaken al-Shaabiyya a Nablus nelle prime ore di marted\u00ec.<\/p>\n<p style=\"text-align: justify;\">Giovani palestinesi hanno colpito i veicoli dell&#8217;esercito israeliano con sassi da una distanza di circa 30 metri mentre si stavano ritirando dall&#8217;area, secondo Defence for Children International-Palestine (DCIP).<\/p>\n<p style=\"text-align: justify;\">Un ragazzo avrebbe lanciato un pezzo di metallo contro uno dei veicoli dell&#8217;esercito.<\/p>\n<p style=\"text-align: justify;\">Un soldato israeliano in uno dei veicoli ha sparato proiettili veri contro un altro ragazzo che era con lui, il sedicenne Hamza Amjad Ashqar, colpendolo alla bocca e alla vita.<\/p>\n<p style=\"text-align: justify;\">Ashqar \u00e8 stato trasportato in un vicino ospedale e dichiarato morto poco dopo.<\/p>\n<p style=\"text-align: justify;\">\u00c8 il nono bambino palestinese ad essere ucciso dalle forze israeliane dall&#8217;inizio del 2023.<\/p>\n<p style=\"text-align: justify;\">\u201cLe forze israeliane ricorrono abitualmente alla forza letale intenzionalmente in situazioni non giustificate dal diritto internazionale e non fanno alcuno sforzo per indagare in modo imparziale o garantire che i soldati israeliani agiscano in conformit\u00e0 con gli standard internazionali\u201d, ha affermato Ayed Abu Eqtaish, direttore del programma di responsabilit\u00e0 presso il DCIP.<\/p>\n<p style=\"text-align: justify;\">\u201cLe incursioni quasi quotidiane delle forze israeliane nelle comunit\u00e0 palestinesi troppo spesso provocano la pallottola di un soldato israeliano nel corpo di un bambino palestinese\u201d, ha aggiunto Abu Eqtaish.<\/p>\n<p style=\"text-align: justify;\"><strong>Gli aiuti per il terremoto ostacolati dalle sanzioni<\/strong><br \/>\nNel frattempo, il numero di palestinesi noti per essere morti nel devastante terremoto che ha colpito parti della Turchia e della Siria \u00e8 salito a quasi 60.<\/p>\n<p style=\"text-align: justify;\">Il bilancio complessivo ha superato le 16.000 persone, ma si prevede che aumenter\u00e0 ulteriormente poich\u00e9 i soccorritori lottano per raggiungere migliaia di persone che si pensa siano intrappolate sotto edifici distrutti.<\/p>\n<p style=\"text-align: justify;\">\nCi sono pi\u00f9 di 438.000 rifugiati palestinesi che vivono in 12 campi in Siria, secondo l&#8217;UNRWA, l&#8217;agenzia delle Nazioni Unite per i rifugiati palestinesi. Pi\u00f9 di 60.000 di loro vivono nel nord della Siria, che \u00e8 stata duramente colpita dal terremoto.<br \/>\nMentre le squadre di emergenza sono arrivate da dozzine di paesi per aiutare i soccorsi in Turchia, l&#8217;ONU afferma che pochi aiuti sono stati diretti verso la Siria.<\/p>\n<p style=\"text-align: justify;\">Gli Stati Uniti e i loro alleati occidentali si sono rifiutati di inviare aiuti attraverso il governo di Damasco.<\/p>\n<p style=\"text-align: justify;\">Vogliono che gli aiuti siano canalizzati attraverso il nord del paese controllato dai ribelli, che \u00e8 in gran parte controllato da Hayat Tahrir al-Sham, un gruppo jihadista legato ad al-Qaida che \u00e8 stato a lungo tacitamente sostenuto da Stati Uniti e Turchia, anche se Washington lo elenca come un&#8217;organizzazione &#8220;terrorista&#8221;.<\/p>\n<p style=\"text-align: justify;\">Nonostante il terremoto, gli Stati Uniti si sono rifiutati di revocare le sanzioni che per anni hanno reso quasi impossibile portare rifornimenti vitali in Siria, devastata da oltre un decennio di guerra.<\/p>\n<p style=\"text-align: justify;\">Mercoled\u00ec, la Siria ha richiesto aiuti di emergenza attraverso il meccanismo di protezione civile dell&#8217;Unione europea.<\/p>\n<p style=\"text-align: justify;\">L&#8217;UE ha affermato che incoragger\u00e0 i suoi membri a fornire assistenza, ma non vi \u00e8 stata alcuna indicazione che revocher\u00e0 presto le proprie sanzioni punitive contro la Siria.<\/p>\n<p style=\"text-align: justify;\">I soccorritori e i rifornimenti provenienti da diversi paesi, tra cui Russia, Emirati Arabi Uniti, Iraq, Iran e Algeria, sono gi\u00e0 atterrati negli aeroporti delle parti della Siria controllate dal governo.<\/p>\n<p style=\"text-align: justify;\">Ma le sanzioni occidentali in corso significano che gli aiuti che raggiungono la Siria avranno difficolt\u00e0 ad arrivare dove sono disperatamente necessari.<\/p>\n<p style=\"text-align: justify;\">&#8220;Non c&#8217;\u00e8 nemmeno carburante per inviare [aiuti e convogli di salvataggio], e questo a causa del blocco e delle sanzioni&#8221;, ha detto marted\u00ec ai giornalisti a Damasco Khaled Hboubati della Mezzaluna Rossa araba siriana.<\/p>\n","protected":false},"excerpt":{"rendered":"<p>https:\/\/electronicintifada.net\/ 9 febbraio 2023\u00a0 \u00a0 \u00a0 \u00a0 Tamara Nassar Mani accarezzano il volto di un ragazzo morto, avvolto in una sciarpa e una bandiera Un giovane palestinese \u00e8 morto gioved\u00ec dopo essere stato colpito dalle forze di occupazione israeliane vicino &hellip; <a href=\"https:\/\/reteitalianaism.it\/reteism\/index.php\/2023\/02\/10\/israele-uccide-un-altro-bambino-in-cisgiordania\/\">Continue reading <span class=\"meta-nav\">&rarr;<\/span><\/a><\/p>\n","protected":false},"author":2,"featured_media":0,"comment_status":"open","ping_status":"open","sticky":false,"template":"","format":"standard","meta":{"footnotes":""},"categories":[3],"tags":[8,34,150,51],"class_list":["post-18299","post","type-post","status-publish","format-standard","hentry","category-info","tag-al-khalil","tag-nablus","tag-violenza-dellesercito","tag-violenza-sui-minori"],"_links":{"self":[{"href":"https:\/\/reteitalianaism.it\/reteism\/index.php\/wp-json\/wp\/v2\/posts\/18299","targetHints":{"allow":["GET"]}}],"collection":[{"href":"https:\/\/reteitalianaism.it\/reteism\/index.php\/wp-json\/wp\/v2\/posts"}],"about":[{"href":"https:\/\/reteitalianaism.it\/reteism\/index.php\/wp-json\/wp\/v2\/types\/post"}],"author":[{"embeddable":true,"href":"https:\/\/reteitalianaism.it\/reteism\/index.php\/wp-json\/wp\/v2\/users\/2"}],"replies":[{"embeddable":true,"href":"https:\/\/reteitalianaism.it\/reteism\/index.php\/wp-json\/wp\/v2\/comments?post=18299"}],"version-history":[{"count":2,"href":"https:\/\/reteitalianaism.it\/reteism\/index.php\/wp-json\/wp\/v2\/posts\/18299\/revisions"}],"predecessor-version":[{"id":18302,"href":"https:\/\/reteitalianaism.it\/reteism\/index.php\/wp-json\/wp\/v2\/posts\/18299\/revisions\/18302"}],"wp:attachment":[{"href":"https:\/\/reteitalianaism.it\/reteism\/index.php\/wp-json\/wp\/v2\/media?parent=18299"}],"wp:term":[{"taxonomy":"category","embeddable":true,"href":"https:\/\/reteitalianaism.it\/reteism\/index.php\/wp-json\/wp\/v2\/categories?post=18299"},{"taxonomy":"post_tag","embeddable":true,"href":"https:\/\/reteitalianaism.it\/reteism\/index.php\/wp-json\/wp\/v2\/tags?post=18299"}],"curies":[{"name":"wp","href":"https:\/\/api.w.org\/{rel}","templated":true}]}}