{"id":18336,"date":"2023-02-20T18:31:38","date_gmt":"2023-02-20T17:31:38","guid":{"rendered":"http:\/\/reteitalianaism.it\/reteism\/?p=18336"},"modified":"2023-02-20T18:31:38","modified_gmt":"2023-02-20T17:31:38","slug":"lunione-africana-afferma-che-lo-status-di-osservatore-di-israele-e-sospeso-e-non-e-stato-invitato-al-recente-vertice","status":"publish","type":"post","link":"https:\/\/reteitalianaism.it\/reteism\/index.php\/2023\/02\/20\/lunione-africana-afferma-che-lo-status-di-osservatore-di-israele-e-sospeso-e-non-e-stato-invitato-al-recente-vertice\/","title":{"rendered":"L&#8217;Unione Africana afferma che lo status di osservatore di Israele \u00e8 sospeso, e non \u00e8 stato invitato al recente vertice"},"content":{"rendered":"<p><a href=\"https:\/\/palestineonline.org\/palestine-124\/\">https:\/\/palestineonline.org\/<\/a>\u00a0 \u00a0 \u00a0 \u00a0 \u00a0 \u00a0 \u00a0 \u00a0 \u00a0 \u00a0 \u00a0 \u00a0 \u00a0 \u00a0<strong>20 febbraio 2023<\/strong><\/p>\n<p style=\"text-align: justify;\">L&#8217;Unione Africana (UA) afferma che lo status di osservatore di Israele nel blocco delle 55 nazioni \u00e8 stato sospeso e il regime non \u00e8 stato invitato al recente vertice dell&#8217;Unione da cui \u00e8 stata espulsa la sua delegazione.<a href=\"http:\/\/reteitalianaism.it\/reteism\/index.php\/2023\/02\/20\/lunione-africana-afferma-che-lo-status-di-osservatore-di-israele-e-sospeso-e-non-e-stato-invitato-al-recente-vertice\/au-678x455-1\/\" rel=\"attachment wp-att-18337\"><img loading=\"lazy\" decoding=\"async\" class=\"aligncenter  wp-image-18337\" src=\"http:\/\/reteitalianaism.it\/reteism\/wp-content\/uploads\/2023\/02\/AU-678x455-1-300x201.png\" alt=\"\" width=\"493\" height=\"330\" srcset=\"https:\/\/reteitalianaism.it\/reteism\/wp-content\/uploads\/2023\/02\/AU-678x455-1-300x201.png 300w, https:\/\/reteitalianaism.it\/reteism\/wp-content\/uploads\/2023\/02\/AU-678x455-1.png 678w\" sizes=\"auto, (max-width: 493px) 100vw, 493px\" \/><\/a><\/p>\n<p style=\"text-align: justify;\">Il presidente della Commissione dell&#8217;Unione Africana, Moussa Faki Mahamat, ha fatto le osservazioni domenica, un giorno dopo che una delegazione israeliana \u00e8 stata costretta a lasciare la cerimonia di apertura del vertice dell&#8217;UA nella capitale etiope di Addis Abeba.<\/p>\n<p style=\"text-align: justify;\">Faki aveva concesso lo status al regime israeliano nel 2021, suscitando proteste in tutto il blocco panafricano e veementi proteste da parte di membri chiave, Algeria e Sudafrica.<!--more--><\/p>\n<p style=\"text-align: justify;\">Di conseguenza, il vertice dell&#8217;UA dello scorso anno ha sospeso un dibattito sull&#8217;opportunit\u00e0 di ritirare l&#8217;accreditamento di Israele e ha istituito un comitato di capi di stato per affrontare la questione.<\/p>\n<p style=\"text-align: justify;\">&#8220;Ci\u00f2 significa che lo status [di osservatore] [di Israele] \u00e8 sospeso fino al momento in cui questo comitato pu\u00f2 deliberare&#8230; e quindi non abbiamo invitato funzionari israeliani al nostro vertice&#8221;, ha detto Faki, aggiungendo che era in corso un&#8217;indagine.<\/p>\n<p style=\"text-align: justify;\">Il regime israeliano ha mostrato una reazione focosa all&#8217;incidente di sabato che \u00e8 diventato virale sui social media mostrando le guardie di sicurezza che si avvicinano ai delegati israeliani e li scortano fuori dopo diversi minuti di discussione.<\/p>\n<p style=\"text-align: justify;\">Il regime ha accusato quello che ha definito un &#8220;piccolo numero di stati estremisti come l&#8217;Algeria e il Sudafrica&#8221; di essere dietro la mossa.<\/p>\n<p style=\"text-align: justify;\">Il Sudafrica, tuttavia, ha respinto categoricamente l&#8217;affermazione, affermando che la domanda di Tel Aviv per lo status di osservatore presso l&#8217;UA non \u00e8 stata decisa dal blocco.<\/p>\n<p style=\"text-align: justify;\">&#8220;Fino a quando l&#8217;UA non decider\u00e0 se concedere o meno lo status di osservatore a Israele&#8221;, non pu\u00f2 permettere al regime di &#8220;sedersi e osservare&#8221;, ha detto a Reuters Clayson Monyela, capo della diplomazia pubblica del Dipartimento per le relazioni internazionali e la cooperazione del Sudafrica.<\/p>\n<p style=\"text-align: justify;\">&#8220;Quindi, non si tratta del Sudafrica o dell&#8217;Algeria, \u00e8 una questione di principio&#8221;, ha aggiunto.<\/p>\n","protected":false},"excerpt":{"rendered":"<p>https:\/\/palestineonline.org\/\u00a0 \u00a0 \u00a0 \u00a0 \u00a0 \u00a0 \u00a0 \u00a0 \u00a0 \u00a0 \u00a0 \u00a0 \u00a0 \u00a020 febbraio 2023 L&#8217;Unione Africana (UA) afferma che lo status di osservatore di Israele nel blocco delle 55 nazioni \u00e8 stato sospeso e il regime non \u00e8 &hellip; <a href=\"https:\/\/reteitalianaism.it\/reteism\/index.php\/2023\/02\/20\/lunione-africana-afferma-che-lo-status-di-osservatore-di-israele-e-sospeso-e-non-e-stato-invitato-al-recente-vertice\/\">Continue reading <span class=\"meta-nav\">&rarr;<\/span><\/a><\/p>\n","protected":false},"author":2,"featured_media":0,"comment_status":"open","ping_status":"open","sticky":false,"template":"","format":"standard","meta":{"footnotes":""},"categories":[3],"tags":[482],"class_list":["post-18336","post","type-post","status-publish","format-standard","hentry","category-info","tag-unione-africana"],"_links":{"self":[{"href":"https:\/\/reteitalianaism.it\/reteism\/index.php\/wp-json\/wp\/v2\/posts\/18336","targetHints":{"allow":["GET"]}}],"collection":[{"href":"https:\/\/reteitalianaism.it\/reteism\/index.php\/wp-json\/wp\/v2\/posts"}],"about":[{"href":"https:\/\/reteitalianaism.it\/reteism\/index.php\/wp-json\/wp\/v2\/types\/post"}],"author":[{"embeddable":true,"href":"https:\/\/reteitalianaism.it\/reteism\/index.php\/wp-json\/wp\/v2\/users\/2"}],"replies":[{"embeddable":true,"href":"https:\/\/reteitalianaism.it\/reteism\/index.php\/wp-json\/wp\/v2\/comments?post=18336"}],"version-history":[{"count":2,"href":"https:\/\/reteitalianaism.it\/reteism\/index.php\/wp-json\/wp\/v2\/posts\/18336\/revisions"}],"predecessor-version":[{"id":18339,"href":"https:\/\/reteitalianaism.it\/reteism\/index.php\/wp-json\/wp\/v2\/posts\/18336\/revisions\/18339"}],"wp:attachment":[{"href":"https:\/\/reteitalianaism.it\/reteism\/index.php\/wp-json\/wp\/v2\/media?parent=18336"}],"wp:term":[{"taxonomy":"category","embeddable":true,"href":"https:\/\/reteitalianaism.it\/reteism\/index.php\/wp-json\/wp\/v2\/categories?post=18336"},{"taxonomy":"post_tag","embeddable":true,"href":"https:\/\/reteitalianaism.it\/reteism\/index.php\/wp-json\/wp\/v2\/tags?post=18336"}],"curies":[{"name":"wp","href":"https:\/\/api.w.org\/{rel}","templated":true}]}}