{"id":18432,"date":"2023-03-12T19:34:51","date_gmt":"2023-03-12T18:34:51","guid":{"rendered":"http:\/\/reteitalianaism.it\/reteism\/?p=18432"},"modified":"2023-03-12T19:35:03","modified_gmt":"2023-03-12T18:35:03","slug":"giro-ditalia-e-tour-de-france-non-pedalare-per-lapartheid-israeliano","status":"publish","type":"post","link":"https:\/\/reteitalianaism.it\/reteism\/index.php\/2023\/03\/12\/giro-ditalia-e-tour-de-france-non-pedalare-per-lapartheid-israeliano\/","title":{"rendered":"Giro d&#8217;Italia e Tour de France, non pedalare per l&#8217;apartheid israeliano"},"content":{"rendered":"<p>10 marzo 2023 | <a href=\"https:\/\/bdsmovement.net\/news-listing-author\/Palestinian%20Campaign%20for%20the%20Academic%20and%20Cultural%20Boycott%20of%20Israel%20(PACBI)\">Palestinian Campaign for the Cultural and Academic Boycott of Israel (PACBI)<\/a><\/p>\n<p><a href=\"https:\/\/bdsmovement.net\/dont-pedal-for-apartheid\">https:\/\/bdsmovement.net\/dont-pedal-for-apartheid<\/a><\/p>\n<p><em>I palestinesi chiedono proteste mentre le principali gare ciclistiche fanno di tutto per premiare l&#8217;Israele dell&#8217;apartheid con inviti speciali alla squadra sponsorizzata dal governo israeliano.<\/em><\/p>\n<p><a href=\"http:\/\/reteitalianaism.it\/reteism\/wp-content\/uploads\/2023\/03\/GDI-TDF_0.jpg\"><img loading=\"lazy\" decoding=\"async\" class=\" wp-image-18433 aligncenter\" src=\"http:\/\/reteitalianaism.it\/reteism\/wp-content\/uploads\/2023\/03\/GDI-TDF_0-300x169.jpg\" alt=\"\" width=\"396\" height=\"223\" srcset=\"https:\/\/reteitalianaism.it\/reteism\/wp-content\/uploads\/2023\/03\/GDI-TDF_0-300x169.jpg 300w, https:\/\/reteitalianaism.it\/reteism\/wp-content\/uploads\/2023\/03\/GDI-TDF_0-1024x576.jpg 1024w, https:\/\/reteitalianaism.it\/reteism\/wp-content\/uploads\/2023\/03\/GDI-TDF_0-768x432.jpg 768w, https:\/\/reteitalianaism.it\/reteism\/wp-content\/uploads\/2023\/03\/GDI-TDF_0-1536x864.jpg 1536w, https:\/\/reteitalianaism.it\/reteism\/wp-content\/uploads\/2023\/03\/GDI-TDF_0.jpg 1920w\" sizes=\"auto, (max-width: 396px) 100vw, 396px\" \/><\/a>Mentre il regime di apartheid israeliano, sotto il suo governo pi\u00f9 razzista e fondamentalista di sempre, intensifica la sua violenta oppressione dei palestinesi, due delle principali gare ciclistiche del mondo si stanno facendo in quattro per aiutare Israele a ripulire i suoi crimini.<\/p>\n<p>Il Giro d&#8217;Italia (6-28 maggio) e il Tour de France (1-23 luglio) hanno esteso speciali inviti &#8220;jolly&#8221; alla squadra ciclistica sponsorizzata dal governo israeliano.<\/p>\n<p>Il Giro d&#8217;Italia e il Tour de France stanno vergognosamente premiando Israele per la sua continua follia omicida di palestinesi, ministri del governo che incitano all&#8217;omicidio, sostegno alle milizie di coloni che portano avanti pogrom violenti nelle citt\u00e0 palestinesi, demolizioni di case palestinesi ed espulsione forzata di palestinesi dal nostro terra.<!--more--><\/p>\n<p>Come documentato da Amnesty International e Human Rights Watch, Israele \u00e8 colpevole del crimine contro l&#8217;umanit\u00e0 dell&#8217;apartheid. I suoi insediamenti illegali in continua espansione su terra palestinese rubata costituiscono un crimine di guerra ai sensi del diritto internazionale.<\/p>\n<p>La squadra ciclistica israeliana, creata da un miliardario canadese-israeliano, si \u00e8 concentrata pi\u00f9 sul suo obiettivo dichiarato di lavare lo sport dal decennale regime di occupazione militare e apartheid di Israele che sul ciclismo. Il Team Apartheid Israel \u00e8 sceso cos\u00ec in basso nella classifica che \u00e8 stato retrocesso dal livello World Tour e non idoneo per la partecipazione automatica ai Grand Tour del ciclismo e necessitava di inviti speciali.<\/p>\n<p>Inizialmente la squadra israeliana non era idonea anche per le gare a tappe del World Tour oltre alle gare principali. Tuttavia, l&#8217;UCI, l&#8217;organismo internazionale che governa il ciclismo che afferma di essere una &#8220;organizzazione politicamente neutrale&#8221;, ha apportato vergognosamente un cambiamento dell&#8217;ultimo minuto, in quella che \u00e8 stata definita la &#8220;regola israeliana&#8221;, che &#8220;regaler\u00e0&#8221; al Team Apartheid Israel inviti automatici a questi gare.<\/p>\n<p>In uno spettacolo di tipica ipocrisia occidentale, l&#8217;UCI ha immediatamente sanzionato la Russia a pochi giorni dall&#8217;inizio della sua aggressione illegale contro l&#8217;Ucraina, sospendendo tutte le squadre russe e bielorusse e vietando tutti gli eventi UCI in Russia e Bielorussia, non solo chiudendo un occhio sul record decennale di Israele di gravi crimini contro i palestinesi, ma riscrivendo le proprie regole per scegliere Israele per le sue generose ricompense.<\/p>\n<p>Non \u00e8 la prima volta che UCI, Giro d&#8217;Italia e Tour de France si rendono complici della negazione dei diritti dei palestinesi da parte di Israele. Salutiamo i tanti gruppi e appassionati di ciclismo in Italia e in Francia che hanno organizzato proteste per la partecipazione del Team Apartheid Israel lungo i percorsi del Giro d&#8217;Italia e del Tour de France.<\/p>\n<p>Quest&#8217;anno, con l&#8217;UCI e gli organizzatori del Grand Tour che fanno di tutto per smascherare il violento regime di apartheid israeliano, in un momento in cui i palestinesi stanno affrontando una crescente violenza mentre ci prepariamo a celebrare 75 anni di oppressione israeliana, pulizia etnica e colonialismo che ci derubano della terra, vita e dignit\u00e0, chiediamo pi\u00f9 proteste che mai lungo i percorsi di gara.<\/p>\n<p>Come palestinesi, ci rifiutiamo di rimanere in silenzio finch\u00e9 non raggiungiamo il nostro traguardo di libert\u00e0, giustizia e uguaglianza per tutti. Unisciti a noi e contribuisci a garantire che l&#8217;UCI, il Giro d&#8217;Italia e il Tour de France ricevano il messaggio: non c&#8217;\u00e8 posto nel ciclismo per crimini di guerra e crimini contro l&#8217;umanit\u00e0.<\/p>\n<p>Per maggiori informazioni sulle mobilitazioni del Giro d&#8217;Italia e del Tour de France, contattateci a: pacbi@bdsmovement.net<\/p>\n","protected":false},"excerpt":{"rendered":"<p>10 marzo 2023 | Palestinian Campaign for the Cultural and Academic Boycott of Israel (PACBI) https:\/\/bdsmovement.net\/dont-pedal-for-apartheid I palestinesi chiedono proteste mentre le principali gare ciclistiche fanno di tutto per premiare l&#8217;Israele dell&#8217;apartheid con inviti speciali alla squadra sponsorizzata dal governo &hellip; <a href=\"https:\/\/reteitalianaism.it\/reteism\/index.php\/2023\/03\/12\/giro-ditalia-e-tour-de-france-non-pedalare-per-lapartheid-israeliano\/\">Continue reading <span class=\"meta-nav\">&rarr;<\/span><\/a><\/p>\n","protected":false},"author":6,"featured_media":0,"comment_status":"open","ping_status":"open","sticky":false,"template":"","format":"standard","meta":{"footnotes":""},"categories":[3],"tags":[9,76,486,484,314,485],"class_list":["post-18432","post","type-post","status-publish","format-standard","hentry","category-info","tag-apartheid","tag-bds","tag-dont-pedal-with-apartheid","tag-giro-ditalia","tag-movimento-bds","tag-tour-de-france"],"_links":{"self":[{"href":"https:\/\/reteitalianaism.it\/reteism\/index.php\/wp-json\/wp\/v2\/posts\/18432","targetHints":{"allow":["GET"]}}],"collection":[{"href":"https:\/\/reteitalianaism.it\/reteism\/index.php\/wp-json\/wp\/v2\/posts"}],"about":[{"href":"https:\/\/reteitalianaism.it\/reteism\/index.php\/wp-json\/wp\/v2\/types\/post"}],"author":[{"embeddable":true,"href":"https:\/\/reteitalianaism.it\/reteism\/index.php\/wp-json\/wp\/v2\/users\/6"}],"replies":[{"embeddable":true,"href":"https:\/\/reteitalianaism.it\/reteism\/index.php\/wp-json\/wp\/v2\/comments?post=18432"}],"version-history":[{"count":1,"href":"https:\/\/reteitalianaism.it\/reteism\/index.php\/wp-json\/wp\/v2\/posts\/18432\/revisions"}],"predecessor-version":[{"id":18434,"href":"https:\/\/reteitalianaism.it\/reteism\/index.php\/wp-json\/wp\/v2\/posts\/18432\/revisions\/18434"}],"wp:attachment":[{"href":"https:\/\/reteitalianaism.it\/reteism\/index.php\/wp-json\/wp\/v2\/media?parent=18432"}],"wp:term":[{"taxonomy":"category","embeddable":true,"href":"https:\/\/reteitalianaism.it\/reteism\/index.php\/wp-json\/wp\/v2\/categories?post=18432"},{"taxonomy":"post_tag","embeddable":true,"href":"https:\/\/reteitalianaism.it\/reteism\/index.php\/wp-json\/wp\/v2\/tags?post=18432"}],"curies":[{"name":"wp","href":"https:\/\/api.w.org\/{rel}","templated":true}]}}