{"id":18435,"date":"2023-03-13T18:58:36","date_gmt":"2023-03-13T17:58:36","guid":{"rendered":"http:\/\/reteitalianaism.it\/reteism\/?p=18435"},"modified":"2023-03-13T18:58:36","modified_gmt":"2023-03-13T17:58:36","slug":"palestinesi-e-gruppi-di-difesa-ebraica-protestano-contro-lincontro-di-smotrich-a-washington-video","status":"publish","type":"post","link":"https:\/\/reteitalianaism.it\/reteism\/index.php\/2023\/03\/13\/palestinesi-e-gruppi-di-difesa-ebraica-protestano-contro-lincontro-di-smotrich-a-washington-video\/","title":{"rendered":"Palestinesi e gruppi di difesa ebraica protestano contro l&#8217;incontro di Smotrich a Washington (VIDEO)"},"content":{"rendered":"<p style=\"text-align: justify;\"><a href=\"https:\/\/www.palestinechronicle.com\/palestinian-jewish-advocacy-groups-protest-smotrichs-meeting-in-washington-video\/\">https:\/\/www.palestinechronicle.com\/<\/a><br \/>\n<strong>13 marzo 2023\u00a0<\/strong><\/p>\n<p style=\"text-align: justify;\">Centinaia di attivisti di diversi gruppi di difesa palestinesi ed ebrei hanno manifestato domenica contro la visita del ministro delle finanze israeliano di estrema destra Bezalel Smotrich a Washington D.C., hanno riferito i media israeliani.<\/p>\n<div id=\"attachment_18436\" style=\"width: 503px\" class=\"wp-caption aligncenter\"><a href=\"http:\/\/reteitalianaism.it\/reteism\/index.php\/2023\/03\/13\/palestinesi-e-gruppi-di-difesa-ebraica-protestano-contro-lincontro-di-smotrich-a-washington-video\/protests-smotrich-678x455\/\" rel=\"attachment wp-att-18436\"><img loading=\"lazy\" decoding=\"async\" aria-describedby=\"caption-attachment-18436\" class=\" wp-image-18436\" src=\"http:\/\/reteitalianaism.it\/reteism\/wp-content\/uploads\/2023\/03\/Protests-Smotrich-678x455-1-300x201.png\" alt=\"\" width=\"493\" height=\"330\" srcset=\"https:\/\/reteitalianaism.it\/reteism\/wp-content\/uploads\/2023\/03\/Protests-Smotrich-678x455-1-300x201.png 300w, https:\/\/reteitalianaism.it\/reteism\/wp-content\/uploads\/2023\/03\/Protests-Smotrich-678x455-1.png 678w\" sizes=\"auto, (max-width: 493px) 100vw, 493px\" \/><\/a><p id=\"caption-attachment-18436\" class=\"wp-caption-text\">Ebrei americani antisionisti protestano contro il ministro delle finanze israeliano Bezalel Smotrich al Grand Hyatt di Washington, D.C. (Foto: via Neturei Karta TW Page)<\/p><\/div>\n<p style=\"text-align: justify;\">Secondo il quotidiano israeliano Haaretz, i manifestanti si sono radunati davanti all&#8217;hotel Grand Hyatt, dove domenica sera Smotrich era presente per parlare a un gala della leadership di Israel Bonds.<\/p>\n<p style=\"text-align: justify;\">&#8220;Mentre i manifestanti israeliani hanno in gran parte concentrato i loro canti anti-Smotrich sulla sua retorica razzista e sul colpo di stato giudiziario in corso, molti degli oratori progressisti hanno parlato apertamente dei palestinesi e del loro trattamento sotto l&#8217;occupazione israeliana della Cisgiordania&#8221;, ha scritto Ben Samuels su Haaretz, commentando sulla protesta.<!--more--><\/p>\n<p style=\"text-align: justify;\">\nNegli ultimi giorni, un numero crescente di gruppi di difesa ha esortato gli Stati Uniti a negare a Smotrich l&#8217;ingresso nel paese dopo i suoi appelli a &#8220;spazzare via&#8221; il villaggio palestinese di Huwwara.<\/p>\n<blockquote class=\"twitter-tweet\" data-width=\"550\" data-dnt=\"true\">\n<p lang=\"en\" dir=\"ltr\">Breaking! Hundreds of Israeli &amp; American Jews protesting the Israeli Finance Minister Bezalel Smotrich as he is  speaking at Israel Bonds dinner in Washington DC. <br \/>The protesters includes wide range of political views united in opposition against Netanyahu\u2019s regime coup efforts. <a href=\"https:\/\/t.co\/MS4JHnZ8ko\">pic.twitter.com\/MS4JHnZ8ko<\/a><\/p>\n<p>&mdash; Gili Getz (@giligetz) <a href=\"https:\/\/twitter.com\/giligetz\/status\/1635046050447908864?ref_src=twsrc%5Etfw\">March 12, 2023<\/a><\/p><\/blockquote>\n<p><script async src=\"https:\/\/platform.twitter.com\/widgets.js\" charset=\"utf-8\"><\/script><\/p>\n<p style=\"text-align: justify;\">\u201cPenso che il villaggio di Huwwara debba essere spazzato via. Penso che lo stato di Israele dovrebbe farlo&#8221;, ha detto Smotrich durante una conferenza stampa la scorsa settimana.<\/p>\n<p style=\"text-align: justify;\">Il Dipartimento di Stato americano ha condannato i commenti di Smotrich, definendoli &#8220;ripugnanti&#8221; e &#8220;disgustosi&#8221;. Tuttavia, non \u00e8 riuscito a far seguire alla condanna l&#8217;azione.<\/p>\n<p style=\"text-align: justify;\">Il Middle East Monitor per\u00f2 riporta:<\/p>\n<p style=\"text-align: justify;\">&#8220;Gli Stati Uniti hanno annunciato che non parteciperanno a una conferenza a Washington DC per alti economisti perch\u00e9 sar\u00e0 presente il ministro delle finanze israeliano Bezalel Smotrich, leader del Partito sionista religioso. Anche se gli \u00e8 stato concesso un visto diplomatico dagli Stati Uniti, questo \u00e8 un chiaro messaggio che \u00e8 stato boicottato a causa delle sue recenti dichiarazioni razziste sui palestinesi e sul villaggio di Huwara.&#8221;<\/p>\n<p><iframe loading=\"lazy\" title=\"Benjamin Netanyahu Returns as PM of Israel: Here is the New Far-Right Government\" width=\"640\" height=\"360\" src=\"https:\/\/www.youtube.com\/embed\/WXOulPMnpWo?feature=oembed\" frameborder=\"0\" allow=\"accelerometer; autoplay; clipboard-write; encrypted-media; gyroscope; picture-in-picture; web-share\" referrerpolicy=\"strict-origin-when-cross-origin\" allowfullscreen><\/iframe><\/p>\n","protected":false},"excerpt":{"rendered":"<p>https:\/\/www.palestinechronicle.com\/ 13 marzo 2023\u00a0 Centinaia di attivisti di diversi gruppi di difesa palestinesi ed ebrei hanno manifestato domenica contro la visita del ministro delle finanze israeliano di estrema destra Bezalel Smotrich a Washington D.C., hanno riferito i media israeliani. Secondo &hellip; <a href=\"https:\/\/reteitalianaism.it\/reteism\/index.php\/2023\/03\/13\/palestinesi-e-gruppi-di-difesa-ebraica-protestano-contro-lincontro-di-smotrich-a-washington-video\/\">Continue reading <span class=\"meta-nav\">&rarr;<\/span><\/a><\/p>\n","protected":false},"author":2,"featured_media":0,"comment_status":"open","ping_status":"open","sticky":false,"template":"","format":"standard","meta":{"footnotes":""},"categories":[3],"tags":[466,99,487,155],"class_list":["post-18435","post","type-post","status-publish","format-standard","hentry","category-info","tag-huwwara","tag-netanyahu","tag-smotrich","tag-west-bank-occupata"],"_links":{"self":[{"href":"https:\/\/reteitalianaism.it\/reteism\/index.php\/wp-json\/wp\/v2\/posts\/18435","targetHints":{"allow":["GET"]}}],"collection":[{"href":"https:\/\/reteitalianaism.it\/reteism\/index.php\/wp-json\/wp\/v2\/posts"}],"about":[{"href":"https:\/\/reteitalianaism.it\/reteism\/index.php\/wp-json\/wp\/v2\/types\/post"}],"author":[{"embeddable":true,"href":"https:\/\/reteitalianaism.it\/reteism\/index.php\/wp-json\/wp\/v2\/users\/2"}],"replies":[{"embeddable":true,"href":"https:\/\/reteitalianaism.it\/reteism\/index.php\/wp-json\/wp\/v2\/comments?post=18435"}],"version-history":[{"count":2,"href":"https:\/\/reteitalianaism.it\/reteism\/index.php\/wp-json\/wp\/v2\/posts\/18435\/revisions"}],"predecessor-version":[{"id":18438,"href":"https:\/\/reteitalianaism.it\/reteism\/index.php\/wp-json\/wp\/v2\/posts\/18435\/revisions\/18438"}],"wp:attachment":[{"href":"https:\/\/reteitalianaism.it\/reteism\/index.php\/wp-json\/wp\/v2\/media?parent=18435"}],"wp:term":[{"taxonomy":"category","embeddable":true,"href":"https:\/\/reteitalianaism.it\/reteism\/index.php\/wp-json\/wp\/v2\/categories?post=18435"},{"taxonomy":"post_tag","embeddable":true,"href":"https:\/\/reteitalianaism.it\/reteism\/index.php\/wp-json\/wp\/v2\/tags?post=18435"}],"curies":[{"name":"wp","href":"https:\/\/api.w.org\/{rel}","templated":true}]}}