{"id":18484,"date":"2023-03-24T20:43:58","date_gmt":"2023-03-24T19:43:58","guid":{"rendered":"http:\/\/reteitalianaism.it\/reteism\/?p=18484"},"modified":"2023-03-24T20:44:08","modified_gmt":"2023-03-24T19:44:08","slug":"decine-di-migliaia-visitano-al-aqsa-a-gerusalemme-per-la-preghiera-del-primo-venerdi-del-ramadan","status":"publish","type":"post","link":"https:\/\/reteitalianaism.it\/reteism\/index.php\/2023\/03\/24\/decine-di-migliaia-visitano-al-aqsa-a-gerusalemme-per-la-preghiera-del-primo-venerdi-del-ramadan\/","title":{"rendered":"Decine di migliaia visitano Al-Aqsa a Gerusalemme  per la preghiera del primo venerd\u00ec del Ramadan"},"content":{"rendered":"<p>24 marzo 2023<\/p>\n<p><a href=\"https:\/\/www.middleeastmonitor.com\/20230324-tens-of-thousands-visit-jerusalem-al-aqsa-for-first-friday-prayers-of-ramadan\/\">https:\/\/www.middleeastmonitor.com\/20230324-tens-of-thousands-visit-jerusalem-al-aqsa-for-first-friday-prayers-of-ramadan\/<\/a><\/p>\n<p><div id=\"attachment_18485\" style=\"width: 456px\" class=\"wp-caption aligncenter\"><a href=\"http:\/\/reteitalianaism.it\/reteism\/wp-content\/uploads\/2023\/03\/AA-20230324-30667350-30667345-FIRST_FRIDAY_PRAYER_OF_RAMADAN_IN_JERUSALEM-scaled-e1679685874736.jpg\"><img loading=\"lazy\" decoding=\"async\" aria-describedby=\"caption-attachment-18485\" class=\" wp-image-18485\" src=\"http:\/\/reteitalianaism.it\/reteism\/wp-content\/uploads\/2023\/03\/AA-20230324-30667350-30667345-FIRST_FRIDAY_PRAYER_OF_RAMADAN_IN_JERUSALEM-scaled-e1679685874736-300x200.jpg\" alt=\"\" width=\"446\" height=\"297\" srcset=\"https:\/\/reteitalianaism.it\/reteism\/wp-content\/uploads\/2023\/03\/AA-20230324-30667350-30667345-FIRST_FRIDAY_PRAYER_OF_RAMADAN_IN_JERUSALEM-scaled-e1679685874736-300x200.jpg 300w, https:\/\/reteitalianaism.it\/reteism\/wp-content\/uploads\/2023\/03\/AA-20230324-30667350-30667345-FIRST_FRIDAY_PRAYER_OF_RAMADAN_IN_JERUSALEM-scaled-e1679685874736-1024x683.jpg 1024w, https:\/\/reteitalianaism.it\/reteism\/wp-content\/uploads\/2023\/03\/AA-20230324-30667350-30667345-FIRST_FRIDAY_PRAYER_OF_RAMADAN_IN_JERUSALEM-scaled-e1679685874736-768x512.jpg 768w, https:\/\/reteitalianaism.it\/reteism\/wp-content\/uploads\/2023\/03\/AA-20230324-30667350-30667345-FIRST_FRIDAY_PRAYER_OF_RAMADAN_IN_JERUSALEM-scaled-e1679685874736.jpg 1200w\" sizes=\"auto, (max-width: 446px) 100vw, 446px\" \/><\/a><p id=\"caption-attachment-18485\" class=\"wp-caption-text\">I musulmani celebrano la prima preghiera del venerd\u00ec nel mese sacro del Ramadan alla moschea di Al-Aqsa a Gerusalemme il 24 marzo 2023 [Mostafa Alkharouf\/Anadolu Agency]<\/p><\/div>Decine di migliaia di fedeli musulmani sono accorsi alla moschea di Al-Aqsa di Gerusalemme il primo venerd\u00ec del Ramadan per la preghiera di mezzogiorno, che si \u00e8 svolta pacificamente in mezzo a una stretta sicurezza imposta dopo mesi di crescenti tensioni e violenze, riferisce Reuters.<\/p>\n<p>&#8220;Non posso descrivervi quanto sono felice di pregare alla moschea di Al-Aqsa. Ho 50 anni e solo di recente hanno rimosso il divieto di sicurezza che mi impediva di venire qui&#8221;, ha detto Nasser Abu Saleh, un residente di Hebron, citt\u00e0 della Cisgiordania.<!--more--><\/p>\n<p>Il complesso della moschea, un luogo sacro sia per i musulmani che per gli ebrei, che lo conoscono come il Monte del Tempio, ha una lunga storia di scontri, inclusi incidenti nel 2021 che hanno contribuito a scatenare una guerra di 10 giorni tra Israele e il movimento di resistenza al potere di Gaza, Hamas.<\/p>\n<p>I fedeli si sono riversati nella moschea, situata nella Citt\u00e0 Vecchia fortificata di Gerusalemme, il giorno dopo che Israele ha annunciato luned\u00ec che avrebbe permesso agli uomini palestinesi di et\u00e0 superiore ai 55 anni, alle donne di tutte le et\u00e0 e ai bambini sotto i 12 anni di viaggiare dalla Cisgiordania occupata per entrare a Gerusalemme senza permessi militari rilasciati.<\/p>\n<p>I musulmani Waqf, custodi che gestiscono il sito che ospita la moschea di Al-Aqsa, hanno detto che circa 100.000 persone hanno visitato la moschea per le prime preghiere del venerd\u00ec del Ramadan.<\/p>\n<p>Alle preghiere di mezzogiorno, i fedeli in piedi spalla a spalla hanno riempito il complesso, che ospita anche la cupola dorata della roccia dove si dice che il profeta Maometto sia asceso al cielo.<\/p>\n<p>Il maggiore generale, Ghassan Aliyan del COGAT, un&#8217;unit\u00e0 del ministero della Difesa israeliano che coordina le questioni civili con i palestinesi in Cisgiordania e Gaza, ha affermato che le autorit\u00e0 israeliane stanno facendo tutto il possibile per prevenire qualsiasi problema.<\/p>\n<p>&#8220;Tutte le parti sono interessate a vedere il mese del Ramadan passare pacificamente in ogni modo&#8221;, ha detto.<\/p>\n<p>Domenica, funzionari israeliani e palestinesi si sono impegnati a ridurre la violenza, in un incontro nella localit\u00e0 egiziana di Sharm El-Sheikh.<\/p>\n<p>La Cisgiordania ha visto un&#8217;ondata di scontri negli ultimi mesi, con incursioni militari israeliane quasi quotidiane e un&#8217;escalation di violenza da parte dei coloni ebrei, in mezzo a una serie di attacchi da parte dei palestinesi.<\/p>\n<p>Le forze di sicurezza israeliane sono state in massima allerta e la polizia ha dichiarato di aver dispiegato migliaia di agenti in tutta Gerusalemme venerd\u00ec.<\/p>\n<p>Durante il Ramadan, che in Israele e nei Territori Palestinesi inizia gioved\u00ec e dura un mese, i musulmani si astengono dal mangiare e dal bere durante le ore diurne.<\/p>\n<p>Quest&#8217;anno coincide in parte con la Pasqua ebraica e la Pasqua cristiana, sollevando preoccupazioni per il ripetersi di violenti scontri tra polizia israeliana e palestinesi visti negli anni precedenti.<\/p>\n<p>Negli ultimi anni, i governi palestinesi e arabi hanno sottolineato la necessit\u00e0 di mantenere uno status quo vecchio di decenni che vieti il culto non musulmano nel complesso della moschea di Al-Aqsa, a seguito delle accuse secondo cui Israele avrebbe permesso agli ebrei di pregare nel sito. Israele dice che non c&#8217;\u00e8 stato alcun cambiamento nello status quo.<\/p>\n<p>Israele ha conquistato Gerusalemme Est, dove si trova la Citt\u00e0 Vecchia, in una guerra del 1967 e successivamente l&#8217;ha annessa con una mossa non riconosciuta a livello internazionale. I palestinesi vogliono Gerusalemme Est come capitale di un futuro Stato palestinese.<\/p>\n","protected":false},"excerpt":{"rendered":"<p>24 marzo 2023 https:\/\/www.middleeastmonitor.com\/20230324-tens-of-thousands-visit-jerusalem-al-aqsa-for-first-friday-prayers-of-ramadan\/ Decine di migliaia di fedeli musulmani sono accorsi alla moschea di Al-Aqsa di Gerusalemme il primo venerd\u00ec del Ramadan per la preghiera di mezzogiorno, che si \u00e8 svolta pacificamente in mezzo a una stretta sicurezza imposta &hellip; <a href=\"https:\/\/reteitalianaism.it\/reteism\/index.php\/2023\/03\/24\/decine-di-migliaia-visitano-al-aqsa-a-gerusalemme-per-la-preghiera-del-primo-venerdi-del-ramadan\/\">Continue reading <span class=\"meta-nav\">&rarr;<\/span><\/a><\/p>\n","protected":false},"author":6,"featured_media":0,"comment_status":"open","ping_status":"open","sticky":false,"template":"","format":"standard","meta":{"footnotes":""},"categories":[3],"tags":[80,9,26,196,37],"class_list":["post-18484","post","type-post","status-publish","format-standard","hentry","category-info","tag-al-aqsa","tag-apartheid","tag-gerusalemme","tag-gerusalemme-occupata","tag-occupazione"],"_links":{"self":[{"href":"https:\/\/reteitalianaism.it\/reteism\/index.php\/wp-json\/wp\/v2\/posts\/18484","targetHints":{"allow":["GET"]}}],"collection":[{"href":"https:\/\/reteitalianaism.it\/reteism\/index.php\/wp-json\/wp\/v2\/posts"}],"about":[{"href":"https:\/\/reteitalianaism.it\/reteism\/index.php\/wp-json\/wp\/v2\/types\/post"}],"author":[{"embeddable":true,"href":"https:\/\/reteitalianaism.it\/reteism\/index.php\/wp-json\/wp\/v2\/users\/6"}],"replies":[{"embeddable":true,"href":"https:\/\/reteitalianaism.it\/reteism\/index.php\/wp-json\/wp\/v2\/comments?post=18484"}],"version-history":[{"count":1,"href":"https:\/\/reteitalianaism.it\/reteism\/index.php\/wp-json\/wp\/v2\/posts\/18484\/revisions"}],"predecessor-version":[{"id":18486,"href":"https:\/\/reteitalianaism.it\/reteism\/index.php\/wp-json\/wp\/v2\/posts\/18484\/revisions\/18486"}],"wp:attachment":[{"href":"https:\/\/reteitalianaism.it\/reteism\/index.php\/wp-json\/wp\/v2\/media?parent=18484"}],"wp:term":[{"taxonomy":"category","embeddable":true,"href":"https:\/\/reteitalianaism.it\/reteism\/index.php\/wp-json\/wp\/v2\/categories?post=18484"},{"taxonomy":"post_tag","embeddable":true,"href":"https:\/\/reteitalianaism.it\/reteism\/index.php\/wp-json\/wp\/v2\/tags?post=18484"}],"curies":[{"name":"wp","href":"https:\/\/api.w.org\/{rel}","templated":true}]}}