{"id":18582,"date":"2023-04-16T18:34:40","date_gmt":"2023-04-16T16:34:40","guid":{"rendered":"http:\/\/reteitalianaism.it\/reteism\/?p=18582"},"modified":"2023-04-16T18:35:16","modified_gmt":"2023-04-16T16:35:16","slug":"questanno-le-nazioni-unite-commemoreranno-il-giorno-della-nakba-per-la-prima-volta","status":"publish","type":"post","link":"https:\/\/reteitalianaism.it\/reteism\/index.php\/2023\/04\/16\/questanno-le-nazioni-unite-commemoreranno-il-giorno-della-nakba-per-la-prima-volta\/","title":{"rendered":"Quest&#8217;anno le Nazioni Unite commemoreranno il giorno della Nakba per la prima volta"},"content":{"rendered":"<p>16 aprile 2023<\/p>\n<p><a href=\"https:\/\/www.middleeastmonitor.com\/20230416-un-to-commemorate-nakba-day-for-1st-time-this-year\/\">https:\/\/www.middleeastmonitor.com<\/a><\/p>\n<p><div id=\"attachment_18583\" style=\"width: 486px\" class=\"wp-caption aligncenter\"><a href=\"http:\/\/reteitalianaism.it\/reteism\/wp-content\/uploads\/2023\/04\/20210516_2_48303179_65202713.jpg\"><img loading=\"lazy\" decoding=\"async\" aria-describedby=\"caption-attachment-18583\" class=\" wp-image-18583\" src=\"http:\/\/reteitalianaism.it\/reteism\/wp-content\/uploads\/2023\/04\/20210516_2_48303179_65202713-300x200.jpg\" alt=\"\" width=\"476\" height=\"317\" srcset=\"https:\/\/reteitalianaism.it\/reteism\/wp-content\/uploads\/2023\/04\/20210516_2_48303179_65202713-300x200.jpg 300w, https:\/\/reteitalianaism.it\/reteism\/wp-content\/uploads\/2023\/04\/20210516_2_48303179_65202713-1024x683.jpg 1024w, https:\/\/reteitalianaism.it\/reteism\/wp-content\/uploads\/2023\/04\/20210516_2_48303179_65202713-768x512.jpg 768w, https:\/\/reteitalianaism.it\/reteism\/wp-content\/uploads\/2023\/04\/20210516_2_48303179_65202713.jpg 1200w\" sizes=\"auto, (max-width: 476px) 100vw, 476px\" \/><\/a><p id=\"caption-attachment-18583\" class=\"wp-caption-text\">Manifestazione a sostegno dei palestinesi e per protestare contro gli attacchi israeliani alla Striscia di Gaza e a Gerusalemme est nel 73esimo giorno della Nakba a Nathan Phillips Square a Toronto, in Canada, il 15 maggio 2021. [Seyit Aydo\u011fan &#8211; Agenzia Anadolu]<\/p><\/div>Le Nazioni Unite commemoreranno il giorno della Nakba, che segna la creazione dello stato di Israele nella Palestina storica, per la prima volta nel 2023, secondo quanto riferito dai media sabato, riferisce Anadolu.<\/p>\n<p>&#8220;Commemorare la Nakba deve essere in cima alle nostre priorit\u00e0 per preservare la nostra narrativa, cui dobbiamo aderire e trasmettere al mondo intero&#8221;, ha citato l&#8217;agenzia di stampa palestinese WAFA citando il presidente palestinese Mahmoud Abbas.<\/p>\n<p>Abbas ha esortato tutti i palestinesi a commemorare la tragedia palestinese del 1948 &#8220;per affrontare tutte le bugie e le false narrazioni che tentano di distorcere la storia e i fatti&#8221;.<!--more--><\/p>\n<p>La Giornata della Nakba \u00e8 celebrata ogni anno dai palestinesi il 15 maggio per ricordare l&#8217;espulsione di centinaia di migliaia di palestinesi dalle loro case e aree nel 1948 dopo la fondazione di Israele.<\/p>\n<p>&#8220;Ci\u00f2 che i palestinesi di tutto il mondo sono tenuti a fare \u00e8 commemorare questa tragedia, perch\u00e9 \u00e8 la prima volta che la comunit\u00e0 globale non nega la Nakba&#8221;, ha detto Abbas.<\/p>\n<p>&#8220;In questi giorni benedetti, chiediamo a tutto il nostro popolo di stare insieme per affrontare le sfide che la nostra causa, la nostra terra e le nostre santit\u00e0 devono affrontare, e di focalizzare la nostra bussola per affrontare l&#8217;occupazione e liberarsene&#8221;, ha aggiunto.<\/p>\n","protected":false},"excerpt":{"rendered":"<p>16 aprile 2023 https:\/\/www.middleeastmonitor.com Le Nazioni Unite commemoreranno il giorno della Nakba, che segna la creazione dello stato di Israele nella Palestina storica, per la prima volta nel 2023, secondo quanto riferito dai media sabato, riferisce Anadolu. &#8220;Commemorare la Nakba &hellip; <a href=\"https:\/\/reteitalianaism.it\/reteism\/index.php\/2023\/04\/16\/questanno-le-nazioni-unite-commemoreranno-il-giorno-della-nakba-per-la-prima-volta\/\">Continue reading <span class=\"meta-nav\">&rarr;<\/span><\/a><\/p>\n","protected":false},"author":6,"featured_media":0,"comment_status":"open","ping_status":"open","sticky":false,"template":"","format":"standard","meta":{"footnotes":""},"categories":[3],"tags":[9,35,299],"class_list":["post-18582","post","type-post","status-publish","format-standard","hentry","category-info","tag-apartheid","tag-nakba","tag-solidarieta"],"_links":{"self":[{"href":"https:\/\/reteitalianaism.it\/reteism\/index.php\/wp-json\/wp\/v2\/posts\/18582","targetHints":{"allow":["GET"]}}],"collection":[{"href":"https:\/\/reteitalianaism.it\/reteism\/index.php\/wp-json\/wp\/v2\/posts"}],"about":[{"href":"https:\/\/reteitalianaism.it\/reteism\/index.php\/wp-json\/wp\/v2\/types\/post"}],"author":[{"embeddable":true,"href":"https:\/\/reteitalianaism.it\/reteism\/index.php\/wp-json\/wp\/v2\/users\/6"}],"replies":[{"embeddable":true,"href":"https:\/\/reteitalianaism.it\/reteism\/index.php\/wp-json\/wp\/v2\/comments?post=18582"}],"version-history":[{"count":1,"href":"https:\/\/reteitalianaism.it\/reteism\/index.php\/wp-json\/wp\/v2\/posts\/18582\/revisions"}],"predecessor-version":[{"id":18584,"href":"https:\/\/reteitalianaism.it\/reteism\/index.php\/wp-json\/wp\/v2\/posts\/18582\/revisions\/18584"}],"wp:attachment":[{"href":"https:\/\/reteitalianaism.it\/reteism\/index.php\/wp-json\/wp\/v2\/media?parent=18582"}],"wp:term":[{"taxonomy":"category","embeddable":true,"href":"https:\/\/reteitalianaism.it\/reteism\/index.php\/wp-json\/wp\/v2\/categories?post=18582"},{"taxonomy":"post_tag","embeddable":true,"href":"https:\/\/reteitalianaism.it\/reteism\/index.php\/wp-json\/wp\/v2\/tags?post=18582"}],"curies":[{"name":"wp","href":"https:\/\/api.w.org\/{rel}","templated":true}]}}