{"id":18590,"date":"2023-04-18T20:57:27","date_gmt":"2023-04-18T18:57:27","guid":{"rendered":"http:\/\/reteitalianaism.it\/reteism\/?p=18590"},"modified":"2023-04-18T20:59:11","modified_gmt":"2023-04-18T18:59:11","slug":"otto-palestinesi-feriti-durante-un-raid-militare-israeliano-nel-campo-di-jenin","status":"publish","type":"post","link":"https:\/\/reteitalianaism.it\/reteism\/index.php\/2023\/04\/18\/otto-palestinesi-feriti-durante-un-raid-militare-israeliano-nel-campo-di-jenin\/","title":{"rendered":"Otto palestinesi feriti durante un raid militare israeliano nel campo di Jenin"},"content":{"rendered":"<p>18 aprile 2023<\/p>\n<p><a href=\"https:\/\/www.palestinechronicle.com\/eight-palestinians-injured-during-israeli-military-raid-in-jenin-camp\/\">https:\/\/www.palestinechronicle.com\/eight-palestinians-injured-during-israeli-military-raid-in-jenin-camp\/<\/a><\/p>\n<p><a href=\"http:\/\/reteitalianaism.it\/reteism\/wp-content\/uploads\/2023\/04\/Jenin-raid-678x455-2.png\"><img loading=\"lazy\" decoding=\"async\" class=\"wp-image-18595 aligncenter\" src=\"http:\/\/reteitalianaism.it\/reteism\/wp-content\/uploads\/2023\/04\/Jenin-raid-678x455-2-300x201.png\" alt=\"\" width=\"440\" height=\"295\" srcset=\"https:\/\/reteitalianaism.it\/reteism\/wp-content\/uploads\/2023\/04\/Jenin-raid-678x455-2-300x201.png 300w, https:\/\/reteitalianaism.it\/reteism\/wp-content\/uploads\/2023\/04\/Jenin-raid-678x455-2.png 678w\" sizes=\"auto, (max-width: 440px) 100vw, 440px\" \/><\/a><\/p>\n<p>Otto palestinesi sono rimasti feriti marted\u00ec durante un raid militare israeliano nel campo profughi di Jenin, nella Cisgiordania occupata, secondo quanto riportato dall&#8217;agenzia di stampa ufficiale palestinese WAFA.<\/p>\n<p>Secondo il Ministero della Sanit\u00e0 palestinese, otto palestinesi sono stati trasferiti in ospedale dopo essere stati colpiti da colpi di arma da fuoco da soldati israeliani e forze speciali sotto copertura.<!--more--><\/p>\n<p>Il corrispondente della WAFA ha detto che tra le vittime c&#8217;\u00e8 una donna palestinese di 68 anni, che \u00e8 stata colpita a una mano. Ha aggiunto che un paramedico \u00e8 stato ferito da schegge.<\/p>\n<p>&nbsp;<\/p>\n<div id=\"attachment_18592\" style=\"width: 323px\" class=\"wp-caption aligncenter\"><a href=\"http:\/\/reteitalianaism.it\/reteism\/wp-content\/uploads\/2023\/04\/Screen-Shot-2023-04-18-at-20.55.16.png\"><img loading=\"lazy\" decoding=\"async\" aria-describedby=\"caption-attachment-18592\" class=\" wp-image-18592\" src=\"http:\/\/reteitalianaism.it\/reteism\/wp-content\/uploads\/2023\/04\/Screen-Shot-2023-04-18-at-20.55.16-214x300.png\" alt=\"\" width=\"313\" height=\"439\" srcset=\"https:\/\/reteitalianaism.it\/reteism\/wp-content\/uploads\/2023\/04\/Screen-Shot-2023-04-18-at-20.55.16-214x300.png 214w, https:\/\/reteitalianaism.it\/reteism\/wp-content\/uploads\/2023\/04\/Screen-Shot-2023-04-18-at-20.55.16.png 519w\" sizes=\"auto, (max-width: 313px) 100vw, 313px\" \/><\/a><p id=\"caption-attachment-18592\" class=\"wp-caption-text\">Link al <a href=\"https:\/\/twitter.com\/explore?ref_src=twsrc%5Etfw%7Ctwcamp%5Etweetembed%7Ctwterm%5E1648317298141167619%7Ctwgr%5E0e1564a8ed38b15cbe97054d707f1c4d6431e33d%7Ctwcon%5Es1_&amp;ref_url=https%3A%2F%2Fwww.palestinechronicle.com%2Feight-palestinians-injured-during-israeli-military-raid-in-jenin-camp%2F\">post su Twitter<\/a><\/p><\/div>\n<p>Intensi scontri sono scoppiati tra le forze israeliane e i palestinesi durante un raid nel campo.<\/p>\n<p>Le forze di occupazione sono state accompagnate da bulldozer militari mentre forze speciali sotto copertura si arrampicavano sui tetti delle case.<\/p>\n<p>Le forze israeliane hanno impedito al personale della Mezzaluna Rossa di entrare nel campo per aiutare le vittime e hanno persino aperto il fuoco contro l&#8217;ambulanza.<\/p>\n<p>Il corrispondente della WAFA ha aggiunto che i soldati israeliani hanno circondato una casa nel campo.<\/p>\n<p>(WAFA, PC)<\/p>\n","protected":false},"excerpt":{"rendered":"<p>18 aprile 2023 https:\/\/www.palestinechronicle.com\/eight-palestinians-injured-during-israeli-military-raid-in-jenin-camp\/ Otto palestinesi sono rimasti feriti marted\u00ec durante un raid militare israeliano nel campo profughi di Jenin, nella Cisgiordania occupata, secondo quanto riportato dall&#8217;agenzia di stampa ufficiale palestinese WAFA. Secondo il Ministero della Sanit\u00e0 palestinese, otto palestinesi &hellip; <a href=\"https:\/\/reteitalianaism.it\/reteism\/index.php\/2023\/04\/18\/otto-palestinesi-feriti-durante-un-raid-militare-israeliano-nel-campo-di-jenin\/\">Continue reading <span class=\"meta-nav\">&rarr;<\/span><\/a><\/p>\n","protected":false},"author":6,"featured_media":0,"comment_status":"open","ping_status":"open","sticky":false,"template":"","format":"standard","meta":{"footnotes":""},"categories":[3],"tags":[9,69,37,493],"class_list":["post-18590","post","type-post","status-publish","format-standard","hentry","category-info","tag-apartheid","tag-jenin","tag-occupazione","tag-raid"],"_links":{"self":[{"href":"https:\/\/reteitalianaism.it\/reteism\/index.php\/wp-json\/wp\/v2\/posts\/18590","targetHints":{"allow":["GET"]}}],"collection":[{"href":"https:\/\/reteitalianaism.it\/reteism\/index.php\/wp-json\/wp\/v2\/posts"}],"about":[{"href":"https:\/\/reteitalianaism.it\/reteism\/index.php\/wp-json\/wp\/v2\/types\/post"}],"author":[{"embeddable":true,"href":"https:\/\/reteitalianaism.it\/reteism\/index.php\/wp-json\/wp\/v2\/users\/6"}],"replies":[{"embeddable":true,"href":"https:\/\/reteitalianaism.it\/reteism\/index.php\/wp-json\/wp\/v2\/comments?post=18590"}],"version-history":[{"count":2,"href":"https:\/\/reteitalianaism.it\/reteism\/index.php\/wp-json\/wp\/v2\/posts\/18590\/revisions"}],"predecessor-version":[{"id":18596,"href":"https:\/\/reteitalianaism.it\/reteism\/index.php\/wp-json\/wp\/v2\/posts\/18590\/revisions\/18596"}],"wp:attachment":[{"href":"https:\/\/reteitalianaism.it\/reteism\/index.php\/wp-json\/wp\/v2\/media?parent=18590"}],"wp:term":[{"taxonomy":"category","embeddable":true,"href":"https:\/\/reteitalianaism.it\/reteism\/index.php\/wp-json\/wp\/v2\/categories?post=18590"},{"taxonomy":"post_tag","embeddable":true,"href":"https:\/\/reteitalianaism.it\/reteism\/index.php\/wp-json\/wp\/v2\/tags?post=18590"}],"curies":[{"name":"wp","href":"https:\/\/api.w.org\/{rel}","templated":true}]}}